{"id":1156868,"date":"2026-07-10T14:35:23","date_gmt":"2026-07-10T14:35:23","guid":{"rendered":"https:\/\/www.europesays.com\/de\/1156868\/"},"modified":"2026-07-10T14:35:23","modified_gmt":"2026-07-10T14:35:23","slug":"csd-in-sachsen-veranstaltungen-in-leipzig-pirna-und-geithain-setzen-zeichen-fuer-vielfalt","status":"publish","type":"post","link":"https:\/\/www.europesays.com\/de\/1156868\/","title":{"rendered":"CSD in Sachsen: Veranstaltungen in Leipzig, Pirna und Geithain setzen Zeichen f\u00fcr Vielfalt"},"content":{"rendered":"<p>        <img decoding=\"async\" src=\"https:\/\/www.europesays.com\/de\/wp-content\/uploads\/2026\/07\/csd-pirna-124.webp\" alt=\"Regenbogenfahnen an einer B\u00fchne und an einem Kirchturm\" title=\"Regenbogenfahnen an einer B\u00fchne und an einem Kirchturm | MDR\/Philipp Brendel \" class=\"responsive\"\/><\/p>\n<p>AUDIO: CSD in verschiedenen St\u00e4dten am Wochenende in Sachsen (2 Min)<\/p>\n<p class=\"topline\">Wochenende<\/p>\n<p class=\"author\">von MDR SACHSEN<\/p>\n<p>\n                Stand: 10.07.2026 16:22 Uhr<\/p>\n<p class=\"\">Mit Veranstaltungen in Leipzig, Pirna und Geithain machen Tausende Menschen am Wochenende in Sachsen auf Vielfalt, Akzeptanz und die Rechte queerer Menschen aufmerksam. In Leipzig hat die Christopher-Street-Day-Woche am Freitagnachmittag mit dem Hissen der sogenannten Pride Flag vor dem Neuen Rathaus begonnen. Das teilte die Stadt Leipzig mit.<\/p>\n<p>    CSD-Woche in Leipzig gestartet<\/p>\n<p class=\"\">Laut Stadt Leipzig sind insgesamt 54 Veranstaltungen geplant, darunter Gespr\u00e4che, Kulturangebote und ein \u00f6kumenisches Friedensgebet. Zudem bereiten die Stadt, das Orga-Team des CSD Leipzig und die Polizei nach eigenen Angaben eine Kampagne gegen Gewalt an queeren Menschen vor. Die Veranstaltungswoche steht <a href=\"https:\/\/www.mdr.de\/nachrichten\/sachsen\/leipzig\/leipzig-leipzig-land\/botschafter-menschenrechte-demo-christopher-stree-day-,hape-kerkeling-csd-100.html\" title=\"Hape Kerkeling unterst\u00fctzt CSD Leipzig\" rel=\"nofollow noopener\" target=\"_blank\">unter dem Motto: &#8222;Keine Ruhe, kein Zur\u00fcck \u2013 Queere Rechte St\u00fcck f\u00fcr St\u00fcck!&#8220;<\/a>. H\u00f6hepunkt wird die Demo am 18. Juli mit Kundgebung auf dem Augustusplatz und anschlie\u00dfendem Stra\u00dfenfest sein. Im vergangenen Jahr waren nach Veranstalterangaben etwa 19.000 Menschen in der Innenstadt vor Ort.<\/p>\n<p>        <img decoding=\"async\" src=\"https:\/\/www.europesays.com\/de\/wp-content\/uploads\/2026\/07\/hape-kerkeling-mdr-104.webp\" alt=\"Hape Kerkeling\" title=\"Hape Kerkeling | picture alliance\/dpa | Britta Pedersen\" class=\"responsive\" loading=\"lazy\"\/><\/p>\n<p>    Pirna: CSD in der S\u00e4chsischen Schweiz<\/p>\n<p class=\"\">In <a href=\"https:\/\/www.mdr.de\/nachrichten\/sachsen\/dresden\/freital-pirna\/hitze-wetter-befragung-blog-ausgehen,dein-ort-deine-themen-100.html\" title=\"Liveblog: MDR SACHSEN in Pirna - trotz Hitze viel Zeit f\u00fcr Gespr\u00e4che \" rel=\"nofollow noopener\" target=\"_blank\">Pirna gehen am Wochenende<\/a> bei der 15. Ausgabe des CSD Menschen auf die Stra\u00dfe. Der CSD steht unter dem Motto &#8222;Laut f\u00fcr Alle, die leise sein m\u00fcssen&#8220;. Die Polizei erwartet nach eigenen Angaben einen ruhigen Verlauf der Veranstaltung. &#8222;In den beiden vergangenen Jahren verlief der CSD weitgehend st\u00f6rungsfrei&#8220;, sagte ein Polizeisprecher der Deutschen Presse-Agentur. Es seien ausreichend Einsatzkr\u00e4fte vor Ort, um die Veranstaltung abzusichern. Es l\u00e4gen derzeit keine Hinweise auf gezielte St\u00f6rungen vor.<\/p>\n<p>\n            <strong>Video:<\/strong><br \/>\n            Regenbogenflagge in der Provinz zeigen &#8211; CSD in Pirna wird wieder laut bunt (3 Min)\n        <\/p>\n<p>    Landkreis-CSD macht Station in Geithain<\/p>\n<p class=\"\">Am Sonntag findet <a href=\"https:\/\/www.mdr.de\/nachrichten\/sachsen\/leipzig\/borna-geithain\/kandidaten-raetsch-entscheidung-,ob-wahl-ergebnis-100.html\" title=\"Geithain: Andreas R\u00e4tsch ist neuer Oberb\u00fcrgermeister\" rel=\"nofollow noopener\" target=\"_blank\">in Geithain<\/a> erstmals ein CSD statt. Auf dem Platz gegen\u00fcber dem Bahnhof werden rund 300 Besucherinnen und Besucher zu einem Begegnungsfest erwartet. Wie die Veranstalter MDR SACHSEN sagten, sind Musik, Redebeitr\u00e4ge sowie Informationsst\u00e4nde von Vereinen und Initiativen aus der Region geplant. Einen Demonstrationszug werde es nicht geben. Konkrete Gegenproteste sind nach Angaben der Veranstalter bislang nicht bekannt. Der CSD im Landkreis Leipzig wechselt j\u00e4hrlich den Veranstaltungsort und war zuletzt in Wurzen und Borna zu Gast.<\/p>\n<p>Der Christopher Street Day erinnert an die Ereignisse in der New Yorker Christopher Street 1969 und setzt sich f\u00fcr Sichtbarkeit, Gleichberechtigung und gesellschaftliche Teilhabe queerer Menschen ein.<\/p>\n<p>        <img decoding=\"async\" src=\"https:\/\/www.europesays.com\/de\/wp-content\/uploads\/2026\/06\/csd-dresden-parade-100.webp\" alt=\"Parade beim Christopher Street Day in Dresden\" title=\"Parade beim Christopher Street Day in Dresden | mdr\" class=\"responsive\" loading=\"lazy\"\/><\/p>\n<p>        <img decoding=\"async\" src=\"https:\/\/www.europesays.com\/de\/wp-content\/uploads\/2026\/07\/queer-138.webp\" alt=\"eine Grafik, zu sehen ist ein Herz in den Farben des Regenbogens: ein Symbol der queeren Kultur\" title=\"eine Grafik, zu sehen ist ein Herz in den Farben des Regenbogens: ein Symbol der queeren Kultur | IMAGO\/Depositphotos\" class=\"responsive\" loading=\"lazy\"\/><\/p>\n<p class=\"\">MDR (sme\/agr\/kgr)\/dpa<\/p>\n","protected":false},"excerpt":{"rendered":"AUDIO: CSD in verschiedenen St\u00e4dten am Wochenende in Sachsen (2 Min) Wochenende von MDR SACHSEN Stand: 10.07.2026 16:22&hellip;\n","protected":false},"author":2,"featured_media":1156869,"comment_status":"","ping_status":"","sticky":false,"template":"","format":"standard","meta":{"footnotes":"","_share_on_mastodon":"0"},"categories":[1832],"tags":[186,30485,242715,242714,242713,66492,3364,29,30,71,183517,14,16,242716,859,61],"class_list":["post-1156868","post","type-post","status-publish","format-standard","has-post-thumbnail","category-leipzig","tag-afd","tag-christopher-street-day","tag-csd-geithain","tag-csd-pirna","tag-csd-sachsen","tag-csd-leipzig","tag-de","tag-deutschland","tag-germany","tag-leipzig","tag-lochner","tag-nachrichten","tag-politik","tag-queere-rechte","tag-sachsen","tag-vielfalt"],"share_on_mastodon":{"url":"https:\/\/pubeurope.com\/@de\/116896186841940192","error":""},"_links":{"self":[{"href":"https:\/\/www.europesays.com\/de\/wp-json\/wp\/v2\/posts\/1156868","targetHints":{"allow":["GET"]}}],"collection":[{"href":"https:\/\/www.europesays.com\/de\/wp-json\/wp\/v2\/posts"}],"about":[{"href":"https:\/\/www.europesays.com\/de\/wp-json\/wp\/v2\/types\/post"}],"author":[{"embeddable":true,"href":"https:\/\/www.europesays.com\/de\/wp-json\/wp\/v2\/users\/2"}],"replies":[{"embeddable":true,"href":"https:\/\/www.europesays.com\/de\/wp-json\/wp\/v2\/comments?post=1156868"}],"version-history":[{"count":0,"href":"https:\/\/www.europesays.com\/de\/wp-json\/wp\/v2\/posts\/1156868\/revisions"}],"wp:featuredmedia":[{"embeddable":true,"href":"https:\/\/www.europesays.com\/de\/wp-json\/wp\/v2\/media\/1156869"}],"wp:attachment":[{"href":"https:\/\/www.europesays.com\/de\/wp-json\/wp\/v2\/media?parent=1156868"}],"wp:term":[{"taxonomy":"category","embeddable":true,"href":"https:\/\/www.europesays.com\/de\/wp-json\/wp\/v2\/categories?post=1156868"},{"taxonomy":"post_tag","embeddable":true,"href":"https:\/\/www.europesays.com\/de\/wp-json\/wp\/v2\/tags?post=1156868"}],"curies":[{"name":"wp","href":"https:\/\/api.w.org\/{rel}","templated":true}]}}