{"id":1156874,"date":"2026-07-10T14:38:21","date_gmt":"2026-07-10T14:38:21","guid":{"rendered":"https:\/\/www.europesays.com\/de\/1156874\/"},"modified":"2026-07-10T14:38:21","modified_gmt":"2026-07-10T14:38:21","slug":"duesseldorf-stadt-lehnt-weiteren-live-stream-fuer-bezirksvertretung-ab","status":"publish","type":"post","link":"https:\/\/www.europesays.com\/de\/1156874\/","title":{"rendered":"D\u00fcsseldorf: Stadt lehnt weiteren Live-Stream f\u00fcr Bezirksvertretung ab"},"content":{"rendered":"<p class=\"text_ohne_einzug richtext text-em-55 !leading-serif mx-6 desktop:mx-0\"> Die Bezirksvertretung 6 (Rath, Unterrath, M\u00f6rsenbroich und Lichtenbroich) hat im April die Verwaltung einstimmig gebeten, zu pr\u00fcfen, ob und unter welchen technischen, personellen und finanziellen Voraussetzungen der \u00f6ffentliche Teil ihrer Sitzungen per Livestream \u00fcbertragen werden kann. Das wird bereits in den Bezirksvertretungen 1 und 5 so gehandhabt und erm\u00f6glicht den B\u00fcrgern und B\u00fcrgerinnen, unkompliziert und niederschwellig die Sitzungen und Entscheidungen der Bezirksvertretung zu verfolgen und sich \u00fcber die kommunalpolitische Arbeit im Stadtbezirk zu informieren.<\/p>\n<p class=\"richtext text-em-55 !leading-serif mx-6 desktop:mx-0\">Wie die Verwaltung nun mitteilt, wird gleich aus mehreren Gr\u00fcnden diesem Wunsch im Stadtbezirk 6 aber nicht entsprochen. \u201eAuf Grundlage der bisherigen Erfahrungen in der Bezirksvertretung 5 hat sich gezeigt, dass die Umsetzung einer Live\u00fcbertragung mit einem hohen personellen, zeitlichen sowie technischen Aufwand verbunden ist\u201c, sagt die Verwaltung. Die Live\u00fcbertragung k\u00f6nne nur funktionieren, wenn die technische Durchf\u00fchrung eigenst\u00e4ndig vor Ort \u00fcbernommen w\u00fcrde. \u201eWeder das Hauptamt noch die Bezirksverwaltungsstelle 6 verf\u00fcgen \u00fcber die personellen Kapazit\u00e4ten, um diese Betreuung vor Ort sicherzustellen\u201c, so die Verwaltung.<\/p>\n<p class=\"richtext text-em-55 !leading-serif mx-6 desktop:mx-0\">Das Hauptamt k\u00f6nne zudem aufgrund der aktuellen Haushaltslage die Kosten f\u00fcr die notwendigen technischen Ger\u00e4te nicht \u00fcbernehmen. Diese belaufen sich inklusive der Anlieferung, Montage und Inbetriebnahme sch\u00e4tzungsweise auf rund 4200 Euro. \u201eZus\u00e4tzlich muss ein separater Streaming-Laptop angeschafft werden, dessen Verwaltung und Bedienung bei jeder Sitzung selbst koordiniert und durchgef\u00fchrt werden muss.\u201c<\/p>\n<p class=\"richtext text-em-55 !leading-serif mx-6 desktop:mx-0\">Die Verwaltung sieht das Projekt zudem als nicht wirtschaftlich an. \u201eAuch vor dem Hintergrund der geringen Nutzung der Live\u00fcbertragungen (bei der Bezirksvertretung 5 sind es circa 20 Abrufe pro Sitzung).\u201c<\/p>\n","protected":false},"excerpt":{"rendered":"Die Bezirksvertretung 6 (Rath, Unterrath, M\u00f6rsenbroich und Lichtenbroich) hat im April die Verwaltung einstimmig gebeten, zu pr\u00fcfen, ob&hellip;\n","protected":false},"author":2,"featured_media":1156875,"comment_status":"","ping_status":"","sticky":false,"template":"","format":"standard","meta":{"footnotes":"","_share_on_mastodon":"0"},"categories":[1831],"tags":[20151,242717,3364,29,3405,30,4006,9150,178920,22072,1209,122379,24234,24899,15240,57415,17075,21155],"class_list":["post-1156874","post","type-post","status-publish","format-standard","has-post-thumbnail","category-duesseldorf","tag-bezirksvertretung","tag-bezirksverwaltungsstelle","tag-de","tag-deutschland","tag-duesseldorf","tag-germany","tag-live","tag-livestream","tag-liveuebertragung","tag-mehreren","tag-nordrhein-westfalen","tag-personellen","tag-sitzung","tag-stadtbezirk","tag-technische","tag-uebertragen","tag-verwaltung","tag-wunsch"],"share_on_mastodon":{"url":"https:\/\/pubeurope.com\/@de\/116896196737333044","error":""},"_links":{"self":[{"href":"https:\/\/www.europesays.com\/de\/wp-json\/wp\/v2\/posts\/1156874","targetHints":{"allow":["GET"]}}],"collection":[{"href":"https:\/\/www.europesays.com\/de\/wp-json\/wp\/v2\/posts"}],"about":[{"href":"https:\/\/www.europesays.com\/de\/wp-json\/wp\/v2\/types\/post"}],"author":[{"embeddable":true,"href":"https:\/\/www.europesays.com\/de\/wp-json\/wp\/v2\/users\/2"}],"replies":[{"embeddable":true,"href":"https:\/\/www.europesays.com\/de\/wp-json\/wp\/v2\/comments?post=1156874"}],"version-history":[{"count":0,"href":"https:\/\/www.europesays.com\/de\/wp-json\/wp\/v2\/posts\/1156874\/revisions"}],"wp:featuredmedia":[{"embeddable":true,"href":"https:\/\/www.europesays.com\/de\/wp-json\/wp\/v2\/media\/1156875"}],"wp:attachment":[{"href":"https:\/\/www.europesays.com\/de\/wp-json\/wp\/v2\/media?parent=1156874"}],"wp:term":[{"taxonomy":"category","embeddable":true,"href":"https:\/\/www.europesays.com\/de\/wp-json\/wp\/v2\/categories?post=1156874"},{"taxonomy":"post_tag","embeddable":true,"href":"https:\/\/www.europesays.com\/de\/wp-json\/wp\/v2\/tags?post=1156874"}],"curies":[{"name":"wp","href":"https:\/\/api.w.org\/{rel}","templated":true}]}}