{"id":1156965,"date":"2026-07-10T15:26:17","date_gmt":"2026-07-10T15:26:17","guid":{"rendered":"https:\/\/www.europesays.com\/de\/1156965\/"},"modified":"2026-07-10T15:26:17","modified_gmt":"2026-07-10T15:26:17","slug":"london-zverev-im-endspiel-wimbledon-sieg-ganz-nah","status":"publish","type":"post","link":"https:\/\/www.europesays.com\/de\/1156965\/","title":{"rendered":"London | Zverev im Endspiel &#8211; Wimbledon-Sieg ganz nah"},"content":{"rendered":"<p>London (dpa) &#8211; Alexander Zverev kann sich zum ersten deutschen Wimbledon-Sieger im M\u00e4nner-Einzel seit Michael Stich 1991 k\u00fcren. Der Tennisstar bestand seine Halbfinal-Herausforderung in London gegen den am Ende deutlich unterlegenen britischen Au\u00dfenseiter Arthur Fery souver\u00e4n mit einem 7:6 (7:0), 6:2, 6:4-Erfolg. Zverev zog somit zum ersten Mal ins Endspiel des ber\u00fchmten Rasenklassikers ein.\u00a0<\/p>\n<p>Nach anf\u00e4nglichen Problemen \u00fcberzeugte der French-Open-Champion mit seiner Aufschlagwucht, seiner Grundlinienpower sowie seinem Selbstverst\u00e4ndnis und lie\u00df das Duell ab dem zweiten Satz zur klaren Angelegenheit werden.\u00a0<\/p>\n<p>Somit wurde der beste deutsche Tennisspieler zum Spielverderber f\u00fcr die zahllosen britischen Fans unter den rund 15.000 Zuschauern und nahm ihnen den Enthusiasmus. Der 29-J\u00e4hrige hat jetzt die Chance auf seinen zweiten Grand-Slam-Titel binnen f\u00fcnf Wochen, nachdem er am 7. Juni in Paris triumphiert hatte.<\/p>\n<p>Der Final-Gegner ist ein Topstar<\/p>\n<p>Mit einem Meisterst\u00fcck im\u00a0Finale am Sonntag (17.00 Uhr\/Prime Video) w\u00fcrde Zverev zum erst dritten deutschen Wimbledon-Sieger im M\u00e4nner-Einzel in der Profi-\u00c4ra seit 1968 aufsteigen &#8211; neben Boris Becker (1985, 1986, 1989) und Stich. Die Aufgabe im Endspiel d\u00fcrfte aber deutlich schwieriger werden. In Paris hatte die deutsche Nummer eins den ersten Grand-Slam-Triumph gegen den Italiener Flavio Cobolli gefeiert. Nun muss er gegen einen der Topstars ran.\u00a0<\/p>\n<p>Im Anschluss an Zverevs Auftritt ermitteln Titelverteidiger Jannik Sinner aus Italien und Rekord-Grand-Slam-Sieger Novak\u00a0Djokovic aus\u00a0Serbien in einem Halbfinal-Hit den zweiten Finalisten.\u00a0<\/p>\n<p>\u00abDas ist die Chance seines Lebens, und das meine ich im Ernst, Wimbledon zu gewinnen\u00bb, hatte der dreimalige Wimbledon-Sieger und einstige Kritiker Becker vor dem Halbfinale gesagt und auf Zverev als Champion getippt. Becker war zuvor der letzte deutsche Tennisspieler im M\u00e4nner-Finale, als er dies 1995 noch einmal erreichte.\u00a0<\/p>\n<p>Mit dem Finaleinzug stockt\u00a0Zverev seine herausragende Grand-Slam-Saison nach dem Halbfinale bei den Australian Open und dem French-Open-Triumph auf. Die Zweifel, ob er jemals einen Grand Slam gewinnen wird, hatte der Hamburger schon in Paris ausger\u00e4umt. Bleibt er ein One-Hit-Wonder? Dieses Fragezeichen k\u00f6nnte er am\u00a0Sonntag l\u00f6schen. So oder so wird Zverev am Montag in der Tennis-Weltrangliste den verletzten Spanier Carlos\u00a0Alcaraz verdr\u00e4ngen und vom dritten auf den zweiten Platz klettern.<\/p>\n<p>Bitte der Schiedsrichterin: \u00abWenn m\u00f6glich\u00bb nicht so laut\u00a0<\/p>\n<p>Zu Beginn feuerte das Publikum Fery frenetisch an und hielt sich nicht zur\u00fcck, als dem Deutschen ein Doppelfehler unterlief. Sein Break zum 3:1 gab Zverev wieder her, die Zuschauer br\u00fcllten und sprangen in der Anfangsphase des ersten Satzes von ihren Sitzen auf. Die Schiedsrichterin bat, \u00abwenn m\u00f6glich\u00bb nicht w\u00e4hrend der Ballwechsel laut zu werden.\u00a0<\/p>\n<p>Zverev hatte zun\u00e4chst Probleme, sich auf Tempowechsel und das Spiel seines Gegners einzustellen. Der Favorit fing fehlerbehafteter an als der Noch-Weltranglisten-114., der eine m\u00e4rchenhafte Geschichte schreibt. Unweit des All England Clubs aufgewachsen und in Wimbledon zur Schule gegangen, konnte Fery w\u00e4hrend des Turniers zu Hause \u00fcbernachten. Als erster Wildcard-Teilnehmer seit einem Vierteljahrhundert stand er im Halbfinale.<\/p>\n<p>Zverev nach Satzgewinn \u00fcberlegen<\/p>\n<p>\u00abDas ist nat\u00fcrlich eine wundersch\u00f6ne Geschichte. Aber ich muss mich auf mich selber konzentrieren\u00bb, hatte Zverev gesagt, der die Halbfinal-B\u00fchne bei einem Grand Slam schon gewohnt war. Es ging im ersten Satz in den Tiebreak, den Zverev zu null f\u00fcr sich entschied. Die Zuschauer verloren angesichts der Deutlichkeit in diesem entscheidenden Moment ihren Enthusiasmus.<\/p>\n<p>\u00a0<\/p>\n<p>Mit der Satzf\u00fchrung im R\u00fccken kontrollierte der Tokio-Olympiasieger von 2021 deutlich das Spielgeschehen und setzte Fery zunehmend unter Druck. Sein Tempo war dem Au\u00dfenseiter zu hoch und es kamen keinerlei Zweifel mehr am Ausgang des Halbfinals aus. Zverev verewigte sich somit neben Stich und Becker als deutsche Finalisten bei den M\u00e4nnern in der Profi-\u00c4ra seit 1968 sowie Gottfried Von Cramm (1935-37) und Wilhelm Bungert (1967) in der Turnier-Historie.<\/p>\n","protected":false},"excerpt":{"rendered":"London (dpa) &#8211; Alexander Zverev kann sich zum ersten deutschen Wimbledon-Sieger im M\u00e4nner-Einzel seit Michael Stich 1991 k\u00fcren.&hellip;\n","protected":false},"author":2,"featured_media":1156966,"comment_status":"","ping_status":"","sticky":false,"template":"","format":"standard","meta":{"footnotes":"","_share_on_mastodon":"0"},"categories":[1841],"tags":[1605,3364,29,30,551,984,1209,4206,59644],"class_list":["post-1156965","post","type-post","status-publish","format-standard","has-post-thumbnail","category-bielefeld","tag-bielefeld","tag-de","tag-deutschland","tag-germany","tag-grossbritannien","tag-international","tag-nordrhein-westfalen","tag-tennis","tag-wimbledon"],"share_on_mastodon":{"url":"https:\/\/pubeurope.com\/@de\/116896385557773524","error":""},"_links":{"self":[{"href":"https:\/\/www.europesays.com\/de\/wp-json\/wp\/v2\/posts\/1156965","targetHints":{"allow":["GET"]}}],"collection":[{"href":"https:\/\/www.europesays.com\/de\/wp-json\/wp\/v2\/posts"}],"about":[{"href":"https:\/\/www.europesays.com\/de\/wp-json\/wp\/v2\/types\/post"}],"author":[{"embeddable":true,"href":"https:\/\/www.europesays.com\/de\/wp-json\/wp\/v2\/users\/2"}],"replies":[{"embeddable":true,"href":"https:\/\/www.europesays.com\/de\/wp-json\/wp\/v2\/comments?post=1156965"}],"version-history":[{"count":0,"href":"https:\/\/www.europesays.com\/de\/wp-json\/wp\/v2\/posts\/1156965\/revisions"}],"wp:featuredmedia":[{"embeddable":true,"href":"https:\/\/www.europesays.com\/de\/wp-json\/wp\/v2\/media\/1156966"}],"wp:attachment":[{"href":"https:\/\/www.europesays.com\/de\/wp-json\/wp\/v2\/media?parent=1156965"}],"wp:term":[{"taxonomy":"category","embeddable":true,"href":"https:\/\/www.europesays.com\/de\/wp-json\/wp\/v2\/categories?post=1156965"},{"taxonomy":"post_tag","embeddable":true,"href":"https:\/\/www.europesays.com\/de\/wp-json\/wp\/v2\/tags?post=1156965"}],"curies":[{"name":"wp","href":"https:\/\/api.w.org\/{rel}","templated":true}]}}