{"id":1156989,"date":"2026-07-10T15:41:18","date_gmt":"2026-07-10T15:41:18","guid":{"rendered":"https:\/\/www.europesays.com\/de\/1156989\/"},"modified":"2026-07-10T15:41:18","modified_gmt":"2026-07-10T15:41:18","slug":"chatkontrolle-in-der-eu-jetzt-sollen-wieder-chats-kontrolliert-werden","status":"publish","type":"post","link":"https:\/\/www.europesays.com\/de\/1156989\/","title":{"rendered":"Chatkontrolle in der EU: Jetzt sollen wieder Chats kontrolliert werden"},"content":{"rendered":"<p>\n                        Die EU will Techkonzerne verpflichten, digitale Nachrichten zu scannen. Hilft das gegen Kindesmissbrauch? Betrifft die Kontrolle auch verschl\u00fcsselte Chats? Ein \u00dcberblick\n                    <\/p>\n<p>        10. Juli 2026, 17:30 Uhr\n    <\/p>\n<p>                Schlie\u00dfen<br \/>\n                Artikelzusammenfassung<\/p>\n<p>Das EU-Parlament hat \u00fcberraschend \u00fcber die Verl\u00e4ngerung der Chatkontrolle abgestimmt, die es gro\u00dfen Digitalunternehmen erlauben w\u00fcrde, private Chats zu durchsuchen. Die Regelung zielt darauf ab, die Verbreitung von sexuellem Kindesmissbrauchsmaterial im Netz zu bek\u00e4mpfen. Trotz Protesten von Fachleuten und B\u00fcrgerrechtsorganisationen wird die Ausnahmeregelung bis 2028 verl\u00e4ngert, wobei verschl\u00fcsselte Nachrichten vorerst ausgeschlossen sind. Die Kontroverse um die Chatkontrolle zeigt die Spannung zwischen Sicherheit und Privatsph\u00e4re im digitalen Zeitalter auf. Die Diskussion dar\u00fcber, wie weit die \u00dcberwachung gehen darf, wird weiterhin hitzig gef\u00fchrt, w\u00e4hrend die EU nach einem Weg sucht, um effektiv gegen Kindesmissbrauch vorzugehen.<\/p>\n<p>                Diese Zusammenfassung wurde mithilfe von K\u00fcnstlicher Intelligenz erstellt. Vereinzelt kann es dabei zu Fehlern kommen.<\/p>\n<p class=\"summy__feedback-paragraph\">Fanden Sie die Zusammenfassung hilfreich? <\/p>\n<p>                        Gef\u00e4llt mir<\/p>\n<p>                        Gef\u00e4llt mir<\/p>\n<p>                        Gef\u00e4llt mir nicht<\/p>\n<p>                        Gef\u00e4llt mir nicht<\/p>\n<p>                        Send<\/p>\n<p>            <img decoding=\"async\" class=\"article__media-item\" src=\"https:\/\/www.europesays.com\/de\/wp-content\/uploads\/2026\/07\/1783698078_916_wide__1000x562.jpeg\" alt=\"Chatkontrolle in der EU: Strafverfolgungsbeh\u00f6rden wollen, dass in digitaler Kommunikation nach Hinweisen auf sexuellem Kindesmissbrauch gesucht wird.\"\/><\/p>\n<p>                    Strafverfolgungsbeh\u00f6rden wollen, dass in digitaler Kommunikation nach Hinweisen auf sexuellem Kindesmissbrauch gesucht wird.<br \/>\n            \u00a9\u00a0Felix Burchardt\/\u200bDIE ZEIT; verw. Bilder: Leonhard Simon\/\u200bGetty Images<\/p>\n<p class=\"paragraph\">In dieser Woche ploppte pl\u00f6tzlich ein Begriff wieder auf: Chatkontrolle. \u00dcberraschend stimmte das EU-Parlament am Donnerstag \u00fcber eine Regelung ab, die eigentlich schon vom Tisch war. Messengerdienste k\u00f6nnten damit bald wieder private Chats durchsuchen d\u00fcrfen.<\/p>\n","protected":false},"excerpt":{"rendered":"Die EU will Techkonzerne verpflichten, digitale Nachrichten zu scannen. Hilft das gegen Kindesmissbrauch? Betrifft die Kontrolle auch verschl\u00fcsselte&hellip;\n","protected":false},"author":2,"featured_media":1156990,"comment_status":"","ping_status":"","sticky":false,"template":"","format":"standard","meta":{"footnotes":"","_share_on_mastodon":"0"},"categories":[3933],"tags":[331,332,9315,242734,5680,1081,548,663,158,3934,3935,13,3887,14,15,12],"class_list":["post-1156989","post","type-post","status-publish","format-standard","has-post-thumbnail","category-eu","tag-aktuelle-nachrichten","tag-aktuelle-news","tag-chat","tag-chatkontrolle-in-der-eu","tag-digital","tag-digitalisierung","tag-eu","tag-europa","tag-europaeische-union","tag-europe","tag-european-union","tag-headlines","tag-kindesmissbrauch","tag-nachrichten","tag-news","tag-schlagzeilen"],"share_on_mastodon":{"url":"https:\/\/pubeurope.com\/@de\/116896444580461803","error":""},"_links":{"self":[{"href":"https:\/\/www.europesays.com\/de\/wp-json\/wp\/v2\/posts\/1156989","targetHints":{"allow":["GET"]}}],"collection":[{"href":"https:\/\/www.europesays.com\/de\/wp-json\/wp\/v2\/posts"}],"about":[{"href":"https:\/\/www.europesays.com\/de\/wp-json\/wp\/v2\/types\/post"}],"author":[{"embeddable":true,"href":"https:\/\/www.europesays.com\/de\/wp-json\/wp\/v2\/users\/2"}],"replies":[{"embeddable":true,"href":"https:\/\/www.europesays.com\/de\/wp-json\/wp\/v2\/comments?post=1156989"}],"version-history":[{"count":0,"href":"https:\/\/www.europesays.com\/de\/wp-json\/wp\/v2\/posts\/1156989\/revisions"}],"wp:featuredmedia":[{"embeddable":true,"href":"https:\/\/www.europesays.com\/de\/wp-json\/wp\/v2\/media\/1156990"}],"wp:attachment":[{"href":"https:\/\/www.europesays.com\/de\/wp-json\/wp\/v2\/media?parent=1156989"}],"wp:term":[{"taxonomy":"category","embeddable":true,"href":"https:\/\/www.europesays.com\/de\/wp-json\/wp\/v2\/categories?post=1156989"},{"taxonomy":"post_tag","embeddable":true,"href":"https:\/\/www.europesays.com\/de\/wp-json\/wp\/v2\/tags?post=1156989"}],"curies":[{"name":"wp","href":"https:\/\/api.w.org\/{rel}","templated":true}]}}