{"id":1157027,"date":"2026-07-10T16:04:32","date_gmt":"2026-07-10T16:04:32","guid":{"rendered":"https:\/\/www.europesays.com\/de\/1157027\/"},"modified":"2026-07-10T16:04:32","modified_gmt":"2026-07-10T16:04:32","slug":"bundestag-beschliesst-gesetz-fuer-spitzensportfoerderung-in-deutschland","status":"publish","type":"post","link":"https:\/\/www.europesays.com\/de\/1157027\/","title":{"rendered":"Bundestag beschlie\u00dft Gesetz f\u00fcr Spitzensportf\u00f6rderung in Deutschland"},"content":{"rendered":"<p class=\"topline\">Sportpolitik<\/p>\n<p>\n                Stand: 10.07.2026 17:17 Uhr<\/p>\n<p class=\"preface\">Deutschland soll im Spitzensport wieder den Anschluss an die Topnationen schaffen. Daf\u00fcr wurde ein Sportf\u00f6rdergesetz auf den Weg gebracht. Leipzig soll Sitz der Spitzensportagentur werden. <\/p>\n<p class=\"\">Auf dem langen Weg zur Verabschiedung hat das neue Sportf\u00f6rdergesetz die letzte H\u00fcrde genommen. Nach der Einigung der Bundesregierung wurde am Freitag (10. Juli) ein entsprechender Gesetzentwurf beschlossen. Der Bundestag stimmte dem Entwurf des Sportf\u00f6rdergesetzes mit 561 Ja-Stimmen zu. 43 Abgeordnete votierten dagegen.<\/p>\n<p class=\"\">Mit dem Gesetz hat die Bundesregierung aus CDU\/CSU und SPD die F\u00f6rderung des Spitzensports erstmalig auf eine gesetzliche Grundlage gestellt, auch mit dem Ziel, die Rahmenbedingungen f\u00fcr den Gewinn internationaler Medaillen zu verbessern. Mit der finalen Beratung des Bundesrates ist Ende September zu rechnen. Inkrafttreten soll das Sportf\u00f6rdergesetz im Oktober.<\/p>\n<p>    Schenderlein: &#8222;Historische Woche&#8220;<\/p>\n<p>                    <a href=\"https:\/\/www.europesays.com\/de\/wp-content\/uploads\/2026\/07\/christiane-schenderlein-112.webp\" class=\"zoomimage\" title=\"Bild vergr\u00f6\u00dfern\"><\/p>\n<p>        <img decoding=\"async\" src=\"https:\/\/www.europesays.com\/de\/wp-content\/uploads\/2026\/07\/christiane-schenderlein-112.webp\" alt=\"Christiane Schenderlein\" title=\"Christiane Schenderlein | Mitteldeutscher Rundfunk\" class=\"responsive\" loading=\"lazy\"\/><\/p>\n<p>                    <\/a><\/p>\n<p class=\"\">Sportstaatsministerin Christiane Schenderlein sprach von einer &#8222;historischen Woche&#8220; und erkl\u00e4rte: &#8222;Die zentralen Ma\u00dfnahmen sind, dass wir die F\u00f6rderh\u00f6chstgrenzen f\u00fcr die Sportverb\u00e4nde erh\u00f6ht haben, dass wir in den Bundeshaushalt mehr Geld einstellen konnten, dass wir strukturell die akademische Trainerausbildung st\u00e4rken.&#8220;<\/p>\n<p>    Agentur soll nach Leipzig kommen<\/p>\n<p class=\"\">In Leipzig angesiedelt wird Spitzensportagentur sein. Die Gr\u00fcndung soll m\u00f6glichst bereits im September erfolgen, wenn der Bundesrat das neue Sportf\u00f6rdergesetz genehmigt hat. Der Stiftungsrat als zentrales Aufsichtsorgan der Agentur soll aus Vertretern der Politik und des organisierten Sports bestehen. Unter der F\u00fchrung von zwei hauptamtlichen Vorst\u00e4nden soll die Agentur 2027 ihre Arbeit aufnehmen und unabh\u00e4ngig sowie eigenst\u00e4ndig die Steuer-Millionen verteilen. &#8222;Eigentlich soll auch schon im n\u00e4chsten Jahr tats\u00e4chlich die Arbeit dann beginnen. Richtig los geht es mit dem gesamten F\u00f6rderzyklus dann nach den Olympischen Sommerspielen in Los Angeles 2028&#8220;, betonte Schenderlein.<\/p>\n<p class=\"\">Die Agentur soll m\u00f6glichst unabh\u00e4ngig \u00fcber die Verteilung der Mittel &#8211; im Bundeshaushalt 2027 sind 362 Millionen Euro angesetzt \u2013 entscheiden und so die Medaillenchancen deutscher Athleten nachhaltig steigern. Vorbild seien Erfolge in anderen L\u00e4ndern wie Gro\u00dfbritannien. Nach dem entt\u00e4uschenden Abschneiden des deutschen Teams bei den Olympischen Winterspielen in Mailand und Cortina d&#8217;Ampezzo hatte es Forderungen nach einer Reform im Spitzensport gegeben.<\/p>\n<p>        <img decoding=\"async\" src=\"https:\/\/www.europesays.com\/de\/wp-content\/uploads\/2026\/07\/christiane-schenderlein-108.webp\" alt=\"Bundeskanzler Friedrich Merz (CDU) und Staatsministerin f\u00fcr Sport und Ehrenamt Dr. Christiane Schenderlein\" title=\"Bundeskanzler Friedrich Merz (CDU) und Staatsministerin f\u00fcr Sport und Ehrenamt Dr. Christiane Schenderlein | IMAGO \/ Andreas Gora\" class=\"responsive\" loading=\"lazy\"\/><\/p>\n<p>Sportpolitik<\/p>\n<p>Der deutsche Spitzensport hinkt den eigenen Anspr\u00fcchen hinterher. Grundlegende Reformen stocken seit Jahren. Sport-Staatsministerin Schenderlein soll das \u00e4ndern. Wie sieht ihre Bilanz nach einem Jahr im Amt aus?<\/p>\n<p class=\"\">SPiO<\/p>\n<p>        <img decoding=\"async\" src=\"https:\/\/www.europesays.com\/de\/wp-content\/uploads\/2026\/07\/google-handy-100.webp\" alt=\"Ein Handy liegt auf einer Laptoptastatur. Das Display zeigt das Google Logo\" title=\"Ein Handy liegt auf einer Laptoptastatur. Das Display zeigt das Google Logo |  IMAGO \/ SOPA Images\" class=\"responsive\" loading=\"lazy\"\/><\/p>\n<p>Nachrichten personalisieren<\/p>\n<p>Die Nachrichtenlage ist un\u00fcbersichtlich und Sie wollen aktuelle Informationen aus Ihrer Region, die f\u00fcr Sie relevant sind? Dann legen Sie MDR.de als bevorzugte Quelle in der Google-Suche fest. So funktioniert&#8217;s.<\/p>\n<p>        <a href=\"https:\/\/www.mdr.de\/sport\/andere_sportarten\" aria-label=\"Mehr Sportarten-Vielfalt bei SPORT IM OSTEN\" rel=\"nofollow noopener\" target=\"_blank\"><\/p>\n<p>        <img decoding=\"async\" src=\"https:\/\/www.europesays.com\/de\/wp-content\/uploads\/2026\/07\/hindernislauf-goldenes-oval-102.webp\" alt=\"Leichtathletik, Er\u00f6ffnung Heinz-Steyer-Stadion, Leichtathletikmeeting Goldenes Oval, 3000 Meter Hindernis, M\u00e4nner, Karl Bebendorf (2.v.l.) vom Dresdner SC springt \u00fcber den Wassergraben.\" title=\"Leichtathletik, Er\u00f6ffnung Heinz-Steyer-Stadion, Leichtathletikmeeting Goldenes Oval, 3000 Meter Hindernis, M\u00e4nner, Karl Bebendorf (2.v.l.) vom Dresdner SC springt \u00fcber den Wassergraben. | picture alliance\/dpa | Robert Michael\" class=\"responsive\" loading=\"lazy\"\/><\/p>\n<p>        <\/a><\/p>\n","protected":false},"excerpt":{"rendered":"Sportpolitik Stand: 10.07.2026 17:17 Uhr Deutschland soll im Spitzensport wieder den Anschluss an die Topnationen schaffen. Daf\u00fcr wurde&hellip;\n","protected":false},"author":2,"featured_media":1157028,"comment_status":"","ping_status":"","sticky":false,"template":"","format":"standard","meta":{"footnotes":"","_share_on_mastodon":"0"},"categories":[1832],"tags":[30529,3364,29,30,854,71,859,3499,85217,242735,265,3498,144688],"class_list":["post-1157027","post","type-post","status-publish","format-standard","has-post-thumbnail","category-leipzig","tag-christiane-schenderlein","tag-de","tag-deutschland","tag-germany","tag-gesetz","tag-leipzig","tag-sachsen","tag-spio","tag-spitzensport","tag-spitzensportagentur","tag-sport","tag-sport-im-osten","tag-sportfoerdergesetz"],"share_on_mastodon":{"url":"https:\/\/pubeurope.com\/@de\/116896536218814141","error":""},"_links":{"self":[{"href":"https:\/\/www.europesays.com\/de\/wp-json\/wp\/v2\/posts\/1157027","targetHints":{"allow":["GET"]}}],"collection":[{"href":"https:\/\/www.europesays.com\/de\/wp-json\/wp\/v2\/posts"}],"about":[{"href":"https:\/\/www.europesays.com\/de\/wp-json\/wp\/v2\/types\/post"}],"author":[{"embeddable":true,"href":"https:\/\/www.europesays.com\/de\/wp-json\/wp\/v2\/users\/2"}],"replies":[{"embeddable":true,"href":"https:\/\/www.europesays.com\/de\/wp-json\/wp\/v2\/comments?post=1157027"}],"version-history":[{"count":0,"href":"https:\/\/www.europesays.com\/de\/wp-json\/wp\/v2\/posts\/1157027\/revisions"}],"wp:featuredmedia":[{"embeddable":true,"href":"https:\/\/www.europesays.com\/de\/wp-json\/wp\/v2\/media\/1157028"}],"wp:attachment":[{"href":"https:\/\/www.europesays.com\/de\/wp-json\/wp\/v2\/media?parent=1157027"}],"wp:term":[{"taxonomy":"category","embeddable":true,"href":"https:\/\/www.europesays.com\/de\/wp-json\/wp\/v2\/categories?post=1157027"},{"taxonomy":"post_tag","embeddable":true,"href":"https:\/\/www.europesays.com\/de\/wp-json\/wp\/v2\/tags?post=1157027"}],"curies":[{"name":"wp","href":"https:\/\/api.w.org\/{rel}","templated":true}]}}