{"id":1157107,"date":"2026-07-10T16:48:14","date_gmt":"2026-07-10T16:48:14","guid":{"rendered":"https:\/\/www.europesays.com\/de\/1157107\/"},"modified":"2026-07-10T16:48:14","modified_gmt":"2026-07-10T16:48:14","slug":"mit-laufendem-motor-im-gebuesch-mutmasslich-gestohlenen-roller-gefunden-ludwigshafen","status":"publish","type":"post","link":"https:\/\/www.europesays.com\/de\/1157107\/","title":{"rendered":"Mit laufendem Motor im Geb\u00fcsch: Mutma\u00dflich gestohlenen Roller gefunden &#8211; Ludwigshafen"},"content":{"rendered":"<p><b\/>In der Ludwigshafener <a class=\"rtr-entity\" data-rtr-entity=\"Gartenstadt\" data-rtr-id=\"f4475e62413073f3501124a9139fd25ed921104a\" data-rtr-score=\"7.25561797752809\" data-rtr-etype=\"location\" data-rtr-index=\"2\" href=\"https:\/\/www.rheinpfalz.de\/themen\/ludwigshafen-gartenstadt\" rel=\"nofollow noopener\" target=\"_blank\">Gartenstadt<\/a> hat die Polizei einen Roller gefunden, der wahrscheinlich zuvor gestohlen worden war. Das Gef\u00e4hrt, das mit laufendem Motor in einem Geb\u00fcsch auf dem Gel\u00e4nde der Ernst-Reuter-Realschule plus lag, hatten Zeugen am Donnerstagabend gegen 22.30 Uhr der Polizei gemeldet. Eine Streife fuhr hin und fand den Roller, ermittelte den Halter und nahm mit ihm Kontakt auf. Er gab an, dass er den Roller am selben Tag zwischen 13.30 und 20.30 Uhr an den Fahrradst\u00e4ndern auf dem Parkplatz in der Joseph-V\u00f6gele-Stra\u00dfe 1 in Rheing\u00f6nheim  stehen hatte \u2013 verschlossen. Danach scheint der Roller gestohlen worden zu sein. Zeugen werden gebeten, sich unter Telefon 0621 963-24150  oder per E-Mail an <a href=\"https:\/\/www.rheinpfalz.de\/lokal\/mailto:piludwigshafen1@polizei.rlp.de\" target=\"_blank\" class=\"external-link-new-window\" title=\"\" rel=\"nofollow noopener\">piludwigshafen1@polizei.rlp.de<\/a> an die Polizei zu wenden.<\/p>\n","protected":false},"excerpt":{"rendered":"In der Ludwigshafener Gartenstadt hat die Polizei einen Roller gefunden, der wahrscheinlich zuvor gestohlen worden war. Das Gef\u00e4hrt,&hellip;\n","protected":false},"author":2,"featured_media":1157108,"comment_status":"","ping_status":"","sticky":false,"template":"","format":"standard","meta":{"footnotes":"","_share_on_mastodon":"0"},"categories":[1845],"tags":[1634,3364,29,548,663,3934,28800,25770,30,13,4060,25476,2096,14,15,121,12],"class_list":["post-1157107","post","type-post","status-publish","format-standard","has-post-thumbnail","category-mannheim","tag-baden-wuerttemberg","tag-de","tag-deutschland","tag-eu","tag-europa","tag-europe","tag-gartenstadt","tag-gebuesch","tag-germany","tag-headlines","tag-lokal","tag-ludwigshafen","tag-mannheim","tag-nachrichten","tag-news","tag-polizei","tag-schlagzeilen"],"share_on_mastodon":{"url":"https:\/\/pubeurope.com\/@de\/116896707825728418","error":""},"_links":{"self":[{"href":"https:\/\/www.europesays.com\/de\/wp-json\/wp\/v2\/posts\/1157107","targetHints":{"allow":["GET"]}}],"collection":[{"href":"https:\/\/www.europesays.com\/de\/wp-json\/wp\/v2\/posts"}],"about":[{"href":"https:\/\/www.europesays.com\/de\/wp-json\/wp\/v2\/types\/post"}],"author":[{"embeddable":true,"href":"https:\/\/www.europesays.com\/de\/wp-json\/wp\/v2\/users\/2"}],"replies":[{"embeddable":true,"href":"https:\/\/www.europesays.com\/de\/wp-json\/wp\/v2\/comments?post=1157107"}],"version-history":[{"count":0,"href":"https:\/\/www.europesays.com\/de\/wp-json\/wp\/v2\/posts\/1157107\/revisions"}],"wp:featuredmedia":[{"embeddable":true,"href":"https:\/\/www.europesays.com\/de\/wp-json\/wp\/v2\/media\/1157108"}],"wp:attachment":[{"href":"https:\/\/www.europesays.com\/de\/wp-json\/wp\/v2\/media?parent=1157107"}],"wp:term":[{"taxonomy":"category","embeddable":true,"href":"https:\/\/www.europesays.com\/de\/wp-json\/wp\/v2\/categories?post=1157107"},{"taxonomy":"post_tag","embeddable":true,"href":"https:\/\/www.europesays.com\/de\/wp-json\/wp\/v2\/tags?post=1157107"}],"curies":[{"name":"wp","href":"https:\/\/api.w.org\/{rel}","templated":true}]}}