{"id":1157170,"date":"2026-07-10T17:25:17","date_gmt":"2026-07-10T17:25:17","guid":{"rendered":"https:\/\/www.europesays.com\/de\/1157170\/"},"modified":"2026-07-10T17:25:17","modified_gmt":"2026-07-10T17:25:17","slug":"borussia-dortmund-karim-adeyemi-wechselt-zum-fc-barcelona-sport","status":"publish","type":"post","link":"https:\/\/www.europesays.com\/de\/1157170\/","title":{"rendered":"Borussia Dortmund: Karim Adeyemi wechselt zum FC Barcelona | Sport"},"content":{"rendered":"<p><a class=\"skip-content skip-content--link\" href=\"#in-content-skip-link-target-v-0-0\">TTS-Player \u00fcberspringen\u21b5<\/a><a id=\"in-content-skip-link-target-v-0-0\" class=\"skip-content--target-link-hidden skip-content skip-content--target-link\" href=\"#in-content-skip-link-target-v-0-0\">Artikel weiterlesen<\/a><\/p>\n<p data-21134c99=\"0-1594\"><b>Adeyemi flitzt nach Barcelona. Der Nationalspieler (11 L\u00e4nderspiele) verl\u00e4sst Borussia Dortmund und schlie\u00dft sich dem spanischen Meister FC Barcelona mit seinem deutschen Trainer Hansi Flick (61) an.<\/b><\/p>\n<p data-21134c99=\"0-1594\">Geldregen f\u00fcr den BVB! Der Fl\u00fcgelflitzer bringt <a href=\"https:\/\/www.bild.de\/regional\/dortmund\/home-tEfE9FBcspDqbA9qV8Aj\" class=\"text-link\" rel=\"nofollow noopener\" target=\"_blank\">Dortmund<\/a> 22 Mio. Euro Abl\u00f6se ein, plus neun Mio. Euro Boni sowie 35 Prozent Beteiligung bei einem m\u00f6glichen Weiterverkauf.<\/p>\n<p>Adeymi deb\u00fctierte unter Flick<\/p>\n<p data-21134c99=\"0-1594\">Adeyemi feierte einst unter <a href=\"https:\/\/www.bild.de\/sport\/leute\/hans-dieter-flick\/hansi-flick-alle-infos-76678884.bild.html\" class=\"text-link\" rel=\"nofollow noopener\" target=\"_blank\">Flick<\/a> sein Deb\u00fct in der Nationalmannschaft. Damals spielte er noch f\u00fcr Red Bull Salzburg in \u00d6sterreich. 2022\/23 dann der Wechsel nach Dortmund. In vier Jahren bestritt er 146 Pflichtspiele f\u00fcr die Schwarz-Gelben, erzielte dabei 36 Tore, davon sieben in der abgelaufenen Saison.<\/p>\n<p><img decoding=\"async\" width=\"992\" height=\"558\" alt=\"Hansi Flick (61) l\u00e4sst sich nach der gewonnenen Meisterschaft feiern\" loading=\"lazy\" src=\"https:\/\/www.europesays.com\/de\/wp-content\/uploads\/2026\/07\/fe09af194efad232a991db8729bc0bf3,f09552c1.jpeg\"   class=\"landscape\"\/><\/p>\n<p class=\"fig__caption__text\">Hansi Flick (61) l\u00e4sst sich nach der gewonnenen Meisterschaft feiern<\/p>\n<p>Foto: picture alliance\/ASSOCIATED PRESS<\/p>\n<p data-21134c99=\"0-1594\">F\u00fcr eine Teilnahme an der WM in den USA, Kanada und Mexiko reichen diese Leistungen dennoch nicht. Auch nach den Verletzungen der Bayern-Stars Lennart Karl und Serge Gnabry bleibt er au\u00dfen vor. Nun also das Abenteuer <a href=\"https:\/\/www.bild.de\/themen\/orte\/barcelona\/nachrichten-news-fotos-videos-30419272.bild.html\" class=\"text-link\" rel=\"nofollow noopener\" target=\"_blank\">Barcelona<\/a>.<\/p>\n<p>Mehr zum Thema<\/p>\n<p data-21134c99=\"0-1594\">Dort ist die Konkurrenz auf den Au\u00dfenpositionen riesig! Rechts spielt Platzhirsch Lamine Yamal (18), f\u00fcr die linke Seite ist bereits Englands Nationalspieler Anthony Gordon (25) von Newcastle United geholt worden. <\/p>\n<p data-21134c99=\"0-1594\">F\u00fcr <a href=\"https:\/\/www.bild.de\/sport\/fussball\/borussia-dortmund\/startseite-bvb-31074434.bild.html\" class=\"text-link\" rel=\"nofollow noopener\" target=\"_blank\">Borussia Dortmund<\/a> bedeutet der Wechsel zum einen weitere finanzielle Flexibilit\u00e4t, die dringend ben\u00f6tigt wird. Es wird neben einem Adeyemi-Ersatz weiterhin ein Zehner gesucht, der die L\u00fccke f\u00fcllt, die der Abgang von Julian Brandt (30\/noch kein neuer Verein) gerissen hat. <\/p>\n<p data-21134c99=\"0-1594\">Mit Innenverteidiger Joane Gadou (19\/19 Mio. Abl\u00f6se) von Red Bull Salzburg sowie zwei jungen Talenten aus S\u00fcdamerika sind bisher erst drei Neuzug\u00e4nge fix. <\/p>\n","protected":false},"excerpt":{"rendered":"TTS-Player \u00fcberspringen\u21b5Artikel weiterlesen Adeyemi flitzt nach Barcelona. Der Nationalspieler (11 L\u00e4nderspiele) verl\u00e4sst Borussia Dortmund und schlie\u00dft sich dem&hellip;\n","protected":false},"author":2,"featured_media":1157171,"comment_status":"","ping_status":"","sticky":false,"template":"","format":"standard","meta":{"footnotes":"","_share_on_mastodon":"0"},"categories":[1833],"tags":[104891,1263,888,3364,29,217,538,30,1209,48170,803],"class_list":["post-1157170","post","type-post","status-publish","format-standard","has-post-thumbnail","category-dortmund","tag-adeyemi-karim","tag-aufmacher-bereich","tag-borussia-dortmund","tag-de","tag-deutschland","tag-dortmund","tag-erste-bundesliga","tag-germany","tag-nordrhein-westfalen","tag-red-bull-salzburg","tag-spielertransfer"],"share_on_mastodon":{"url":"https:\/\/pubeurope.com\/@de\/116896853517694486","error":""},"_links":{"self":[{"href":"https:\/\/www.europesays.com\/de\/wp-json\/wp\/v2\/posts\/1157170","targetHints":{"allow":["GET"]}}],"collection":[{"href":"https:\/\/www.europesays.com\/de\/wp-json\/wp\/v2\/posts"}],"about":[{"href":"https:\/\/www.europesays.com\/de\/wp-json\/wp\/v2\/types\/post"}],"author":[{"embeddable":true,"href":"https:\/\/www.europesays.com\/de\/wp-json\/wp\/v2\/users\/2"}],"replies":[{"embeddable":true,"href":"https:\/\/www.europesays.com\/de\/wp-json\/wp\/v2\/comments?post=1157170"}],"version-history":[{"count":0,"href":"https:\/\/www.europesays.com\/de\/wp-json\/wp\/v2\/posts\/1157170\/revisions"}],"wp:featuredmedia":[{"embeddable":true,"href":"https:\/\/www.europesays.com\/de\/wp-json\/wp\/v2\/media\/1157171"}],"wp:attachment":[{"href":"https:\/\/www.europesays.com\/de\/wp-json\/wp\/v2\/media?parent=1157170"}],"wp:term":[{"taxonomy":"category","embeddable":true,"href":"https:\/\/www.europesays.com\/de\/wp-json\/wp\/v2\/categories?post=1157170"},{"taxonomy":"post_tag","embeddable":true,"href":"https:\/\/www.europesays.com\/de\/wp-json\/wp\/v2\/tags?post=1157170"}],"curies":[{"name":"wp","href":"https:\/\/api.w.org\/{rel}","templated":true}]}}