{"id":115719,"date":"2025-05-16T17:50:12","date_gmt":"2025-05-16T17:50:12","guid":{"rendered":"https:\/\/www.europesays.com\/de\/115719\/"},"modified":"2025-05-16T17:50:12","modified_gmt":"2025-05-16T17:50:12","slug":"wie-kommt-der-bvb-borussia-dortmund-am-letzten-spieltag-noch-in-die-champions-league","status":"publish","type":"post","link":"https:\/\/www.europesays.com\/de\/115719\/","title":{"rendered":"Wie kommt der BVB (Borussia Dortmund) am letzten Spieltag noch in die Champions League?"},"content":{"rendered":"<p data-testid=\"article-teaser\">Der BVB kann sich noch f\u00fcr die Champions League qualifizieren. Welche Ergebnisse n\u00f6tig sind \u2013 und worauf es wirklich ankommt, erfahrt Ihr hier. <\/p>\n<p>Noch vor ein paar Wochen klang es v\u00f6llig utopisch: <a href=\"https:\/\/www.goal.com\/de\/team\/borussia-dortmund\/dt4pinj0vw0t0cvz7za6mhmzy\" target=\"_blank\" rel=\"follow nofollow noopener\"><strong>Borussia Dortmund<\/strong><\/a><strong> in der <\/strong><a href=\"https:\/\/www.goal.com\/de\/champions-league\/tabelle\/4oogyu6o156iphvdvphwpck10\" target=\"_blank\" rel=\"follow nofollow noopener\"><strong>Champions League<\/strong><\/a><strong> 2025\/26. <\/strong>Doch p\u00fcnktlich zum Saisonfinale ist genau dieses Szenario wieder realistisch \u2013 trotz zwischenzeitlichem Absturz auf Platz elf. Beim Showdown k\u00f6nnte der BVB <strong>doch noch an der Blamage vorbeischrammen.<\/strong><\/p>\n<p><a href=\"https:\/\/prf.hn\/click\/camref:1101lfsmJ\" target=\"_blank\" class=\"affiliate-button\" rel=\"nofollow noopener\"><img loading=\"lazy\" decoding=\"async\" src=\"https:\/\/www.europesays.com\/de\/wp-content\/uploads\/2025\/05\/DAZN_logo.svg.png\" width=\"72\" height=\"40\" alt=\"logo\" class=\"affiliate-logo\"\/>Der deutsche und internationale Fu\u00dfball live auf DAZN<\/p>\n<p>Bei DAZN anmelden<\/p>\n<p><\/a><\/p>\n<p>Was sich zuletzt andeutete, ist jetzt greifbar nah: Mit einem Heimerfolg gegen Holstein Kiel kann sich der BVB noch ein Ticket f\u00fcr die K\u00f6nigsklasse sichern. Genau genommen k\u00f6nnte mitunter auch eine Punktteilung reichen. <strong>Im Gro\u00dfen und Ganzen pr\u00e4sentieren sich die Voraussetzungen dabei klar \u2013 aber dennoch nicht ohne T\u00fccken. <\/strong>Liefert Borussia Dortmund nicht im Signal Iduna Park gegen die bereits abgestiegenen St\u00f6rche, muss er auf Sch\u00fctzenhilfe hoffen.<\/p>\n<p><strong>GOAL <\/strong>zeigt Euch, welche Ergebnisse n\u00f6tig sind \u2013 und wie Borussia Dortmund das Wunder am 34. Spieltag noch schaffen kann.<\/p>\n<p>Artikel wird unten fortgesetzt<img loading=\"lazy\" decoding=\"async\" src=\"https:\/\/www.europesays.com\/de\/wp-content\/uploads\/2025\/05\/2ddcfb8a6a95497280e2015ffacee2ce.gif\" width=\"1\" height=\"1\" alt=\"\" style=\"width:1px;height:1px\"\/><\/p>\n","protected":false},"excerpt":{"rendered":"Der BVB kann sich noch f\u00fcr die Champions League qualifizieren. Welche Ergebnisse n\u00f6tig sind \u2013 und worauf es&hellip;\n","protected":false},"author":2,"featured_media":115720,"comment_status":"","ping_status":"","sticky":false,"template":"","format":"standard","meta":{"footnotes":""},"categories":[1833],"tags":[888,299,3364,29,217,30,1209],"class_list":{"0":"post-115719","1":"post","2":"type-post","3":"status-publish","4":"format-standard","5":"has-post-thumbnail","7":"category-dortmund","8":"tag-borussia-dortmund","9":"tag-bundesliga","10":"tag-de","11":"tag-deutschland","12":"tag-dortmund","13":"tag-germany","14":"tag-nordrhein-westfalen"},"share_on_mastodon":{"url":"https:\/\/pubeurope.com\/@de\/114518781087954738","error":""},"_links":{"self":[{"href":"https:\/\/www.europesays.com\/de\/wp-json\/wp\/v2\/posts\/115719","targetHints":{"allow":["GET"]}}],"collection":[{"href":"https:\/\/www.europesays.com\/de\/wp-json\/wp\/v2\/posts"}],"about":[{"href":"https:\/\/www.europesays.com\/de\/wp-json\/wp\/v2\/types\/post"}],"author":[{"embeddable":true,"href":"https:\/\/www.europesays.com\/de\/wp-json\/wp\/v2\/users\/2"}],"replies":[{"embeddable":true,"href":"https:\/\/www.europesays.com\/de\/wp-json\/wp\/v2\/comments?post=115719"}],"version-history":[{"count":0,"href":"https:\/\/www.europesays.com\/de\/wp-json\/wp\/v2\/posts\/115719\/revisions"}],"wp:featuredmedia":[{"embeddable":true,"href":"https:\/\/www.europesays.com\/de\/wp-json\/wp\/v2\/media\/115720"}],"wp:attachment":[{"href":"https:\/\/www.europesays.com\/de\/wp-json\/wp\/v2\/media?parent=115719"}],"wp:term":[{"taxonomy":"category","embeddable":true,"href":"https:\/\/www.europesays.com\/de\/wp-json\/wp\/v2\/categories?post=115719"},{"taxonomy":"post_tag","embeddable":true,"href":"https:\/\/www.europesays.com\/de\/wp-json\/wp\/v2\/tags?post=115719"}],"curies":[{"name":"wp","href":"https:\/\/api.w.org\/{rel}","templated":true}]}}