{"id":1157283,"date":"2026-07-10T18:37:19","date_gmt":"2026-07-10T18:37:19","guid":{"rendered":"https:\/\/www.europesays.com\/de\/1157283\/"},"modified":"2026-07-10T18:37:19","modified_gmt":"2026-07-10T18:37:19","slug":"halbfinale-in-wimbledon-unglaublich-gluecklich-zverev-schlaegt-fery-klar-und-steht-im-finale","status":"publish","type":"post","link":"https:\/\/www.europesays.com\/de\/1157283\/","title":{"rendered":"Halbfinale in Wimbledon: &#8222;Unglaublich gl\u00fccklich&#8220; &#8211; Zverev schl\u00e4gt Fery klar und steht im Finale"},"content":{"rendered":"<p>            <img loading=\"lazy\" decoding=\"async\" class=\"ts-image\" src=\"https:\/\/www.europesays.com\/de\/wp-content\/uploads\/2026\/07\/alex-zverev-3-100.jpg\" alt=\"Alex Zverev nach einem Punktgewinn\" title=\"Alex Zverev nach einem Punktgewinn | AP Photo\/Kirsty Wigglesworth\"\/><\/p>\n<p class=\"metatextline\">Stand: 10.07.2026 \u2022 19:42 Uhr<\/p>\n<p class=\"article-head__shorttext\">\n        <strong><strong>Alexander Zverev steht erstmals in seiner Karriere und als erster m\u00e4nnlicher Spieler aus Deutschland seit Boris Becker 1995 im Finale in Wimbledon. In einem ab dem zweiten Satz einseitigen Match gewann er gegen den Briten Arthur Fery mit 7:6, 6:2, 6:4. In der neuen Weltrangliste wird Zverev auch Carlos Alcaraz auf Position zwei abl\u00f6sen.<\/strong><\/strong>\n    <\/p>\n<p>Von Andreas Thies, London\n                    <\/p>\n<p class=\"textabsatz m-ten m-offset-one l-eight l-offset-two columns twelve\">I<a href=\"https:\/\/www.sportschau.de\/tennis\/wimbledon\/sinner-schlaegt-djokovic-und-folgt-zverev-ins-finale,bericht-halbfinale-sinner-djokovic-100.html\" title=\"Halbfinale in Wimbledon: Sinner schl\u00e4gt Djokovic und folgt Zverev ins Finale\" rel=\"nofollow noopener\" target=\"_blank\">m Finale am Sonntag (17 Uhr) trifft Zverev auf den topgesetzten Jannik Sinner, der Novak Djikovic klar in drei S\u00e4tzen besiegte.<\/a> Sollte Zverev das Finale gewinnen, w\u00fcrde er der erste m\u00e4nnliche Wimbledon-Sieger seit Michael Stich 1991 und der erste Deutsche seit Angelique Kerber 2018 werden.<\/p>\n<p class=\"textabsatz m-ten m-offset-one l-eight l-offset-two columns twelve\">&#8222;Es ist gro\u00dfartig. Wimbledon war immer der Grand Slam, mit dem ich die meisten Probleme hatte. Ich bin unglaublich gl\u00fccklich und stolz, auch auf das Team. Aber es gibt noch ein Match am Sonntag, und darauf liegt der Fokus&#8220;, sagte Zverev. Eine kleine Kampfansage gab es an seinen Finalgegner. &#8222;Ich muss am Sonntag mir selbst und auf meine eigene Leistung vertrauen.&#8220;<\/p>\n<ul class=\"buttongroup buttongroup--copytext\">\n<li class=\"buttongroup__item\">\n<p>    <a class=\"btn btn--text btn--standard-secondary btn--fullwidth\" href=\"https:\/\/www.sportschau.de\/live-und-ergebnisse\/tennis\/atp-england-wimbledon\/ma11754727\/arthur-fery_alexander-zverev\/liveticker\" rel=\"nofollow noopener\" target=\"_blank\"><br \/>\n        Live-Ticker zum Nachlesen<\/p>\n<p>  Pfeil rechts<\/p>\n<p>    <\/a>\n<\/li>\n<li class=\"buttongroup__item\">\n<p>    <a class=\"btn btn--text btn--standard-secondary btn--fullwidth\" href=\"https:\/\/www.sportschau.de\/live-und-ergebnisse\/tennis\/atp-england-wimbledon\/se109714\/2026\/ro296488\/halbfinale\/spiele-und-ergebnisse\" rel=\"nofollow noopener\" target=\"_blank\"><br \/>\n        Halbfinale M\u00e4nner<\/p>\n<p>  Pfeil rechts<\/p>\n<p>    <\/a>\n<\/li>\n<\/ul>\n<p>    Fery frenetisch gefeiert<\/p>\n<p class=\"textabsatz m-ten m-offset-one l-eight l-offset-two columns twelve\">Bei angenehmen Temperaturen in Wimbledon, die Hitzewelle der vergangenen Tage nahm sich eine kleine Pause, zeigte das Publikum von Beginn an, dass es gewillt war, den Jungen aus der Nachbarschaft zum Sieg zu schreien. Fery, in Frankreich geboren, aber in Wimbledon aufgewachsen, begann selbstbewusst. Vom ersten Punkt an feierte es jeden Punkt ihres Landsmanns frenetisch.<\/p>\n<p>    Zverev muss in den Tiebreak &#8211; siegt aber klar<\/p>\n<p class=\"textabsatz m-ten m-offset-one l-eight l-offset-two columns twelve\">Den ersten Satz begann Zverev nach leichten Anfangsschwierigkeiten wie von ihm geplant. Fr\u00fch nahm er seinem britischen Widersacher das Aufschlagspiel ab, ging mit 3:1 in F\u00fchrung. Doch Fery revanchierte sich sofort, schaffte das Rebreak mit seinem ersten Breakball. Der Brite returnierte im ersten Satz sehr gut, kam mit den \u00fcber 200 km\/h schnellen Aufschl\u00e4gen von Zverev bestens klar. Der geb\u00fcrtige Hamburger wirkte im ersten Satz noch nicht \u00fcberragend souver\u00e4n, musste in den Tiebreak. War die Stimmung unter den Zuschauerinnen und Zuschauern bis dahin noch pr\u00e4chtig, sorgte der 29-J\u00e4hrige im Tiebreak dann daf\u00fcr, dass sich selbige schnell eintr\u00fcbte. Ein Doppelfehler und ein Rahmentreffer Ferys sorgten f\u00fcr die schnelle 5:0-F\u00fchrung, wenige Minuten sp\u00e4ter hatte Zverev den Satz mit 7:6 gewonnen.<\/p>\n<p>    Zverev demonstriert Selbstvertrauen und St\u00e4rke<\/p>\n<p class=\"textabsatz m-ten m-offset-one l-eight l-offset-two columns twelve\">Der zweite Satz war eine Demonstration des Selbstvertrauens und der St\u00e4rke von Zverev. Fr\u00fch nahm er seinem Kontrahenten den Aufschlag ab, begeisterte immer wieder mit Vorhand-Gewinnschl\u00e4gen und holte sich nach 38 Minuten mit 6:2 die 2:0-Satzf\u00fchrung.<\/p>\n<p class=\"textabsatz m-ten m-offset-one l-eight l-offset-two columns twelve\">Der Brite hatte bei seiner &#8222;Fery-Tale&#8220; in diesem Jahr unter anderem Grigor Dimitrov und den French-Open-Finalisten Flavio Cobolli besiegt. Im Halbfinale hatte er ab dem Tiebreak des ersten Satzes zu keinem Zeitpunkt mehr die M\u00f6glichkeit, seinen an zwei gesetzten Gegner zu \u00fcberraschen.<\/p>\n<p>    Fery m\u00fcht sich, hat aber kaum Chancen<\/p>\n<p class=\"textabsatz m-ten m-offset-one l-eight l-offset-two columns twelve\">Zu Beginn des dritten Satzes pl\u00e4tscherte das Match etwas vor sich hin. Fery m\u00fchte sich nach Kr\u00e4ften, seine Aufschlagspiele durchzubringen, Zverev auf der anderen Seite gab seinem Gegner bei eigenem Aufschlag nur sehr wenige Chancen. Als Zverev beim Stand von 2:2 das Break gelang, war das Match entschieden. Nach zwei Stunden und 13 Minuten verwandelte der French-Open-Sieger von vor f\u00fcnf Wochen seinen ersten Matchball.<\/p>\n<p class=\"textabsatz m-ten m-offset-one l-eight l-offset-two columns twelve\">Zverev, der vor diesem Jahr noch nie \u00fcber das Achtelfinale beim ber\u00fchmtesten Tennisturnier der Welt hinausgekommen war, ist erst der dritte Spieler nach Andy Murray und Daniil Medwedew, dem es gelungen ist, nach seinem ersten Sieg bei einem Grand Slam beim folgenden Major ins Finale zu kommen.<\/p>\n<p class=\"textabsatz m-ten m-offset-one l-eight l-offset-two columns twelve\">Nur vier deutsche M\u00e4nner waren vor 2026 ins Finale in Wimbledon eingezogen. Gottfried von Cramm stand 1935-1937 insgesamt drei Mal im Finale, Wilhelm Bungert verlor 1967 das Finale gegen John Newcombe. Boris Becker schaffte in seiner Karriere insgesamt sieben Mal den Einzug ins Finale und Michael Stich gewann den Titel 1991.<\/p>\n<p>    Bundeskanzler Merz kommt zum Finale<\/p>\n<p class=\"textabsatz m-ten m-offset-one l-eight l-offset-two columns twelve\">In der Pressekonferenz nach dem Match konnte Zverev berichten, dass am Sonntag hoher Besuch zum Finale erscheinen wird. Der Bundeskanzler hat sich angek\u00fcndigt: &#8222;Er hat meinen Manager angerufen. Wir haben ein bisschen geredet. Er wird mit seiner Frau kommen. Nur, wenn kurzfristig was in Europa passiert, wohl nicht.&#8220;<\/p>\n<p class=\"textabsatz m-ten m-offset-one l-eight l-offset-two columns twelve\">Zverev hat sich in den vergangenen Monaten spielerisch enorm weiterentwickelt. Seine Vorhand war im Halbfinale gegen Arthur Fery auf Weltklasseniveau. Diese spielerische Dominanz, gerade in Grand Slams, zeigte der Hamburger in der Vergangenheit nicht. F\u00fcr Zverev das Ergebnis eines Prozesses: &#8222;Zwei Dinge. Wenn man ein Major gewinnt, hat man das Gef\u00fchl, dass man es wieder schaffen kann. Und zweitens habe ich sehr an meinem Spiel gearbeitet. Wenn man die R\u00fcckhand besser spielt, die Vorhand, den Aufschlag, den Return, dann gewinnt man mehr Matches. Manchmal ist es so einfach.&#8220;<\/p>\n<p class=\"textabsatz m-ten m-offset-one l-eight l-offset-two columns twelve\">Zverev hatte nach dem verwandelten Matchball eher verhalten gejubelt: &#8222;Ich bin im Finale, ich habe das Turnier noch nicht gewonnen. Ich bin nat\u00fcrlich gl\u00fccklich, im Finale zu sein, aber das Turnier ist noch nicht beendet.\u201c<\/p>\n<p class=\"textabsatz m-ten m-offset-one l-eight l-offset-two columns twelve\">Am Sonntag kann er dem French-Open-Sieg nur f\u00fcnf Wochen sp\u00e4ter den Sieg in Wimbledon folgen lassen.<\/p>\n","protected":false},"excerpt":{"rendered":"Stand: 10.07.2026 \u2022 19:42 Uhr Alexander Zverev steht erstmals in seiner Karriere und als erster m\u00e4nnlicher Spieler aus&hellip;\n","protected":false},"author":2,"featured_media":1156992,"comment_status":"","ping_status":"","sticky":false,"template":"","format":"standard","meta":{"footnotes":"","_share_on_mastodon":"0"},"categories":[5],"tags":[331,332,3364,29,30,13,14,15,12,4206,59644],"class_list":["post-1157283","post","type-post","status-publish","format-standard","has-post-thumbnail","category-nachrichten","tag-aktuelle-nachrichten","tag-aktuelle-news","tag-de","tag-deutschland","tag-germany","tag-headlines","tag-nachrichten","tag-news","tag-schlagzeilen","tag-tennis","tag-wimbledon"],"share_on_mastodon":{"url":"https:\/\/pubeurope.com\/@de\/116897136441853753","error":""},"_links":{"self":[{"href":"https:\/\/www.europesays.com\/de\/wp-json\/wp\/v2\/posts\/1157283","targetHints":{"allow":["GET"]}}],"collection":[{"href":"https:\/\/www.europesays.com\/de\/wp-json\/wp\/v2\/posts"}],"about":[{"href":"https:\/\/www.europesays.com\/de\/wp-json\/wp\/v2\/types\/post"}],"author":[{"embeddable":true,"href":"https:\/\/www.europesays.com\/de\/wp-json\/wp\/v2\/users\/2"}],"replies":[{"embeddable":true,"href":"https:\/\/www.europesays.com\/de\/wp-json\/wp\/v2\/comments?post=1157283"}],"version-history":[{"count":0,"href":"https:\/\/www.europesays.com\/de\/wp-json\/wp\/v2\/posts\/1157283\/revisions"}],"wp:featuredmedia":[{"embeddable":true,"href":"https:\/\/www.europesays.com\/de\/wp-json\/wp\/v2\/media\/1156992"}],"wp:attachment":[{"href":"https:\/\/www.europesays.com\/de\/wp-json\/wp\/v2\/media?parent=1157283"}],"wp:term":[{"taxonomy":"category","embeddable":true,"href":"https:\/\/www.europesays.com\/de\/wp-json\/wp\/v2\/categories?post=1157283"},{"taxonomy":"post_tag","embeddable":true,"href":"https:\/\/www.europesays.com\/de\/wp-json\/wp\/v2\/tags?post=1157283"}],"curies":[{"name":"wp","href":"https:\/\/api.w.org\/{rel}","templated":true}]}}