{"id":1157518,"date":"2026-07-10T20:56:24","date_gmt":"2026-07-10T20:56:24","guid":{"rendered":"https:\/\/www.europesays.com\/de\/1157518\/"},"modified":"2026-07-10T20:56:24","modified_gmt":"2026-07-10T20:56:24","slug":"commerzbank-fordert-kunden-zum-wechsel-von-mastercard-auf-visa-auf","status":"publish","type":"post","link":"https:\/\/www.europesays.com\/de\/1157518\/","title":{"rendered":"Commerzbank fordert Kunden zum Wechsel von Mastercard auf Visa auf"},"content":{"rendered":"<p>Kunden sollen wechseln <\/p>\n<p>Commerzbank tauscht Kreditkarten aus<\/p>\n<p>10.07.2026 &#8211; 17:51 UhrLesedauer: 1 Min.<\/p>\n<p><a href=\"#focus-0\" class=\"transition-colors block text-current relative\" data-sctrack=\"FocusGalleryImage.Reference\"><img fetchpriority=\"high\" data-testid=\"Opener.Image\"   loading=\"eager\" src=\"https:\/\/www.europesays.com\/de\/wp-content\/uploads\/2026\/07\/visa-und-mastercard-die-commerzbank-ruft-derzeit-ihre-privatkunden-zum-wechsel-der-kreditkarte-auf.j.jpeg\" alt=\"Visa und Mastercard: Die Commerzbank ruft derzeit ihre Privatkunden zum Wechsel der Kreditkarte auf.\" title=\"Visa und Mastercard: Die Commerzbank ruft derzeit ihre Privatkunden zum Wechsel der Kreditkarte auf.\" width=\"4581\" height=\"2577\" class=\"bg-[url:var(--lqipURL)] bg-cover bg-center flex h-full w-full max-w-full\" style=\"--lqipURL:url('https:\/\/images.t-online.de\/2026\/07\/2OfgbutscQsN\/71x0:4581x2577\/fit-in\/150x0\/filters:blur(25)\/visa-und-mastercard-die-commerzbank-ruft-derzeit-ihre-privatkunden-zum-wechsel-der-kreditkarte-auf.jpg')\" decoding=\"async\"\/><img loading=\"lazy\" src=\"https:\/\/www.t-online.de\/s\/paper\/_next\/static\/media\/zoom-in.f7dae02f.svg\" alt=\"Vergr\u00f6\u00dfern des Bildes\" title=\"Vergr\u00f6\u00dfern des Bildes\" class=\"block h-[calc(var(--height)_\/_16_*_1rem)] w-[calc(var(--width)_\/_16_*_1rem)] max-w-none absolute right-8 bottom-8 rounded-4 bg-snow p-8\" style=\"--width:32;--height:32\" decoding=\"async\"\/><\/a><\/p>\n<p>Visa und Mastercard: Die Commerzbank ruft derzeit ihre Privatkunden zum Wechsel der Kreditkarte auf. (Quelle: Dean Pictures\/imago)<\/p>\n<p><img loading=\"lazy\" src=\"https:\/\/www.t-online.de\/s\/paper\/_next\/static\/media\/audio-volume.6689034c.svg\" alt=\"\" title=\"\" class=\"block h-[calc(var(--height)_\/_16_*_1rem)] w-[calc(var(--width)_\/_16_*_1rem)] max-w-none group-hover:brightness-0 group-hover:invert\" style=\"--width:16;--height:16\" decoding=\"async\"\/>Vorlesen<\/p>\n<p>Aktuelle Zeit:0:00Gesamtdauer:0:00<\/p>\n<p>1x<\/p>\n<p class=\"text-center\">Jetzt neu bei t-online:<\/p>\n<p class=\"text-center\">Schriftgr\u00f6\u00dfe anpassen!<\/p>\n<p><img loading=\"lazy\" src=\"https:\/\/www.t-online.de\/s\/paper\/_next\/static\/media\/font-sizes.32942e33.svg\" alt=\"\" title=\"\" class=\"block h-[calc(var(--height)_\/_16_*_1rem)] w-[calc(var(--width)_\/_16_*_1rem)] max-w-none group-hover:hidden group-aria-expanded:hidden\" style=\"--width:16;--height:16\" decoding=\"async\"\/><img loading=\"lazy\" src=\"https:\/\/www.t-online.de\/s\/paper\/_next\/static\/media\/font-sizes-dark-mode.e382645c.svg\" alt=\"\" title=\"\" class=\"block h-[calc(var(--height)_\/_16_*_1rem)] w-[calc(var(--width)_\/_16_*_1rem)] max-w-none hidden group-hover:block group-aria-expanded:block\" style=\"--width:16;--height:16\" decoding=\"async\"\/><img loading=\"lazy\" src=\"https:\/\/www.t-online.de\/s\/paper\/_next\/static\/media\/sharing-menu-icon.1eb71368.svg\" alt=\"\" title=\"\" class=\"block h-[calc(var(--height)_\/_16_*_1rem)] w-[calc(var(--width)_\/_16_*_1rem)] max-w-none group-hover:brightness-0 group-hover:invert\" style=\"--width:16;--height:16\" decoding=\"async\"\/>Artikel teilen<\/p>\n<p class=\"font-bold text-18 leading-17 user-text-lg:text-22 user-text-xl:text-24\">Bekamen Kunden der Commerzbank zuletzt standardm\u00e4\u00dfig eine Mastercard, sollen sie nun zu Visa wechseln. Was das f\u00fcr die Bankkunden bedeutet.<\/p>\n<p class=\"text-18 leading-17 user-text-lg:text-22 user-text-xl:text-24\"><a href=\"https:\/\/www.t-online.de\/finanzen\/boerse\/aktien\/visa-aktie\/us92826c8394\/\" class=\"transition-colors cursor-pointer no-underline md:hover:text-magenta md:focus:text-magenta border-b border-solid border-current text-salemsfur md:hover:border-magenta\" data-tracking=\"{&quot;action&quot;:&quot;click&quot;,&quot;category&quot;:&quot;intextLink&quot;,&quot;label&quot;:&quot;\/finanzen\/boerse\/aktien\/visa-aktie\/us92826c8394\/&quot;}\" data-sctrack=\"BodyAnchor\" rel=\"nofollow noopener\" target=\"_blank\">Visa<\/a> statt <a href=\"https:\/\/www.t-online.de\/finanzen\/boerse\/aktien\/mastercard-aktie\/us57636q1040\/\" class=\"transition-colors cursor-pointer no-underline md:hover:text-magenta md:focus:text-magenta border-b border-solid border-current text-salemsfur md:hover:border-magenta\" data-tracking=\"{&quot;action&quot;:&quot;click&quot;,&quot;category&quot;:&quot;intextLink&quot;,&quot;label&quot;:&quot;\/finanzen\/boerse\/aktien\/mastercard-aktie\/us57636q1040\/&quot;}\" data-sctrack=\"BodyAnchor\" rel=\"nofollow noopener\" target=\"_blank\">Mastercard<\/a>: Die <a href=\"https:\/\/www.t-online.de\/finanzen\/boerse\/aktien\/commerzbank-aktie\/de000cbk1001\/\" class=\"transition-colors cursor-pointer no-underline md:hover:text-magenta md:focus:text-magenta border-b border-solid border-current text-salemsfur md:hover:border-magenta\" data-tracking=\"{&quot;action&quot;:&quot;click&quot;,&quot;category&quot;:&quot;intextLink&quot;,&quot;label&quot;:&quot;\/finanzen\/boerse\/aktien\/commerzbank-aktie\/de000cbk1001\/&quot;}\" data-sctrack=\"BodyAnchor\" rel=\"nofollow noopener\" target=\"_blank\">Commerzbank<\/a> fordert derzeit zahlreiche Privatkunden zum Austausch ihrer Kreditkarten auf. Das berichtet das &#8222;Handelsblatt&#8220; unter Verweis auf ein Kundenschreiben der Bank. In diesem bitte die Commerzbank die Kunden um deren Zustimmung zum Wechsel auf eine Visa-classic-Karte.<\/p>\n<p class=\"text-18 leading-17 user-text-lg:text-22 user-text-xl:text-24\">&#8222;Wir \u00e4ndern unser Angebot und stellen k\u00fcnftig Ihre <a href=\"https:\/\/www.handelsblatt.com\/themen\/mastercard?_gl=1*1yhg83u*_up*MQ..*_gs*MQ..&amp;gclid=Cj0KCQiAj9m7BhD1ARIsANsIIvDI-boaJt1f-1oTaTVSl_Y_hGIkmyNAldb9EUOm_aLcIsYbJ5xJse4aAsNmEALw_wcB\" target=\"_blank\" rel=\"nofollow noopener\" class=\"transition-colors cursor-pointer no-underline md:hover:text-magenta md:focus:text-magenta border-b border-solid border-current text-salemsfur md:hover:border-magenta\" data-tracking=\"{&quot;action&quot;:&quot;click&quot;,&quot;category&quot;:&quot;intextLink&quot;,&quot;label&quot;:&quot;https:\/\/www.handelsblatt.com\/themen\/mastercard?_gl=1*1yhg83u*_up*MQ..*_gs*MQ..&amp;gclid=Cj0KCQiAj9m7BhD1ARIsANsIIvDI-boaJt1f-1oTaTVSl_Y_hGIkmyNAldb9EUOm_aLcIsYbJ5xJse4aAsNmEALw_wcB&quot;}\" data-sctrack=\"BodyAnchor\">Mastercard<\/a> Classic ein&#8220;, schreibt die Bank. Ohne Einwilligung k\u00f6nne eine K\u00fcndigung &#8222;sp\u00e4testens zum Ablaufdatum ihrer Karte nicht ausgeschlossen werden&#8220;. Die Commerzbank hatte im Februar 2025 eine strategische Zusammenarbeit mit Visa vereinbart. Kunden, die bislang standardm\u00e4\u00dfig eine Mastercard erhielten, sollen nun schrittweise vom Wechsel auf eine Visa-Karte \u00fcberzeugt werden.<\/p>\n<p class=\"text-18 leading-17 user-text-lg:text-22 user-text-xl:text-24\">Kunden, die weiterhin eine Mastercard-Kreditkarte haben m\u00f6chten, k\u00f6nnen in ein Premium-Konto wechseln. Dieses kostet 12,90 Euro im Monat \u2013 im digitalen Girokonto sind die monatlichen Geb\u00fchren mit 4,90 Euro indes deutlich niedriger.<\/p>\n<p>Unterschiede zwischen Visa und Mastercard gering<\/p>\n<p class=\"text-18 leading-17 user-text-lg:text-22 user-text-xl:text-24\">F\u00fcr Kunden spielt die Wahl des Kreditkartenanbieters nur eine geringe Rolle. Entscheidend ist vielmehr, von welcher Bank sie diese beziehen. Schlie\u00dflich entscheidet die Bank \u00fcber anfallende Geb\u00fchren, Zusatzleistungen und Verf\u00fcgungsrahmen. Auch die Akzeptanz von Visa und Mastercard ist nahezu gleich: Beide Anbieter werden in \u00fcber 200 L\u00e4ndern akzeptiert und z\u00e4hlen zu den global am weitesten verbreiteten Zahlungsmitteln.<\/p>\n<p class=\"text-18 leading-17 user-text-lg:text-22 user-text-xl:text-24\">Lediglich regional gibt es leichte Unterschiede bei der Akzeptanz: W\u00e4hrend Visa vor allem in den <a href=\"https:\/\/www.t-online.de\/themen\/usa\/\" class=\"transition-colors cursor-pointer no-underline md:hover:text-magenta md:focus:text-magenta border-b border-solid border-current text-salemsfur md:hover:border-magenta\" data-tracking=\"{&quot;action&quot;:&quot;click&quot;,&quot;category&quot;:&quot;intextLink&quot;,&quot;label&quot;:&quot;\/themen\/usa\/&quot;}\" data-sctrack=\"BodyAnchor\" rel=\"nofollow noopener\" target=\"_blank\">USA<\/a> \u00fcber eine etwas h\u00f6here Akzeptanz verf\u00fcgt, ist Mastercard in Teilen Europas, S\u00fcdamerikas und Asiens st\u00e4rker vertreten.<\/p>\n","protected":false},"excerpt":{"rendered":"Kunden sollen wechseln Commerzbank tauscht Kreditkarten aus 10.07.2026 &#8211; 17:51 UhrLesedauer: 1 Min. Visa und Mastercard: Die Commerzbank&hellip;\n","protected":false},"author":2,"featured_media":1157519,"comment_status":"","ping_status":"","sticky":false,"template":"","format":"standard","meta":{"footnotes":"","_share_on_mastodon":"0"},"categories":[134],"tags":[1593,2294,75663,175,9369,170,169,29,30,15370,83225,171,174,168645,173,172],"class_list":["post-1157518","post","type-post","status-publish","format-standard","has-post-thumbnail","category-unternehmen-maerkte","tag-1593","tag-bank","tag-bankkunde","tag-business","tag-commerzbank","tag-companies","tag-companies-markets","tag-deutschland","tag-germany","tag-handelsblatt","tag-kreditkarte","tag-markets","tag-maerkte","tag-mastercard-incorporated","tag-unternehmen","tag-unternehmen-maerkte"],"share_on_mastodon":{"url":"https:\/\/pubeurope.com\/@de\/116897683717123250","error":""},"_links":{"self":[{"href":"https:\/\/www.europesays.com\/de\/wp-json\/wp\/v2\/posts\/1157518","targetHints":{"allow":["GET"]}}],"collection":[{"href":"https:\/\/www.europesays.com\/de\/wp-json\/wp\/v2\/posts"}],"about":[{"href":"https:\/\/www.europesays.com\/de\/wp-json\/wp\/v2\/types\/post"}],"author":[{"embeddable":true,"href":"https:\/\/www.europesays.com\/de\/wp-json\/wp\/v2\/users\/2"}],"replies":[{"embeddable":true,"href":"https:\/\/www.europesays.com\/de\/wp-json\/wp\/v2\/comments?post=1157518"}],"version-history":[{"count":0,"href":"https:\/\/www.europesays.com\/de\/wp-json\/wp\/v2\/posts\/1157518\/revisions"}],"wp:featuredmedia":[{"embeddable":true,"href":"https:\/\/www.europesays.com\/de\/wp-json\/wp\/v2\/media\/1157519"}],"wp:attachment":[{"href":"https:\/\/www.europesays.com\/de\/wp-json\/wp\/v2\/media?parent=1157518"}],"wp:term":[{"taxonomy":"category","embeddable":true,"href":"https:\/\/www.europesays.com\/de\/wp-json\/wp\/v2\/categories?post=1157518"},{"taxonomy":"post_tag","embeddable":true,"href":"https:\/\/www.europesays.com\/de\/wp-json\/wp\/v2\/tags?post=1157518"}],"curies":[{"name":"wp","href":"https:\/\/api.w.org\/{rel}","templated":true}]}}