{"id":1157587,"date":"2026-07-10T21:38:24","date_gmt":"2026-07-10T21:38:24","guid":{"rendered":"https:\/\/www.europesays.com\/de\/1157587\/"},"modified":"2026-07-10T21:38:24","modified_gmt":"2026-07-10T21:38:24","slug":"waldbrand-nuernberg-feuerwehr-kaempft-gegen-flammen-inmitten-der-stadt","status":"publish","type":"post","link":"https:\/\/www.europesays.com\/de\/1157587\/","title":{"rendered":"Waldbrand N\u00fcrnberg: Feuerwehr k\u00e4mpft gegen Flammen inmitten der Stadt"},"content":{"rendered":"<p>Konzert vorzeitig beendet <\/p>\n<p>Waldst\u00fcck in N\u00fcrnberg brennt \u2013 Rauchwolke \u00fcber der Stadt<\/p>\n<p>10.07.2026 &#8211; 23:17 UhrLesedauer: 1 Min.<\/p>\n<p><a href=\"#focus-0\" class=\"transition-colors block text-current relative\" data-sctrack=\"FocusGalleryImage.Reference\"><img fetchpriority=\"high\" data-testid=\"Opener.Image\"   loading=\"eager\" src=\"https:\/\/www.europesays.com\/de\/wp-content\/uploads\/2026\/07\/feuer-im-grosseinsatz-im-nuernberger-suedosten-ist-ein-grossflaechiges-feuer-ausgebrochen.png\" alt=\"Feuer im Gro\u00dfeinsatz: Im N\u00fcrnberger S\u00fcdosten ist ein gro\u00dffl\u00e4chiges Feuer ausgebrochen.\" title=\"Feuer im Gro\u00dfeinsatz: Im N\u00fcrnberger S\u00fcdosten ist ein gro\u00dffl\u00e4chiges Feuer ausgebrochen.\" width=\"1148\" height=\"646\" class=\"bg-[url:var(--lqipURL)] bg-cover bg-center flex h-full w-full max-w-full\" style=\"--lqipURL:url('https:\/\/images.t-online.de\/2026\/07\/YFdZMyKaW6-c\/3x0:1148x646\/fit-in\/150x0\/filters:blur(25)\/feuer-im-grosseinsatz-im-nuernberger-suedosten-ist-ein-grossflaechiges-feuer-ausgebrochen.png')\" decoding=\"async\"\/><img loading=\"lazy\" src=\"https:\/\/nuernberg.t-online.de\/s\/paper\/_next\/static\/media\/zoom-in.f7dae02f.svg\" alt=\"Vergr\u00f6\u00dfern des Bildes\" title=\"Vergr\u00f6\u00dfern des Bildes\" class=\"block h-[calc(var(--height)_\/_16_*_1rem)] w-[calc(var(--width)_\/_16_*_1rem)] max-w-none absolute right-8 bottom-8 rounded-4 bg-snow p-8\" style=\"--width:32;--height:32\" decoding=\"async\"\/><\/a><\/p>\n<p>Feuerwehr im Gro\u00dfeinsatz: Im N\u00fcrnberger S\u00fcdosten ist ein gro\u00dffl\u00e4chiges Feuer ausgebrochen. (Quelle: Privat)<\/p>\n<p><img loading=\"lazy\" src=\"https:\/\/nuernberg.t-online.de\/s\/paper\/_next\/static\/media\/audio-volume.6689034c.svg\" alt=\"\" title=\"\" class=\"block h-[calc(var(--height)_\/_16_*_1rem)] w-[calc(var(--width)_\/_16_*_1rem)] max-w-none group-hover:brightness-0 group-hover:invert\" style=\"--width:16;--height:16\" decoding=\"async\"\/>Vorlesen<\/p>\n<p>Aktuelle Zeit:0:00Gesamtdauer:0:00<\/p>\n<p>1x<\/p>\n<p class=\"text-center\">Jetzt neu bei t-online:<\/p>\n<p class=\"text-center\">Schriftgr\u00f6\u00dfe anpassen!<\/p>\n<p><img loading=\"lazy\" src=\"https:\/\/nuernberg.t-online.de\/s\/paper\/_next\/static\/media\/font-sizes.32942e33.svg\" alt=\"\" title=\"\" class=\"block h-[calc(var(--height)_\/_16_*_1rem)] w-[calc(var(--width)_\/_16_*_1rem)] max-w-none group-hover:hidden group-aria-expanded:hidden\" style=\"--width:16;--height:16\" decoding=\"async\"\/><img loading=\"lazy\" src=\"https:\/\/nuernberg.t-online.de\/s\/paper\/_next\/static\/media\/font-sizes-dark-mode.e382645c.svg\" alt=\"\" title=\"\" class=\"block h-[calc(var(--height)_\/_16_*_1rem)] w-[calc(var(--width)_\/_16_*_1rem)] max-w-none hidden group-hover:block group-aria-expanded:block\" style=\"--width:16;--height:16\" decoding=\"async\"\/><img loading=\"lazy\" src=\"https:\/\/nuernberg.t-online.de\/s\/paper\/_next\/static\/media\/sharing-menu-icon.1eb71368.svg\" alt=\"\" title=\"\" class=\"block h-[calc(var(--height)_\/_16_*_1rem)] w-[calc(var(--width)_\/_16_*_1rem)] max-w-none group-hover:brightness-0 group-hover:invert\" style=\"--width:16;--height:16\" decoding=\"async\"\/>Artikel teilen<\/p>\n<p class=\"font-bold text-18 leading-17 user-text-lg:text-22 user-text-xl:text-24\">Ein Waldst\u00fcck in N\u00fcrnberg steht in Flammen, dunkle Rauchschwaden ziehen \u00fcber die Stadt. Die Hintergr\u00fcnde sind noch v\u00f6llig unklar.<\/p>\n<p class=\"text-18 leading-17 user-text-lg:text-22 user-text-xl:text-24\">Im S\u00fcdosten N\u00fcrnbergs ist am Freitagabend ein Waldst\u00fcck in Brand geraten. Zur Stunde sind zahlreiche Kr\u00e4fte der Feuerwehr damit besch\u00e4ftigt, dem Brand Herr zu werden. Bilder zeigen Flammen, die zwischen B\u00e4umen lodern. Vom s\u00fcd\u00f6stlichen Stadtrand aus sind dunkelgraue Rauchschwaden zu sehen.<\/p>\n<p class=\"text-18 leading-17 user-text-lg:text-22 user-text-xl:text-24\">Wie ein Pressesprecher auf Nachfrage der N\u00fcrnberger Lokalredaktion von t-online erkl\u00e4rt, ist die Polizei gegen 21.45 Uhr am Freitagabend \u00fcber ein Feuer an der Gro\u00dfen Stra\u00dfen in der sogenannten alten Westernstadt informiert worden. Das Gebiet liegt neben einem Campingplatz zwischen dem Messegel\u00e4nde und dem Stadion.<\/p>\n<p>Feuer in N\u00fcrnberg: Konzert abgesagt<\/p>\n<p class=\"text-18 leading-17 user-text-lg:text-22 user-text-xl:text-24\">Zahlreiche Feuerwehren und Kr\u00e4fte sind vor Ort, um das Feuer zu l\u00f6schen. Auch die Flughafen-Feuerwehr r\u00fcckt mit Spezialger\u00e4t an. Gegen 23 Uhr lodern die Flammen noch immer lichterloh. Die Berufsfeuerwehr N\u00fcrnberg r\u00e4t auf Instagram dazu, das Gebiet weitr\u00e4umig zu umfahren.<\/p>\n<p class=\"text-18 leading-17 user-text-lg:text-22 user-text-xl:text-24\">Im nahe gelegenen Stadionpark trat am Freitagabend die Rockband Marillion auf. Der Veranstalter beendete das Konzert vorzeitig.<\/p>\n<p class=\"text-18 leading-17 user-text-lg:text-22 user-text-xl:text-24\">Wie es zu dem Brand kam und was die Hintergr\u00fcnde sind, das sei aktuell noch v\u00f6llig unklar.<\/p>\n<p class=\"text-18 leading-17 user-text-lg:text-22 user-text-xl:text-24\">Weitere Informationen folgen.<\/p>\n","protected":false},"excerpt":{"rendered":"Konzert vorzeitig beendet Waldst\u00fcck in N\u00fcrnberg brennt \u2013 Rauchwolke \u00fcber der Stadt 10.07.2026 &#8211; 23:17 UhrLesedauer: 1 Min.&hellip;\n","protected":false},"author":2,"featured_media":1157588,"comment_status":"","ping_status":"","sticky":false,"template":"","format":"standard","meta":{"footnotes":"","_share_on_mastodon":"0"},"categories":[1837],"tags":[772,3364,29,985,30,3786,3783,121,56771,34171,27609],"class_list":["post-1157587","post","type-post","status-publish","format-standard","has-post-thumbnail","category-nuernberg","tag-bayern","tag-de","tag-deutschland","tag-feuerwehr","tag-germany","tag-grosseinsatz","tag-nuernberg","tag-polizei","tag-rauchschwaden","tag-rauchwolke","tag-suedosten"],"share_on_mastodon":{"url":"https:\/\/pubeurope.com\/@de\/116897850151937690","error":""},"_links":{"self":[{"href":"https:\/\/www.europesays.com\/de\/wp-json\/wp\/v2\/posts\/1157587","targetHints":{"allow":["GET"]}}],"collection":[{"href":"https:\/\/www.europesays.com\/de\/wp-json\/wp\/v2\/posts"}],"about":[{"href":"https:\/\/www.europesays.com\/de\/wp-json\/wp\/v2\/types\/post"}],"author":[{"embeddable":true,"href":"https:\/\/www.europesays.com\/de\/wp-json\/wp\/v2\/users\/2"}],"replies":[{"embeddable":true,"href":"https:\/\/www.europesays.com\/de\/wp-json\/wp\/v2\/comments?post=1157587"}],"version-history":[{"count":0,"href":"https:\/\/www.europesays.com\/de\/wp-json\/wp\/v2\/posts\/1157587\/revisions"}],"wp:featuredmedia":[{"embeddable":true,"href":"https:\/\/www.europesays.com\/de\/wp-json\/wp\/v2\/media\/1157588"}],"wp:attachment":[{"href":"https:\/\/www.europesays.com\/de\/wp-json\/wp\/v2\/media?parent=1157587"}],"wp:term":[{"taxonomy":"category","embeddable":true,"href":"https:\/\/www.europesays.com\/de\/wp-json\/wp\/v2\/categories?post=1157587"},{"taxonomy":"post_tag","embeddable":true,"href":"https:\/\/www.europesays.com\/de\/wp-json\/wp\/v2\/tags?post=1157587"}],"curies":[{"name":"wp","href":"https:\/\/api.w.org\/{rel}","templated":true}]}}