{"id":1157602,"date":"2026-07-10T21:48:14","date_gmt":"2026-07-10T21:48:14","guid":{"rendered":"https:\/\/www.europesays.com\/de\/1157602\/"},"modified":"2026-07-10T21:48:14","modified_gmt":"2026-07-10T21:48:14","slug":"40-nordfriesinnen-beim-deutschen-landfrauentag-in-essen","status":"publish","type":"post","link":"https:\/\/www.europesays.com\/de\/1157602\/","title":{"rendered":"40 Nordfriesinnen beim Deutschen Landfrauentag in Essen"},"content":{"rendered":"<p class=\"\">\n                    Alle zwei Jahre l\u00e4dt der Deutsche Landfrauenverband zum Deutschen Landfrauentag ein \u2013 immer in einem anderen Bundesland. In diesem Jahr stand die Veranstaltung unter dem Motto \u201egestalten.begeistern.bewegen.Gemeinschaft\u201c. Rund 5000 Landfrauen aus ganz Deutschland reisten daf\u00fcr nach Essen. Mit dabei: 40 Frauen aus Nordfriesland, die sich einen unvergesslichen Landfrauentag und ein paar ereignisreiche Tage im Ruhrgebiet g\u00f6nnten.<\/p>\n<p>Der Festakt machte deutlich, welche zentrale Rolle Frauen f\u00fcr die Zukunft l\u00e4ndlicher R\u00e4ume, der Landwirtschaft und der Demokratie spielen. Redner aus Politik und Wirtschaft w\u00fcrdigten das besondere Engagement der Landfrauen und forderten mehr Sichtbarkeit und Wertsch\u00e4tzung f\u00fcr Frauen im l\u00e4ndlichen Raum \u2013 schlie\u00dflich wird die Zukunft der Landwirtschaft ma\u00dfgeblich von ihnen mitgestaltet.\n            <\/p>\n<p>            Geehrte Landfrauen und Unternehmerinnen<\/p>\n<p class=\"\">\n                    Am Nachmittag standen Ehrungen im Mittelpunkt: Der Deutsche Landfrauenverband (dlv) zeichnete aus den eigenen Reihen Frauen aus, deren Engagement besondere Anerkennung verdient \u2013 mit den Titeln \u201eLandfrau des Jahres\u201c und \u201eUnternehmerin des Jahres\u201c. Zwischen den Programmpunkten sorgte das Team Rautenberg f\u00fcr ein besonderes Gemeinschaftserlebnis: Beim \u201eRudelsingen\u201c in der Grugahalle erhoben alle gemeinsam die Stimme, was allen sichtlich Spa\u00df gemacht hat.\n            <\/p>\n<p>\n                                Spannend war der Besuch in der Zeche Zollverein.<br \/>\n                            Foto: Inge Carstensen<\/p>\n<p><img decoding=\"async\" src=\"https:\/\/www.europesays.com\/de\/wp-content\/uploads\/2026\/07\/1e74afb02fc38d6f.jpg\" title=\"Spannend war der Besuch in der Zeche Zollverein.\" alt=\"Spannend war der Besuch in der Zeche Zollverein.\" class=\"lightbox__single-image__content__image-wrapper__img\" loading=\"lazy\" width=\"375\" height=\"210\"\/>Icon MaximizeIcon Lightbox Maximize<\/p>\n<p>SchliessenX ZeichenKleines Zeichen welches ein X symbolisiert<\/p>\n<p><img decoding=\"async\" class=\"lightbox--enabled__container__image-wrapper__img\" src=\"\" alt=\"\"\/><\/p>\n<p class=\"\">\n                    Die 40 Frauen aus Nordfriesland nutzten die Gelegenheit f\u00fcr einen kleinen St\u00e4dtetrip. Bei der Ankunft am Nachmittag machte ihnen zun\u00e4chst die Hitze zu schaffen \u2013 bei 37 Grad wurde aus dem geplanten Stadtrundgang kurzerhand eine Busrundfahrt. Der Stadtf\u00fchrer zeigte das ehemalige Krupp-Viertel, einst Zentrum der Stahlindustrie, sowie die Ruhr mit ihren gr\u00fcnen Ufern und kleinen Oasen zum Entspannen. Auch die Margarethenh\u00f6he und die Zeche Zollverein waren schon vom Bus aus zu bestaunen. Den Abend lie\u00df die Reisegruppe bei einem guten Essen im Hotel und einem k\u00fchlen Getr\u00e4nk in der Stadt ausklingen.\n            <\/p>\n<p>            Einblicke in die harte Arbeit unter Tage<\/p>\n<p class=\"\">\n                    Am n\u00e4chsten Tag ging es zu Fu\u00df weiter: Ein Stadtf\u00fchrer begleitete die Gruppe zum Essener Dom, der Bischofskirche des Bistums Essen \u2013 auch \u201eRuhrbistum\u201c genannt \u2013 am Burgplatz in der Innenstadt. Anschlie\u00dfend besuchten die Landfrauen die Margarethenh\u00f6he. Die zwischen 1909 und 1938 nach ihrer Stifterin Margarethe Krupp benannte Gartenstadt gilt als Paradebeispiel einer modernen Siedlung und ist heute ein Denkmal von europ\u00e4ischem Rang.\n            <\/p>\n<p class=\"\">\n                    Tief beeindruckt zeigten sich die Frauen von der Zeche Zollverein: Bis 1986 wurde hier Steinkohle gef\u00f6rdert, und eine fundierte F\u00fchrung machte eindr\u00fccklich klar, wie hart die Arbeit unter Tage einst war. Zum Abschluss der Reise, bereits auf dem Heimweg, stand noch der Nordsternturm in Gelsenkirchen auf dem Programm \u2013 ebenfalls eine ehemalige Zeche, die bis 1993 in Betrieb war. Vom 83 Meter hohen Turm genossen die Frauen einen grandiosen Blick \u00fcber Essen und den gr\u00fcnen Ruhrpott.<\/p>\n<p>Trotz der sommerlichen Hitze waren alle Mitreisenden bester Stimmung \u2013 und freuen sich schon jetzt auf den n\u00e4chsten Deutschen Landfrauentag am Sonntag, 18. Juli 2028, in Heidelberg.<\/p>\n<p>Dieser Text wurde erstellt von:<br \/>Maike Nommensen\/Magret Albrecht<br \/>Kreislandfrauenverband Nordfriesland\n            <\/p>\n","protected":false},"excerpt":{"rendered":"Alle zwei Jahre l\u00e4dt der Deutsche Landfrauenverband zum Deutschen Landfrauentag ein \u2013 immer in einem anderen Bundesland. In&hellip;\n","protected":false},"author":2,"featured_media":1157603,"comment_status":"","ping_status":"","sticky":false,"template":"","format":"standard","meta":{"footnotes":"","_share_on_mastodon":"0"},"categories":[1834],"tags":[3364,3536,29,3688,3658,30,2476,242798,1209,3041,779,3866,6647],"class_list":["post-1157602","post","type-post","status-publish","format-standard","has-post-thumbnail","category-essen","tag-de","tag-denkmalschutz","tag-deutschland","tag-essen","tag-gelsenkirchen","tag-germany","tag-heidelberg","tag-margarethe-krupp","tag-nordrhein-westfalen","tag-stadt","tag-thyssenkrupp","tag-veranstaltungen","tag-zollverein"],"share_on_mastodon":{"url":"","error":""},"_links":{"self":[{"href":"https:\/\/www.europesays.com\/de\/wp-json\/wp\/v2\/posts\/1157602","targetHints":{"allow":["GET"]}}],"collection":[{"href":"https:\/\/www.europesays.com\/de\/wp-json\/wp\/v2\/posts"}],"about":[{"href":"https:\/\/www.europesays.com\/de\/wp-json\/wp\/v2\/types\/post"}],"author":[{"embeddable":true,"href":"https:\/\/www.europesays.com\/de\/wp-json\/wp\/v2\/users\/2"}],"replies":[{"embeddable":true,"href":"https:\/\/www.europesays.com\/de\/wp-json\/wp\/v2\/comments?post=1157602"}],"version-history":[{"count":0,"href":"https:\/\/www.europesays.com\/de\/wp-json\/wp\/v2\/posts\/1157602\/revisions"}],"wp:featuredmedia":[{"embeddable":true,"href":"https:\/\/www.europesays.com\/de\/wp-json\/wp\/v2\/media\/1157603"}],"wp:attachment":[{"href":"https:\/\/www.europesays.com\/de\/wp-json\/wp\/v2\/media?parent=1157602"}],"wp:term":[{"taxonomy":"category","embeddable":true,"href":"https:\/\/www.europesays.com\/de\/wp-json\/wp\/v2\/categories?post=1157602"},{"taxonomy":"post_tag","embeddable":true,"href":"https:\/\/www.europesays.com\/de\/wp-json\/wp\/v2\/tags?post=1157602"}],"curies":[{"name":"wp","href":"https:\/\/api.w.org\/{rel}","templated":true}]}}