{"id":1157687,"date":"2026-07-10T22:42:16","date_gmt":"2026-07-10T22:42:16","guid":{"rendered":"https:\/\/www.europesays.com\/de\/1157687\/"},"modified":"2026-07-10T22:42:16","modified_gmt":"2026-07-10T22:42:16","slug":"gewinnerstueck-des-kleistpreises-kaleb-erdmanns-debritz-am-staatstheater-karlsruhe","status":"publish","type":"post","link":"https:\/\/www.europesays.com\/de\/1157687\/","title":{"rendered":"Gewinnerst\u00fcck des Kleistpreises: Kaleb Erdmanns \u201eDebritz\u201c am Staatstheater &#8211; Karlsruhe"},"content":{"rendered":"<p class=\"rhp-dpa-teaser\"><b>F\u00fcr \u201eDebritz\u201c erhielt Kaleb Erdmann den Kleist-F\u00f6rderpreis. Die Karlsruher Urauff\u00fchrung setzt auf Komik \u2013 und verstellt damit den politischen Ernst des St\u00fccks.<\/b><\/p>\n<p>Tief drunten unter dem Th\u00fcringer Kyffh\u00e4user sitzt seit Jahrhunderten der sagenhafte Friedenskaiser Barbarossa. Er schl\u00e4ft und wartet auf \u201ebe\u00df\u2019re Zeiten\u201c, wenn die unheilvollen Raben nicht mehr um den Berg fliegen und des Reiches Herrlichkeit wieder erbl\u00fcht. So steht es etwa bei den Br\u00fcdern Grimm. Und nun findet dieser Mythos eine Neubelebung im Karlsruher Staatstheater, wo der legend\u00e4re Kaiser Rotbart in der Urauff\u00fchrung von Kaleb<\/p>\n<p class=\"rhp-teaser\"><b>F\u00fcr \u201eDebritz\u201c erhielt Kaleb Erdmann den Kleist-F\u00f6rderpreis. Die Karlsruher Urauff\u00fchrung setzt auf Komik \u2013 und verstellt damit den politischen Ernst des St\u00fccks.<\/b><\/p>\n","protected":false},"excerpt":{"rendered":"F\u00fcr \u201eDebritz\u201c erhielt Kaleb Erdmann den Kleist-F\u00f6rderpreis. Die Karlsruher Urauff\u00fchrung setzt auf Komik \u2013 und verstellt damit den&hellip;\n","protected":false},"author":2,"featured_media":1157688,"comment_status":"","ping_status":"","sticky":false,"template":"","format":"standard","meta":{"footnotes":"","_share_on_mastodon":"0"},"categories":[1844],"tags":[1634,23660,242814,129,3364,242813,29,30,121932,8903,242815,4060,861,3643],"class_list":["post-1157687","post","type-post","status-publish","format-standard","has-post-thumbnail","category-karlsruhe","tag-baden-wuerttemberg","tag-boeblingen","tag-brit-bartkowiak","tag-ddr","tag-de","tag-debritz","tag-deutschland","tag-germany","tag-kaleb-erdmann","tag-karlsruhe","tag-kyffhaeuser","tag-lokal","tag-thueringen","tag-west"],"share_on_mastodon":{"url":"https:\/\/pubeurope.com\/@de\/116898099918460881","error":""},"_links":{"self":[{"href":"https:\/\/www.europesays.com\/de\/wp-json\/wp\/v2\/posts\/1157687","targetHints":{"allow":["GET"]}}],"collection":[{"href":"https:\/\/www.europesays.com\/de\/wp-json\/wp\/v2\/posts"}],"about":[{"href":"https:\/\/www.europesays.com\/de\/wp-json\/wp\/v2\/types\/post"}],"author":[{"embeddable":true,"href":"https:\/\/www.europesays.com\/de\/wp-json\/wp\/v2\/users\/2"}],"replies":[{"embeddable":true,"href":"https:\/\/www.europesays.com\/de\/wp-json\/wp\/v2\/comments?post=1157687"}],"version-history":[{"count":0,"href":"https:\/\/www.europesays.com\/de\/wp-json\/wp\/v2\/posts\/1157687\/revisions"}],"wp:featuredmedia":[{"embeddable":true,"href":"https:\/\/www.europesays.com\/de\/wp-json\/wp\/v2\/media\/1157688"}],"wp:attachment":[{"href":"https:\/\/www.europesays.com\/de\/wp-json\/wp\/v2\/media?parent=1157687"}],"wp:term":[{"taxonomy":"category","embeddable":true,"href":"https:\/\/www.europesays.com\/de\/wp-json\/wp\/v2\/categories?post=1157687"},{"taxonomy":"post_tag","embeddable":true,"href":"https:\/\/www.europesays.com\/de\/wp-json\/wp\/v2\/tags?post=1157687"}],"curies":[{"name":"wp","href":"https:\/\/api.w.org\/{rel}","templated":true}]}}