{"id":1157704,"date":"2026-07-10T22:52:24","date_gmt":"2026-07-10T22:52:24","guid":{"rendered":"https:\/\/www.europesays.com\/de\/1157704\/"},"modified":"2026-07-10T22:52:24","modified_gmt":"2026-07-10T22:52:24","slug":"selenskyj-china-hat-russland-deutlich-gewarnt","status":"publish","type":"post","link":"https:\/\/www.europesays.com\/de\/1157704\/","title":{"rendered":"Selenskyj: China hat Russland deutlich gewarnt"},"content":{"rendered":"<p>Selenskyj berichtet aus Gipfel-Gespr\u00e4chen <\/p>\n<p>Xi soll Putin deutlich gewarnt haben<\/p>\n<p>11.07.2026 &#8211; 00:30 UhrLesedauer: 2 Min.<\/p>\n<p><a href=\"#focus-0\" class=\"transition-colors block text-current relative\" data-sctrack=\"FocusGalleryImage.Reference\"><img fetchpriority=\"high\" data-testid=\"Opener.Image\"   loading=\"eager\" src=\"https:\/\/www.europesays.com\/de\/wp-content\/uploads\/2026\/07\/wladimir-putin-und-xi-jinping-in-der-grossen-halle-des-volkes-in-peking.jpg\" alt=\"urn:newsml:dpa.com:20090101:260520-99-481699\" title=\"urn:newsml:dpa.com:20090101:260520-99-481699\" width=\"2048\" height=\"1152\" class=\"bg-[url:var(--lqipURL)] bg-cover bg-center flex h-full w-full max-w-full\" style=\"--lqipURL:url('https:\/\/images.t-online.de\/2026\/05\/SStgD4MRuQ6F\/0x106:2048x1152\/fit-in\/150x0\/filters:blur(25)\/wladimir-putin-und-xi-jinping-in-der-grossen-halle-des-volkes-in-peking.jpg')\" decoding=\"async\"\/><img loading=\"lazy\" src=\"https:\/\/www.t-online.de\/s\/paper\/_next\/static\/media\/zoom-in.f7dae02f.svg\" alt=\"Vergr\u00f6\u00dfern des Bildes\" title=\"Vergr\u00f6\u00dfern des Bildes\" class=\"block h-[calc(var(--height)_\/_16_*_1rem)] w-[calc(var(--width)_\/_16_*_1rem)] max-w-none absolute right-8 bottom-8 rounded-4 bg-snow p-8\" style=\"--width:32;--height:32\" decoding=\"async\"\/><\/a><\/p>\n<p>Wladimir Putin und Xi Jinping in der Gro\u00dfen Halle des Volkes in Peking: China soll Russland eine Grenze aufgezeigt haben. (Archivbild) (Quelle: Maxim Shemetov\/dpa)<\/p>\n<p><img loading=\"lazy\" src=\"https:\/\/www.t-online.de\/s\/paper\/_next\/static\/media\/audio-volume.6689034c.svg\" alt=\"\" title=\"\" class=\"block h-[calc(var(--height)_\/_16_*_1rem)] w-[calc(var(--width)_\/_16_*_1rem)] max-w-none group-hover:brightness-0 group-hover:invert\" style=\"--width:16;--height:16\" decoding=\"async\"\/>Vorlesen<\/p>\n<p>Aktuelle Zeit:0:00Gesamtdauer:0:00<\/p>\n<p>1x<\/p>\n<p class=\"text-center\">Jetzt neu bei t-online:<\/p>\n<p class=\"text-center\">Schriftgr\u00f6\u00dfe anpassen!<\/p>\n<p><img loading=\"lazy\" src=\"https:\/\/www.t-online.de\/s\/paper\/_next\/static\/media\/font-sizes.32942e33.svg\" alt=\"\" title=\"\" class=\"block h-[calc(var(--height)_\/_16_*_1rem)] w-[calc(var(--width)_\/_16_*_1rem)] max-w-none group-hover:hidden group-aria-expanded:hidden\" style=\"--width:16;--height:16\" decoding=\"async\"\/><img loading=\"lazy\" src=\"https:\/\/www.t-online.de\/s\/paper\/_next\/static\/media\/font-sizes-dark-mode.e382645c.svg\" alt=\"\" title=\"\" class=\"block h-[calc(var(--height)_\/_16_*_1rem)] w-[calc(var(--width)_\/_16_*_1rem)] max-w-none hidden group-hover:block group-aria-expanded:block\" style=\"--width:16;--height:16\" decoding=\"async\"\/><img loading=\"lazy\" src=\"https:\/\/www.t-online.de\/s\/paper\/_next\/static\/media\/sharing-menu-icon.1eb71368.svg\" alt=\"\" title=\"\" class=\"block h-[calc(var(--height)_\/_16_*_1rem)] w-[calc(var(--width)_\/_16_*_1rem)] max-w-none group-hover:brightness-0 group-hover:invert\" style=\"--width:16;--height:16\" decoding=\"async\"\/>Artikel teilen<\/p>\n<p class=\"font-bold text-18 leading-17 user-text-lg:text-22 user-text-xl:text-24\">Peking will offenbar eine weitere Eskalation im Ukraine-Krieg verhindern. Russland soll eine rote Linie aufgezeigt worden sein.<\/p>\n<p class=\"text-18 leading-17 user-text-lg:text-22 user-text-xl:text-24\">Beim vergangenen Nato-Gipfel in <a href=\"https:\/\/www.t-online.de\/themen\/ankara\/\" class=\"transition-colors cursor-pointer no-underline md:hover:text-magenta md:focus:text-magenta border-b border-solid border-current text-salemsfur md:hover:border-magenta\" data-tracking=\"{&quot;action&quot;:&quot;click&quot;,&quot;category&quot;:&quot;intextLink&quot;,&quot;label&quot;:&quot;\/themen\/ankara\/&quot;}\" data-sctrack=\"BodyAnchor\" rel=\"nofollow noopener\" target=\"_blank\">Ankara<\/a> hat es nach Angaben des ukrainischen Pr\u00e4sidenten <a href=\"https:\/\/www.t-online.de\/themen\/wolodymyr-selenskyj\/\" class=\"transition-colors cursor-pointer no-underline md:hover:text-magenta md:focus:text-magenta border-b border-solid border-current text-salemsfur md:hover:border-magenta\" data-tracking=\"{&quot;action&quot;:&quot;click&quot;,&quot;category&quot;:&quot;intextLink&quot;,&quot;label&quot;:&quot;\/themen\/wolodymyr-selenskyj\/&quot;}\" data-sctrack=\"BodyAnchor\" rel=\"nofollow noopener\" target=\"_blank\">Wolodymyr Selenskyj<\/a> auch Gespr\u00e4che \u00fcber die Rolle Chinas im Ukraine-Krieg gegeben.<\/p>\n<p class=\"text-18 leading-17 user-text-lg:text-22 user-text-xl:text-24\">Bei den Gespr\u00e4chen zwischen Selenskyj und US-Pr\u00e4sident Trump sei <a href=\"https:\/\/www.t-online.de\/themen\/china\/\" class=\"transition-colors cursor-pointer no-underline md:hover:text-magenta md:focus:text-magenta border-b border-solid border-current text-salemsfur md:hover:border-magenta\" data-tracking=\"{&quot;action&quot;:&quot;click&quot;,&quot;category&quot;:&quot;intextLink&quot;,&quot;label&quot;:&quot;\/themen\/china\/&quot;}\" data-sctrack=\"BodyAnchor\" rel=\"nofollow noopener\" target=\"_blank\">China<\/a> ein wichtiges Thema gewesen, sagte Selenskyj am Donnerstag laut Bericht der ukrainischen Nachrichtenagentur RBC. Er wollte keine Details nennen, verwies aber darauf, dass auch europ\u00e4ische Regierungschefs \u00fcber ihre Kontakte mit der chinesischen Regierung gesprochen h\u00e4tten.<\/p>\n<p class=\"text-18 leading-17 user-text-lg:text-22 user-text-xl:text-24\">Dabei soll <a href=\"https:\/\/www.t-online.de\/themen\/peking\/\" class=\"transition-colors cursor-pointer no-underline md:hover:text-magenta md:focus:text-magenta border-b border-solid border-current text-salemsfur md:hover:border-magenta\" data-tracking=\"{&quot;action&quot;:&quot;click&quot;,&quot;category&quot;:&quot;intextLink&quot;,&quot;label&quot;:&quot;\/themen\/peking\/&quot;}\" data-sctrack=\"BodyAnchor\" rel=\"nofollow noopener\" target=\"_blank\">Peking<\/a> sehr harsch auf russische Medienberichte reagiert haben, die den Einsatz von Atomwaffen fordern. &#8222;Es ist sehr wichtig zu betonen, dass nicht nur die Europ\u00e4er, nicht nur die Vereinigten Staaten, sondern auch China reagiert haben. Und mir scheint, dass dies das erste Mal ist, dass sie so klar und so entschieden \u2013 wie mir gesagt wurde, in einer ultimatumartigen Weise \u2013 reagiert haben, dass \u00fcber den Einsatz von Atomwaffen keinerlei Diskussion stattfinden darf&#8220;, sagte Selenskyj ukrainischen Reportern.<\/p>\n<p class=\"text-18 leading-17 user-text-lg:text-22 user-text-xl:text-24\">Offiziell h\u00e4lt sich China aus dem Krieg heraus, es gibt aber, teils \u00fcber Drittl\u00e4nder abgewickelte, Lieferungen von Waffenkomponenten. Au\u00dferdem kauft Peking Rohstoffe von <a href=\"https:\/\/www.t-online.de\/themen\/russland\/\" class=\"transition-colors cursor-pointer no-underline md:hover:text-magenta md:focus:text-magenta border-b border-solid border-current text-salemsfur md:hover:border-magenta\" data-tracking=\"{&quot;action&quot;:&quot;click&quot;,&quot;category&quot;:&quot;intextLink&quot;,&quot;label&quot;:&quot;\/themen\/russland\/&quot;}\" data-sctrack=\"BodyAnchor\" rel=\"nofollow noopener\" target=\"_blank\">Russland<\/a>.<\/p>\n<p>Atomwaffen\u00fcbungen in Belarus<\/p>\n<p class=\"text-18 leading-17 user-text-lg:text-22 user-text-xl:text-24\">Bislang hat <a href=\"https:\/\/www.t-online.de\/themen\/wladimir-putin\/\" class=\"transition-colors cursor-pointer no-underline md:hover:text-magenta md:focus:text-magenta border-b border-solid border-current text-salemsfur md:hover:border-magenta\" data-tracking=\"{&quot;action&quot;:&quot;click&quot;,&quot;category&quot;:&quot;intextLink&quot;,&quot;label&quot;:&quot;\/themen\/wladimir-putin\/&quot;}\" data-sctrack=\"BodyAnchor\" rel=\"nofollow noopener\" target=\"_blank\">Wladimir Putin<\/a> davon abgesehen, direkte nukleare Drohungen gegen <a href=\"https:\/\/www.t-online.de\/themen\/kiew\/\" class=\"transition-colors cursor-pointer no-underline md:hover:text-magenta md:focus:text-magenta border-b border-solid border-current text-salemsfur md:hover:border-magenta\" data-tracking=\"{&quot;action&quot;:&quot;click&quot;,&quot;category&quot;:&quot;intextLink&quot;,&quot;label&quot;:&quot;\/themen\/kiew\/&quot;}\" data-sctrack=\"BodyAnchor\" rel=\"nofollow noopener\" target=\"_blank\">Kiew<\/a> auszusprechen. Russland f\u00fchrte aber im Mai in <a href=\"https:\/\/www.t-online.de\/themen\/belarus\/\" class=\"transition-colors cursor-pointer no-underline md:hover:text-magenta md:focus:text-magenta border-b border-solid border-current text-salemsfur md:hover:border-magenta\" data-tracking=\"{&quot;action&quot;:&quot;click&quot;,&quot;category&quot;:&quot;intextLink&quot;,&quot;label&quot;:&quot;\/themen\/belarus\/&quot;}\" data-sctrack=\"BodyAnchor\" rel=\"nofollow noopener\" target=\"_blank\">Belarus<\/a> Atomwaffen\u00fcbungen durch. Trotz des Drucks seitens russischer Politiker erkl\u00e4rte Putin, die Angriffe der Ukraine richteten nicht gen\u00fcgend Schaden an, um eine nukleare Reaktion seiner Regierung zu rechtfertigen.<\/p>\n<p><a href=\"#focus-1\" class=\"transition-colors block text-current relative\" data-sctrack=\"FocusGalleryImage.Reference\"><img   loading=\"lazy\" src=\"https:\/\/www.europesays.com\/de\/wp-content\/uploads\/2026\/07\/russland-zeigt-in-sachen-atomwaffen-die-muskeln-hier-rollt-eine-strategische-atomrakete-vom-typ-topo.jpeg\" alt=\"Milit\u00e4rparade in Moskau\" title=\"Milit\u00e4rparade in Moskau\" width=\"2048\" height=\"1152\" class=\"h-full w-full max-w-full rounded-8\" decoding=\"async\"\/><img loading=\"lazy\" src=\"https:\/\/www.t-online.de\/s\/paper\/_next\/static\/media\/zoom-in.f7dae02f.svg\" alt=\"Vergr\u00f6\u00dfern des Bildes\" title=\"Vergr\u00f6\u00dfern des Bildes\" class=\"block h-[calc(var(--height)_\/_16_*_1rem)] w-[calc(var(--width)_\/_16_*_1rem)] max-w-none absolute right-8 bottom-8 rounded-4 bg-snow p-8\" style=\"--width:32;--height:32\" decoding=\"async\"\/>Russische Atomwaffen: Hier rollt eine strategische Atomrakete vom Typ Topol-M bei einer Milit\u00e4rparade durch Moskau. (Archivbild) (Quelle: Yuri Kochetkov\/epa\/dpa\/dpa-bilder)<\/a><\/p>\n<p class=\"text-18 leading-17 user-text-lg:text-22 user-text-xl:text-24\">Im Juni forderte der Sankt Petersburger Abgeordnete Viktor Perow, die Ukraine mit Atomwaffen anzugreifen. &#8222;Unser Pr\u00e4sident war gezwungen, die milit\u00e4rische Sonderoperation zu starten, aber leider verlief nicht alles wie geplant. Daher bin ich der Meinung, dass Sie, die Abgeordneten, sich mit der Bitte an den Pr\u00e4sidenten wenden sollten, den Einsatz von Atomwaffen zu beginnen \u2026 was die F\u00fchrung der Ukraine dazu bringen wird, ein Friedensabkommen zu unterzeichnen&#8220;, sagte Perow.<\/p>\n","protected":false},"excerpt":{"rendered":"Selenskyj berichtet aus Gipfel-Gespr\u00e4chen Xi soll Putin deutlich gewarnt haben 11.07.2026 &#8211; 00:30 UhrLesedauer: 2 Min. Wladimir Putin&hellip;\n","protected":false},"author":2,"featured_media":1157705,"comment_status":"","ping_status":"","sticky":false,"template":"","format":"standard","meta":{"footnotes":"","_share_on_mastodon":"0"},"categories":[4013],"tags":[1217,331,332,1207,916,227,2026,13,5793,32794,308,14,22256,15,1614,4043,4044,850,307,12,317,312,64,306,107,10257],"class_list":["post-1157704","post","type-post","status-publish","format-standard","has-post-thumbnail","category-russland","tag-1217","tag-aktuelle-nachrichten","tag-aktuelle-news","tag-ankara","tag-belarus","tag-china","tag-eskalation","tag-headlines","tag-kiew","tag-lindsey-graham","tag-moskau","tag-nachrichten","tag-nato-gipfel","tag-news","tag-peking","tag-russia","tag-russian-federation","tag-russische-foederation","tag-russland","tag-schlagzeilen","tag-ukraine","tag-ukrainekrieg","tag-usa","tag-wladimir-putin","tag-wolodymyr-selenskyj","tag-xi-jinping"],"share_on_mastodon":{"url":"https:\/\/pubeurope.com\/@de\/116898141225119396","error":""},"_links":{"self":[{"href":"https:\/\/www.europesays.com\/de\/wp-json\/wp\/v2\/posts\/1157704","targetHints":{"allow":["GET"]}}],"collection":[{"href":"https:\/\/www.europesays.com\/de\/wp-json\/wp\/v2\/posts"}],"about":[{"href":"https:\/\/www.europesays.com\/de\/wp-json\/wp\/v2\/types\/post"}],"author":[{"embeddable":true,"href":"https:\/\/www.europesays.com\/de\/wp-json\/wp\/v2\/users\/2"}],"replies":[{"embeddable":true,"href":"https:\/\/www.europesays.com\/de\/wp-json\/wp\/v2\/comments?post=1157704"}],"version-history":[{"count":0,"href":"https:\/\/www.europesays.com\/de\/wp-json\/wp\/v2\/posts\/1157704\/revisions"}],"wp:featuredmedia":[{"embeddable":true,"href":"https:\/\/www.europesays.com\/de\/wp-json\/wp\/v2\/media\/1157705"}],"wp:attachment":[{"href":"https:\/\/www.europesays.com\/de\/wp-json\/wp\/v2\/media?parent=1157704"}],"wp:term":[{"taxonomy":"category","embeddable":true,"href":"https:\/\/www.europesays.com\/de\/wp-json\/wp\/v2\/categories?post=1157704"},{"taxonomy":"post_tag","embeddable":true,"href":"https:\/\/www.europesays.com\/de\/wp-json\/wp\/v2\/tags?post=1157704"}],"curies":[{"name":"wp","href":"https:\/\/api.w.org\/{rel}","templated":true}]}}