{"id":1157708,"date":"2026-07-10T22:54:15","date_gmt":"2026-07-10T22:54:15","guid":{"rendered":"https:\/\/www.europesays.com\/de\/1157708\/"},"modified":"2026-07-10T22:54:15","modified_gmt":"2026-07-10T22:54:15","slug":"stromausfall-in-kuba-kuba-meldet-zweiten-blackout-innerhalb-einer-woche","status":"publish","type":"post","link":"https:\/\/www.europesays.com\/de\/1157708\/","title":{"rendered":"Stromausfall in Kuba: Kuba meldet zweiten Blackout innerhalb einer Woche"},"content":{"rendered":"<p class=\"paragraph article__item\">Auf der Karibikinsel <a class=\"rtr-entity\" href=\"https:\/\/www.zeit.de\/thema\/kuba\" rel=\"nofollow noopener\" target=\"_blank\">Kuba<\/a> ist es erneut zu einem inselweiten <a href=\"https:\/\/www.zeit.de\/politik\/ausland\/2026-07\/stromausfall-kuba-energiekrise-stromnetz-usa\" target=\"_blank\" rel=\"nofollow noopener\">Blackout<\/a> gekommen. Wie das Energieministerium mitteilte, wurden die Notfallprotokolle zur Wiederherstellung der Stromversorgung aktiviert. In den vergangenen Monaten kam es h\u00e4ufig zu teils tagelangen Ausf\u00e4llen.\n<\/p>\n<p class=\"paragraph article__item\">\u00bbDer Zusammenbruch ereignete sich inmitten einer kritischen Energiekrise, unter der das Land bereits schwer zu leiden hat\u00ab, schrieb Granma, die offizielle Zeitung der Kommunistischen Partei Kubas, auf der Plattform X. Vorrangig sei gem\u00e4\u00df den Protokollen die Versorgung von Einrichtungen wie Krankenh\u00e4usern sicherzustellen, hie\u00df es. Zu den Ursachen des erneuten Ausfalls machte die staatliche Stromgesellschaft UNE zun\u00e4chst keine Angaben.\n<\/p>\n<p>                                    Kubanische Regierung sieht Schuld bei den USA            <\/p>\n<p class=\"paragraph article__item\">Die sozialistische Karibikinsel k\u00e4mpft seit Jahren mit einer schweren Energiekrise, teilweise ausgel\u00f6st durch ein marodes Stromnetz und fehlende Investitionen. Die Regierung in Havanna macht die <a href=\"https:\/\/www.zeit.de\/politik\/ausland\/2026-06\/usa-kuba-sanktionen-miguel-diaz-canel-raul-castro\" target=\"_blank\" rel=\"nofollow noopener\">Sanktionen der USA<\/a> f\u00fcr die anhaltenden <a class=\"rtr-entity\" href=\"https:\/\/www.zeit.de\/thema\/stromversorgung\" rel=\"nofollow noopener\" target=\"_blank\">Stromausf\u00e4lle<\/a> verantwortlich. Im Juni hatten die USA sowohl gegen den aktuellen kubanischen Pr\u00e4sidenten Miguel D\u00edaz-Canel als auch gegen den ehemaligen Pr\u00e4sidenten Ra\u00fal Castro Sanktionen verh\u00e4ngt. Teile der kubanischen Regierung wie das kubanische Verteidigungsministerium und die Komitees zur Verteidigung der Revolution (CDR) werden ebenfalls von den USA sanktioniert.\n<\/p>\n<p class=\"paragraph article__item\">Zuletzt hatte US-Pr\u00e4sident <a href=\"https:\/\/www.zeit.de\/thema\/donald-trump\" target=\"_blank\" rel=\"nofollow noopener\">Donald Trump<\/a> im Januar L\u00e4ndern, die \u00d6l nach <a href=\"https:\/\/www.zeit.de\/thema\/kuba\" target=\"_blank\" rel=\"nofollow noopener\">Kuba<\/a> exportieren, mit Strafz\u00f6llen gedroht. Das f\u00fchrte zu einem weitgehenden Stopp der Lieferungen aus dem Ausland. Die Insel kann nur einen Teil ihres \u00d6lbedarfs decken. Die <a class=\"rtr-entity\" href=\"https:\/\/www.zeit.de\/thema\/usa\" rel=\"nofollow noopener\" target=\"_blank\">USA<\/a> versuchen mit verschiedenen Druckma\u00dfnahmen, eine wirtschaftliche und politische \u00d6ffnung der Insel nach ihren Vorstellungen zu erzwingen.\n<\/p>\n<p>Mehr zum Thema<\/p>\n<p>            Energiekrise in Kuba        <\/p>\n<p>                <a href=\"https:\/\/www.zeit.de\/politik\/ausland\/2026-06\/wirtschaft-kuba-usa-donald-trump-militaeroperation\" data-ct-label=\"Wirtschaft in Kuba: Warum Kubas Regime pl\u00f6tzlich auf den Kapitalismus setzt\" data-uuid=\"6fac9840-3e96-4d25-8afd-9744bab85780\" rel=\"nofollow noopener\" target=\"_blank\"><\/p>\n<p>                        Wirtschaft in Kuba:<br \/>\n                        Warum Kubas Regime pl\u00f6tzlich auf den Kapitalismus setzt<\/p>\n<p>                <\/a><\/p>\n<p>                <a href=\"https:\/\/www.zeit.de\/zeit-geschichte\/2026\/03\/imperialismus-usa-kolonialmacht-kuba-annexion\" data-ct-label=\"Imperialismus : Die USA \u2013 eine antikoloniale Macht?\" data-uuid=\"5c9470df-0701-4fbc-8f18-32ff41bfa720\" rel=\"nofollow noopener\" target=\"_blank\"><\/p>\n<p>        Z+ (abopflichtiger Inhalt);<\/p>\n<p>    Imperialismus :<br \/>\n                        Die USA \u2013 eine antikoloniale Macht?<\/p>\n<p>                <\/a><\/p>\n<p>                <a href=\"https:\/\/www.zeit.de\/politik\/ausland\/2026-05\/kuba-usa-regime-donald-trump-militaer\" data-ct-label=\"Kuba und die USA: Das Regime, das nicht fallen will\" data-uuid=\"1a9bdded-7ad8-4291-a662-a7702b8be622\" rel=\"nofollow noopener\" target=\"_blank\"><\/p>\n<p>        Z+ (abopflichtiger Inhalt);<\/p>\n<p>    Kuba und die USA:<br \/>\n                        Das Regime, das nicht fallen will<\/p>\n<p>                <\/a><\/p>\n","protected":false},"excerpt":{"rendered":"Auf der Karibikinsel Kuba ist es erneut zu einem inselweiten Blackout gekommen. Wie das Energieministerium mitteilte, wurden die&hellip;\n","protected":false},"author":2,"featured_media":1157709,"comment_status":"","ping_status":"","sticky":false,"template":"","format":"standard","meta":{"footnotes":"","_share_on_mastodon":"0"},"categories":[3977],"tags":[331,332,13,4047,14,15,16,12,5667,242818,4017,4018,4016,64,4019,4020],"class_list":["post-1157708","post","type-post","status-publish","format-standard","has-post-thumbnail","category-usa","tag-aktuelle-nachrichten","tag-aktuelle-news","tag-headlines","tag-kuba","tag-nachrichten","tag-news","tag-politik","tag-schlagzeilen","tag-stromausfall","tag-stromausfall-in-kuba","tag-united-states","tag-united-states-of-america","tag-us","tag-usa","tag-vereinigte-staaten","tag-vereinigte-staaten-von-amerika"],"share_on_mastodon":{"url":"https:\/\/pubeurope.com\/@de\/116898146992516778","error":""},"_links":{"self":[{"href":"https:\/\/www.europesays.com\/de\/wp-json\/wp\/v2\/posts\/1157708","targetHints":{"allow":["GET"]}}],"collection":[{"href":"https:\/\/www.europesays.com\/de\/wp-json\/wp\/v2\/posts"}],"about":[{"href":"https:\/\/www.europesays.com\/de\/wp-json\/wp\/v2\/types\/post"}],"author":[{"embeddable":true,"href":"https:\/\/www.europesays.com\/de\/wp-json\/wp\/v2\/users\/2"}],"replies":[{"embeddable":true,"href":"https:\/\/www.europesays.com\/de\/wp-json\/wp\/v2\/comments?post=1157708"}],"version-history":[{"count":0,"href":"https:\/\/www.europesays.com\/de\/wp-json\/wp\/v2\/posts\/1157708\/revisions"}],"wp:featuredmedia":[{"embeddable":true,"href":"https:\/\/www.europesays.com\/de\/wp-json\/wp\/v2\/media\/1157709"}],"wp:attachment":[{"href":"https:\/\/www.europesays.com\/de\/wp-json\/wp\/v2\/media?parent=1157708"}],"wp:term":[{"taxonomy":"category","embeddable":true,"href":"https:\/\/www.europesays.com\/de\/wp-json\/wp\/v2\/categories?post=1157708"},{"taxonomy":"post_tag","embeddable":true,"href":"https:\/\/www.europesays.com\/de\/wp-json\/wp\/v2\/tags?post=1157708"}],"curies":[{"name":"wp","href":"https:\/\/api.w.org\/{rel}","templated":true}]}}