{"id":115792,"date":"2025-05-16T18:30:14","date_gmt":"2025-05-16T18:30:14","guid":{"rendered":"https:\/\/www.europesays.com\/de\/115792\/"},"modified":"2025-05-16T18:30:14","modified_gmt":"2025-05-16T18:30:14","slug":"polizei-nahm-mutmasslichen-reichsbuerger-in-moenchengladbach-in-gewahrsam","status":"publish","type":"post","link":"https:\/\/www.europesays.com\/de\/115792\/","title":{"rendered":"Polizei nahm mutma\u00dflichen Reichsb\u00fcrger in M\u00f6nchengladbach in Gewahrsam"},"content":{"rendered":"<p class=\"text_ohne_einzug richtext text-em-55 !leading-serif mx-6 desktop:mx-0\"> Die Kriminalpolizei (Kripo) hat zahlreiche Waffen bei einem mutma\u00dflichen \u201eReichsb\u00fcrger\u201c w\u00e4hrend einer Wohnungsdurchsuchung beschlagnahmt. Das wurde in einer gemeinsamen Pressemitteilung mit der Staatsanwaltschaft <a href=\"https:\/\/rp-online.de\/thema\/moenchengladbach\/\" rel=\"nofollow noopener\" target=\"_blank\">M\u00f6nchengladbach<\/a> verk\u00fcndet.<\/p>\n<p class=\"richtext text-em-55 !leading-serif mx-6 desktop:mx-0\">Am Mittwoch, 14. Mai, setzte die <a href=\"https:\/\/rp-online.de\/thema\/kripo\/\" rel=\"nofollow noopener\" target=\"_blank\">Kripo<\/a> einen richterlichen Durchsuchungsbeschluss durch und nahm den 43-J\u00e4hrigen f\u00fcr die Dauer der polizeilichen Ma\u00dfnahmen in Gewahrsam. Dabei erlitt er leichte Verletzungen. Eine angebotene Behandlung durch Rettungskr\u00e4fte lehnte er den Angaben der <a href=\"https:\/\/rp-online.de\/thema\/polizei\/\" rel=\"nofollow noopener\" target=\"_blank\">Polizei<\/a> zufolge ab.<\/p>\n<p>Was in der Wohnung gefunden wurde      <\/p>\n<p class=\"richtext text-em-55 !leading-serif mx-6 desktop:mx-0\">In der Wohnung fanden die Beamten an unterschiedlichen Orten unter anderem zahlreiche Patronen scharfer Munition, einen Dolch, mehrere Messer sowie Wurfmesser, eine Schreckschusspistole, eine Schreckschusswaffe mitsamt Munition, mehrere Pfeile mit Widerhaken und eine Armbrust mitsamt mehreren Pfeilen. Die Polizisten beschlagnahmten neben diesen Gegenst\u00e4nden auch den F\u00fchrerschein des 43-J\u00e4hrigen. Die Beamten waren durch einen Vorfall im Stra\u00dfenverkehr auf ihn aufmerksam geworden.<\/p>\n<p class=\"richtext text-em-55 !leading-serif mx-6 desktop:mx-0\">Ein Zeuge hatte der Polizei gemeldet, dass er durch einen anderen Verkehrsteilnehmer bedroht worden sei. Dabei habe der Zeuge eine mutma\u00dfliche Schusswaffe in der Hand des anderen Verkehrsteilnehmers gesehen. Die Polizei hatte das Auto des 43-J\u00e4hrigen nach einer Fahndung gefunden. Darin waren unter anderem ein im Innenraum verbautes Holster, ein funktionsf\u00e4higes Elektroimpulsger\u00e4t, ein Einhand-Messer sowie eine einseitig geschliffene Machete mit einer Klingenl\u00e4nge von circa 30 Zentimetern gewesen. Wegen allgemeiner Hinweise auf die mutma\u00dfliche Zugeh\u00f6rigkeit zu der Szene der \u201eReichsb\u00fcrger&#8220; hatte der Staatsschutz die weiteren Ermittlungen aufgenommen und den Durchsuchungsbeschluss angeregt, der zu der erw\u00e4hnten Wohnungsdurchsuchung f\u00fchrte.<\/p>\n<p class=\"richtext text-em-55 !leading-serif mx-6 desktop:mx-0\">Bei der Durchsuchung der durch den 43-J\u00e4hrigen angemieteten R\u00e4ume stie\u00dfen die Beamten zudem in einem Kellerraum des Tatverd\u00e4chtigen auf eine Plantage, bestehend aus 14 Marihuana-Pflanzen. Das zust\u00e4ndige Kriminalkommissariat beschlagnahmte die Pflanzen und leitete ein entsprechendes Strafverfahren ein. Der Tatverd\u00e4chtige wurde nach Beendigung der polizeilichen Ma\u00dfnahmen entlassen. Die Ermittlungen wegen des Verdachts der Bedrohung, mehrerer Verst\u00f6\u00dfe gegen das Waffengesetz sowie Versto\u00dfes gegen das Konsumcannabisgesetz dauern.<\/p>\n<p class=\"richtext text-em-55 !leading-serif mx-6 desktop:mx-0\">Das Bundesamt f\u00fcr <a href=\"https:\/\/rp-online.de\/thema\/verfassungsschutz\/\" rel=\"nofollow noopener\" target=\"_blank\">Verfassungsschutz<\/a> definiert <a href=\"https:\/\/www.verfassungsschutz.de\/DE\/themen\/reichsbuerger-und-selbstverwalter\/begriff-und-erscheinungsformen\/begriff-und-erscheinungsformen_node.html\" target=\"_blank\" rel=\"nofollow noopener\">auf seiner Website <\/a>\u201eReichsb\u00fcrger\u201c oder \u201eSelbstverwalter\u201c als Gruppierungen oder Einzelpersonen, die die Existenz der Bundesrepublik Deutschland und deren Rechtssystem ablehnen.<\/p>\n","protected":false},"excerpt":{"rendered":"Die Kriminalpolizei (Kripo) hat zahlreiche Waffen bei einem mutma\u00dflichen \u201eReichsb\u00fcrger\u201c w\u00e4hrend einer Wohnungsdurchsuchung beschlagnahmt. Das wurde in einer&hellip;\n","protected":false},"author":2,"featured_media":109915,"comment_status":"","ping_status":"","sticky":false,"template":"","format":"standard","meta":{"footnotes":""},"categories":[1849],"tags":[3364,29,44831,548,663,3934,30,13,4455,14,15,1209,44830,12,25832,626],"class_list":{"0":"post-115792","1":"post","2":"type-post","3":"status-publish","4":"format-standard","5":"has-post-thumbnail","7":"category-moenchengladbach","8":"tag-de","9":"tag-deutschland","10":"tag-durchsucht","11":"tag-eu","12":"tag-europa","13":"tag-europe","14":"tag-germany","15":"tag-headlines","16":"tag-moenchengladbach","17":"tag-nachrichten","18":"tag-news","19":"tag-nordrhein-westfalen","20":"tag-reichsbuergers","21":"tag-schlagzeilen","22":"tag-teilt","23":"tag-wohnung"},"share_on_mastodon":{"url":"https:\/\/pubeurope.com\/@de\/114518938421467818","error":""},"_links":{"self":[{"href":"https:\/\/www.europesays.com\/de\/wp-json\/wp\/v2\/posts\/115792","targetHints":{"allow":["GET"]}}],"collection":[{"href":"https:\/\/www.europesays.com\/de\/wp-json\/wp\/v2\/posts"}],"about":[{"href":"https:\/\/www.europesays.com\/de\/wp-json\/wp\/v2\/types\/post"}],"author":[{"embeddable":true,"href":"https:\/\/www.europesays.com\/de\/wp-json\/wp\/v2\/users\/2"}],"replies":[{"embeddable":true,"href":"https:\/\/www.europesays.com\/de\/wp-json\/wp\/v2\/comments?post=115792"}],"version-history":[{"count":0,"href":"https:\/\/www.europesays.com\/de\/wp-json\/wp\/v2\/posts\/115792\/revisions"}],"wp:featuredmedia":[{"embeddable":true,"href":"https:\/\/www.europesays.com\/de\/wp-json\/wp\/v2\/media\/109915"}],"wp:attachment":[{"href":"https:\/\/www.europesays.com\/de\/wp-json\/wp\/v2\/media?parent=115792"}],"wp:term":[{"taxonomy":"category","embeddable":true,"href":"https:\/\/www.europesays.com\/de\/wp-json\/wp\/v2\/categories?post=115792"},{"taxonomy":"post_tag","embeddable":true,"href":"https:\/\/www.europesays.com\/de\/wp-json\/wp\/v2\/tags?post=115792"}],"curies":[{"name":"wp","href":"https:\/\/api.w.org\/{rel}","templated":true}]}}