{"id":1157921,"date":"2026-07-11T01:05:16","date_gmt":"2026-07-11T01:05:16","guid":{"rendered":"https:\/\/www.europesays.com\/de\/1157921\/"},"modified":"2026-07-11T01:05:16","modified_gmt":"2026-07-11T01:05:16","slug":"geiselnahme-in-berliner-rewe-markt","status":"publish","type":"post","link":"https:\/\/www.europesays.com\/de\/1157921\/","title":{"rendered":"Geiselnahme in Berliner Rewe-Markt"},"content":{"rendered":"<p>Schwer bewaffnete Polizisten vor Ort <\/p>\n<p>Geiselnahme in Rewe-Markt \u2013 Einsatz l\u00e4uft noch<\/p>\n<p>Aktualisiert am 11.07.2026 &#8211; 02:20 UhrLesedauer: 1 Min.<\/p>\n<p><img loading=\"lazy\" src=\"https:\/\/www.t-online.de\/s\/paper\/_next\/static\/media\/loading-indicator-magenta.1f35d8de.svg\" alt=\"Video l\u00e4dt\" title=\"Video l\u00e4dt\" class=\"block h-[calc(var(--height)_\/_16_*_1rem)] w-[calc(var(--width)_\/_16_*_1rem)] max-w-none undefined\" style=\"--width:32;--height:32\" decoding=\"async\"\/>Player wird geladen<\/p>\n<p>Geiselnahme im Video: Bewaffnete Polizisten umstellen Supermarkt.<\/p>\n<p class=\"font-bold text-18 leading-17 user-text-lg:text-22 user-text-xl:text-24\">Ein Mann h\u00e4lt nach Polizeiangaben eine Frau in einem Supermarkt fest. Es besteht Kontakt zu dem mutma\u00dflichen Geiselnehmer.<\/p>\n<p class=\"text-18 leading-17 user-text-lg:text-22 user-text-xl:text-24\">In einem Rewe-Supermarkt in <a href=\"https:\/\/berlin.t-online.de\/region\/berlin\/\" class=\"transition-colors cursor-pointer no-underline md:hover:text-magenta md:focus:text-magenta border-b border-solid border-current text-salemsfur md:hover:border-magenta\" data-tracking=\"{&quot;action&quot;:&quot;click&quot;,&quot;category&quot;:&quot;intextLink&quot;,&quot;label&quot;:&quot;https:\/\/berlin.t-online.de\/region\/berlin\/&quot;}\" data-sctrack=\"BodyAnchor\" rel=\"nofollow noopener\" target=\"_blank\">Berlin<\/a> l\u00e4uft ein gro\u00dfer Polizeieinsatz. Wie ein Sprecher der Polizei t-online best\u00e4tigt hat, hat ein Mann in dem Markt in der Hildburghauser Stra\u00dfe im Ortsteil Marienfelde (Tempelhof-Sch\u00f6neberg) eine Frau in seine Gewalt gebracht. Der Einsatz l\u00e4uft demnach noch.<\/p>\n<p class=\"text-18 leading-17 user-text-lg:text-22 user-text-xl:text-24\">Auf Videos in sozialen Medien sind schwer bewaffnete und mit Schutzkleidung ausger\u00fcstete Polizisten am Eingang des Supermarktes zu sehen. Nicht weit entfernt stehen Schaulustige, auf der Stra\u00dfe sind mehrere Polizeifahrzeuge und Rettungsfahrzeuge zu erkennen. Ein Teil der Stra\u00dfe ist offenbar abgesperrt. In einem der Videos ist auch zu sehen, wie ein Polizist eine Leiter, die an die Geb\u00e4udewand gelehnt ist, hochsteigt und ins Innere des Marktes blickt.<\/p>\n<p class=\"text-18 leading-17 user-text-lg:text-22 user-text-xl:text-24\">Der Polizeieinsatz habe kurz nach 22 Uhr begonnen, teilte die Polizei mit. Die Polizei ist mit gro\u00dfem Aufgebot vor Ort, welche Kr\u00e4fte genau eingesetzt werden, wollte der Sprecher mit Hinweis auf die aktuelle Lage nicht mitteilen. Man stehe mit dem Mann in Kontakt. Details \u00fcber die Beteiligten sind bislang nicht bekannt.<\/p>\n","protected":false},"excerpt":{"rendered":"Schwer bewaffnete Polizisten vor Ort Geiselnahme in Rewe-Markt \u2013 Einsatz l\u00e4uft noch Aktualisiert am 11.07.2026 &#8211; 02:20 UhrLesedauer:&hellip;\n","protected":false},"author":2,"featured_media":1157922,"comment_status":"","ping_status":"","sticky":false,"template":"","format":"standard","meta":{"footnotes":"","_share_on_mastodon":"0"},"categories":[1825],"tags":[1217,296,242848,29,18470,2796,30,11586,121,29182,872,925,226,528],"class_list":["post-1157921","post","type-post","status-publish","format-standard","has-post-thumbnail","category-berlin","tag-1217","tag-berlin","tag-bildschirmfoto","tag-deutschland","tag-einsatzstelle","tag-geiselnahme","tag-germany","tag-marienfelde","tag-polizei","tag-polizeifahrzeug","tag-rewe","tag-supermarkt","tag-t-online","tag-tempelhof-schoeneberg"],"share_on_mastodon":{"url":"https:\/\/pubeurope.com\/@de\/116898663797431690","error":""},"_links":{"self":[{"href":"https:\/\/www.europesays.com\/de\/wp-json\/wp\/v2\/posts\/1157921","targetHints":{"allow":["GET"]}}],"collection":[{"href":"https:\/\/www.europesays.com\/de\/wp-json\/wp\/v2\/posts"}],"about":[{"href":"https:\/\/www.europesays.com\/de\/wp-json\/wp\/v2\/types\/post"}],"author":[{"embeddable":true,"href":"https:\/\/www.europesays.com\/de\/wp-json\/wp\/v2\/users\/2"}],"replies":[{"embeddable":true,"href":"https:\/\/www.europesays.com\/de\/wp-json\/wp\/v2\/comments?post=1157921"}],"version-history":[{"count":0,"href":"https:\/\/www.europesays.com\/de\/wp-json\/wp\/v2\/posts\/1157921\/revisions"}],"wp:featuredmedia":[{"embeddable":true,"href":"https:\/\/www.europesays.com\/de\/wp-json\/wp\/v2\/media\/1157922"}],"wp:attachment":[{"href":"https:\/\/www.europesays.com\/de\/wp-json\/wp\/v2\/media?parent=1157921"}],"wp:term":[{"taxonomy":"category","embeddable":true,"href":"https:\/\/www.europesays.com\/de\/wp-json\/wp\/v2\/categories?post=1157921"},{"taxonomy":"post_tag","embeddable":true,"href":"https:\/\/www.europesays.com\/de\/wp-json\/wp\/v2\/tags?post=1157921"}],"curies":[{"name":"wp","href":"https:\/\/api.w.org\/{rel}","templated":true}]}}