{"id":1157965,"date":"2026-07-11T01:33:29","date_gmt":"2026-07-11T01:33:29","guid":{"rendered":"https:\/\/www.europesays.com\/de\/1157965\/"},"modified":"2026-07-11T01:33:29","modified_gmt":"2026-07-11T01:33:29","slug":"betteln-gewerkschaft-der-polizei-spricht-sich-fuer-verbot-in-teilen-der-fussgaengerzone-aus-mannheim","status":"publish","type":"post","link":"https:\/\/www.europesays.com\/de\/1157965\/","title":{"rendered":"Betteln: Gewerkschaft der Polizei spricht sich f\u00fcr Verbot in Teilen der Fu\u00dfg\u00e4ngerzone aus &#8211; Mannheim"},"content":{"rendered":"<p><b\/>Das Bettelaufkommen in der Mannheimer Innenstadt hat stark zugenommen. Was viele B\u00fcrger st\u00f6rt, beobachtet auch die   Mannheimer Bezirksgruppe der <a class=\"rtr-entity\" data-rtr-entity=\"GDP\" data-rtr-id=\"8b247d2f564873549a4610c237c3d06153262a88\" data-rtr-score=\"53.86773547094188\" data-rtr-etype=\"organisation\" data-rtr-index=\"0\" href=\"https:\/\/www.rheinpfalz.de\/themen\/gdp\" rel=\"nofollow noopener\" target=\"_blank\">Gewerkschaft der Polizei<\/a> (GdP) mit Sorge. Das Problem beschr\u00e4nke sich  l\u00e4ngst nicht mehr nur auf die Fu\u00dfg\u00e4ngerzone.<\/p>\n<p>\u201eZunehmend treten Bettler auch an Ampelanlagen an wartende Fahrzeuge heran und bitten w\u00e4hrend der Rotphase um Geld\u201c, schreibt die GdP in einer Pressemeldung. Die GdP fordert unter anderem zu pr\u00fcfen, ob ein Bettelverbot in besonders belasteten Bereichen der  Fu\u00dfg\u00e4ngerzone Abhilfe schaffen k\u00f6nnte.  Die  Bettelproblematik stelle die Einsatzkr\u00e4fte der Polizei vor erhebliche Herausforderungen, sagt Thomas  Mohr, GdP-Vorsitzender in <a class=\"rtr-entity\" data-rtr-entity=\"Mannheim\" data-rtr-id=\"8e39f98d121d00ffdaf4f78a2ae2e7dea2653ba7\" data-rtr-score=\"29.3186372745491\" data-rtr-etype=\"location\" data-rtr-index=\"9\" href=\"http:\/\/rheinpfalz.de\/lokal\/mannheim.html\" rel=\"nofollow noopener\" target=\"_blank\">Mannheim<\/a>. Dabei gehe es nicht darum, einzelne Personen zu kriminalisieren. Bettelnde Menschen, die tats\u00e4chlich hilfsbed\u00fcrftig seien, verdienten  Hilfe und Unterst\u00fctzung. Wer Menschen jedoch zum Betteln zwinge oder ihre Notlage aus Gewinnstreben ausnutze, begehe eine besonders verwerfliche Form der Kriminalit\u00e4t, so Mohr. \u201eMenschen, die von kriminellen Bettelnetzwerken ausgebeutet und zum Betteln gezwungen werden,  sind Opfer organisierter Kriminalit\u00e4t.\u201c  <\/p>\n<p>Die GdP  fordert deshalb eine konsequente Bek\u00e4mpfung organisierter und gewerbsm\u00e4\u00dfiger Bettelstrukturen, eine verst\u00e4rkte Zusammenarbeit von  Stadt und Polizei, Schwerpunktkontrollen in der Fu\u00dfg\u00e4ngerzone sowie an Ampelanlagen und Verkehrsknotenpunkten und  Ermittlungen gegen die Hinterm\u00e4nner organisierter Bettelnetzwerke. <\/p>\n","protected":false},"excerpt":{"rendered":"Das Bettelaufkommen in der Mannheimer Innenstadt hat stark zugenommen. Was viele B\u00fcrger st\u00f6rt, beobachtet auch die Mannheimer Bezirksgruppe&hellip;\n","protected":false},"author":2,"featured_media":1157966,"comment_status":"","ping_status":"","sticky":false,"template":"","format":"standard","meta":{"footnotes":"","_share_on_mastodon":"0"},"categories":[1845],"tags":[1634,3364,29,548,663,3934,35039,30,13,4060,2096,14,15,121,12,57689],"class_list":["post-1157965","post","type-post","status-publish","format-standard","has-post-thumbnail","category-mannheim","tag-baden-wuerttemberg","tag-de","tag-deutschland","tag-eu","tag-europa","tag-europe","tag-gdp","tag-germany","tag-headlines","tag-lokal","tag-mannheim","tag-nachrichten","tag-news","tag-polizei","tag-schlagzeilen","tag-thomas-mohr"],"share_on_mastodon":{"url":"https:\/\/pubeurope.com\/@de\/116898772759050362","error":""},"_links":{"self":[{"href":"https:\/\/www.europesays.com\/de\/wp-json\/wp\/v2\/posts\/1157965","targetHints":{"allow":["GET"]}}],"collection":[{"href":"https:\/\/www.europesays.com\/de\/wp-json\/wp\/v2\/posts"}],"about":[{"href":"https:\/\/www.europesays.com\/de\/wp-json\/wp\/v2\/types\/post"}],"author":[{"embeddable":true,"href":"https:\/\/www.europesays.com\/de\/wp-json\/wp\/v2\/users\/2"}],"replies":[{"embeddable":true,"href":"https:\/\/www.europesays.com\/de\/wp-json\/wp\/v2\/comments?post=1157965"}],"version-history":[{"count":0,"href":"https:\/\/www.europesays.com\/de\/wp-json\/wp\/v2\/posts\/1157965\/revisions"}],"wp:featuredmedia":[{"embeddable":true,"href":"https:\/\/www.europesays.com\/de\/wp-json\/wp\/v2\/media\/1157966"}],"wp:attachment":[{"href":"https:\/\/www.europesays.com\/de\/wp-json\/wp\/v2\/media?parent=1157965"}],"wp:term":[{"taxonomy":"category","embeddable":true,"href":"https:\/\/www.europesays.com\/de\/wp-json\/wp\/v2\/categories?post=1157965"},{"taxonomy":"post_tag","embeddable":true,"href":"https:\/\/www.europesays.com\/de\/wp-json\/wp\/v2\/tags?post=1157965"}],"curies":[{"name":"wp","href":"https:\/\/api.w.org\/{rel}","templated":true}]}}