{"id":1157975,"date":"2026-07-11T01:39:31","date_gmt":"2026-07-11T01:39:31","guid":{"rendered":"https:\/\/www.europesays.com\/de\/1157975\/"},"modified":"2026-07-11T01:39:31","modified_gmt":"2026-07-11T01:39:31","slug":"detmolder-strasse-in-bielefeld-wird-ueber-zwei-monate-saniert","status":"publish","type":"post","link":"https:\/\/www.europesays.com\/de\/1157975\/","title":{"rendered":"Detmolder Stra\u00dfe in Bielefeld wird \u00fcber zwei Monate saniert"},"content":{"rendered":"<p id=\"absatz1\" class=\"em_text\">Bielefeld-Stieghorst. Ab kommenden Donnerstag wird es auf einer Bielefelder Hauptstra\u00dfe f\u00fcr zwei Monate zu Beeintr\u00e4chtigungen des Verkehrs kommen. Auf der Detmolder Stra\u00dfe erfolgen laut einer Mitteilung der Stadt zwischen Otto-Brenner-Stra\u00dfe und der Ortsdurchfahrt Lagesche Stra\u00dfe von Donnerstag, 16. Juli, bis Montag, 14. September, Stra\u00dfenbauarbeiten. Auf drei Kilometern L\u00e4nge soll \u00fcber beide Richtungen die Fahrbahn saniert werden.<\/p>\n<p id=\"absatz2\"><b class=\"bold\">Lesen Sie auch: <\/b><a href=\"https:\/\/www.nw.de\/lokal\/bielefeld\/mitte\/24359275_Fuer-vier-Monate-Vollsperrung-der-Dornberger-Strasse-startet-am-7.-Juli.html\" target=\"_blank\" rel=\"nofollow noopener\">Vollsperrung der Dornberger Stra\u00dfe startet am 7. Juli<\/a><\/p>\n<p id=\"absatz3\" class=\"em_text\">Die Verkehrsf\u00fchrung ist in vier Bauabschnitten vorgesehen. Der erste Bauabschnitt befindet sich Richtung stadtausw\u00e4rts in H\u00f6he der Hausnummer 440 bis zur Ortsdurchfahrt Lagesche Stra\u00dfe. Der zweite Bauabschnitt ist Richtung stadteinw\u00e4rts ab der Ortsdurchfahrt Lagesche Stra\u00dfe bis Hausnummer 440 vorgesehen.<\/p>\n<p>\n        \u00d7\n    <\/p>\n<p>\n            Sie erhalten in wenigen Minuten eine E-Mail zur Best\u00e4tigung Ihrer Anmeldung.\n        <\/p>\n<p>Erst danach ist diese abgeschlossen.<\/p>\n<p>Bitte pr\u00fcfen Sie auch den Spam-Ordner.<\/p>\n<p>\n        \u00d7\n    <\/p>\n<p>\n            Sie haben bisher Ihre E-Mail-Adresse noch nicht best\u00e4tigt.\n        <\/p>\n<p>Erst danach ist diese abgeschlossen.<\/p>\n<p>Bitte pr\u00fcfen Sie auch den Spam-Ordner.<\/p>\n<p>\n        \u00d7\n    <\/p>\n<p>\n            Es ist einen Fehler aufgetreten\n        <\/p>\n<p>Bei Fragen hilft unser Newsletter-Support<\/p>\n<p> Newsletter<\/p>\n<p> Update zum Abend<\/p>\n<p>Informiert bleiben mit t\u00e4glichen News aus Bielefeld, OWL und der Welt.<\/p>\n<p>                Jetzt anmelden<\/p>\n<p>Insgesamt drei Bauabschnitte<\/p>\n<p class=\"em_text\">Der dritte Bauabschnitt befindet sich dann stadteinw\u00e4rts in H\u00f6he der Hausnummer 440 bis Otto-Brenner-Stra\u00dfe. Der vierte und abschlie\u00dfende Bauabschnitt l\u00e4uft stadtausw\u00e4rts von Otto-Brenner-Stra\u00dfe bis in H\u00f6he der Hausnummer 440.<\/p>\n<p id=\"absatz5\"><b class=\"bold\">Lesen Sie auch:<\/b> <a href=\"https:\/\/www.nw.de\/lokal\/bielefeld\/mitte\/24369881_Kein-Durchkommen-Jetzt-steht-die-naechste-Sperrung-auf-der-Schildescher-Strasse-in-Bielefeld-an.html\" target=\"_blank\" rel=\"nofollow noopener\">Kein Durchkommen: Jetzt steht die n\u00e4chste Sperrung auf der Schildescher Stra\u00dfe in Bielefeld an<\/a><\/p>\n<p id=\"absatz6\" class=\"em_text\">Der Verkehr wird (abh\u00e4ngig vom Bauabschnitt) an der Lageschen Stra\u00dfe sowie unmittelbar vor der Zufahrt der Bundespolizei und an der Otto-Brenner-Stra\u00dfe mittels Baustellenampeln jeweils auf die Gegenfahrbahn geleitet. Dadurch soll in allen Bauabschnitten der Verkehrsfluss in beide Fahrtrichtungen aufrechterhalten werden.<\/p>\n<p id=\"absatz7\" class=\"em_text\">Zus\u00e4tzlich wird eine weitr\u00e4umige Umleitungsempfehlung ausgeschildert. Die Zufahrten zu den Anliegergrundst\u00fccken ist nur mit Einschr\u00e4nkungen m\u00f6glich, diese sind abh\u00e4ngig vom Baufortschritt. Zu Fu\u00df und mit dem Fahrrad k\u00f6nne die Baustelle jederzeit passiert werden. <\/p>\n","protected":false},"excerpt":{"rendered":"Bielefeld-Stieghorst. Ab kommenden Donnerstag wird es auf einer Bielefelder Hauptstra\u00dfe f\u00fcr zwei Monate zu Beeintr\u00e4chtigungen des Verkehrs kommen.&hellip;\n","protected":false},"author":2,"featured_media":1157976,"comment_status":"","ping_status":"","sticky":false,"template":"","format":"standard","meta":{"footnotes":"","_share_on_mastodon":"0"},"categories":[1841],"tags":[26805,1605,3364,209654,29,30,729,198715,736,26093,1613,1209,116021,67966,22435],"class_list":["post-1157975","post","type-post","status-publish","format-standard","has-post-thumbnail","category-bielefeld","tag-bauabschnitt","tag-bielefeld","tag-de","tag-detmolder-strasse","tag-deutschland","tag-germany","tag-label_s-50","tag-meta_artikelklasse_nische","tag-meta_copyrights_nw","tag-meta_themen_verkehr_mobilitaet","tag-meta_userneeds_informieremich","tag-nordrhein-westfalen","tag-otto-brenner-strasse","tag-stieghorst","tag-strassenbauarbeit"],"share_on_mastodon":{"url":"https:\/\/pubeurope.com\/@de\/116898795863250700","error":""},"_links":{"self":[{"href":"https:\/\/www.europesays.com\/de\/wp-json\/wp\/v2\/posts\/1157975","targetHints":{"allow":["GET"]}}],"collection":[{"href":"https:\/\/www.europesays.com\/de\/wp-json\/wp\/v2\/posts"}],"about":[{"href":"https:\/\/www.europesays.com\/de\/wp-json\/wp\/v2\/types\/post"}],"author":[{"embeddable":true,"href":"https:\/\/www.europesays.com\/de\/wp-json\/wp\/v2\/users\/2"}],"replies":[{"embeddable":true,"href":"https:\/\/www.europesays.com\/de\/wp-json\/wp\/v2\/comments?post=1157975"}],"version-history":[{"count":0,"href":"https:\/\/www.europesays.com\/de\/wp-json\/wp\/v2\/posts\/1157975\/revisions"}],"wp:featuredmedia":[{"embeddable":true,"href":"https:\/\/www.europesays.com\/de\/wp-json\/wp\/v2\/media\/1157976"}],"wp:attachment":[{"href":"https:\/\/www.europesays.com\/de\/wp-json\/wp\/v2\/media?parent=1157975"}],"wp:term":[{"taxonomy":"category","embeddable":true,"href":"https:\/\/www.europesays.com\/de\/wp-json\/wp\/v2\/categories?post=1157975"},{"taxonomy":"post_tag","embeddable":true,"href":"https:\/\/www.europesays.com\/de\/wp-json\/wp\/v2\/tags?post=1157975"}],"curies":[{"name":"wp","href":"https:\/\/api.w.org\/{rel}","templated":true}]}}