{"id":1157977,"date":"2026-07-11T01:40:25","date_gmt":"2026-07-11T01:40:25","guid":{"rendered":"https:\/\/www.europesays.com\/de\/1157977\/"},"modified":"2026-07-11T01:40:25","modified_gmt":"2026-07-11T01:40:25","slug":"bundesregierung-einigt-sich-auf-bafoeg-erhoehung-saetze-steigen-spaeter-blickfeld","status":"publish","type":"post","link":"https:\/\/www.europesays.com\/de\/1157977\/","title":{"rendered":"Bundesregierung einigt sich auf BAf\u00f6G-Erh\u00f6hung: S\u00e4tze steigen sp\u00e4ter &#8211; blickfeld"},"content":{"rendered":"<p class=\"wp-block-paragraph\">Das sind die <strong>BAf\u00f6G-\u00c4nderungen<\/strong> im \u00dcberblick:<\/p>\n<ul class=\"wp-block-list\">\n<li>Die <strong>BAf\u00f6G-Wohnkostenpauschale<\/strong> steigt von <strong>380 auf 440 Euro<\/strong>, jedoch erst zum <strong>Sommersemester 2027<\/strong> und nicht schon zum Wintersemester 2026\/27.<\/li>\n<li>Der <strong>Grundbedarf f\u00fcr Studierende<\/strong> soll in zwei Schritten auf das <strong>Grundsicherungsniveau <\/strong>steigen: zum <strong>Wintersemester 2027\/28 auf 503 Euro<\/strong>, zum <strong>Sommersemester 2029 auf 563 Euro<\/strong>. Diese sollen zudem <strong>regelm\u00e4\u00dfig \u00fcberpr\u00fcft <\/strong>werden.<\/li>\n<li>Ab dem Wintersemester 2028\/29 sollen die <strong>Freibetr\u00e4ge und Einkommensgrenzen<\/strong> j\u00e4hrlich automatisch um <strong>1,5 Prozent<\/strong> angehoben werden.<\/li>\n<li>Das <strong>BAf\u00f6G <\/strong>soll zudem insgesamt <strong>vereinfacht <\/strong>werden, etwa durch <strong>Wegfall des Leistungsnachweises<\/strong> ab dem f\u00fcnften Fachsemester.<\/li>\n<\/ul>\n<p>\u201eAuch hier hat die aktuelle Studierendengeneration das Nachsehen\u201c<\/p>\n<p class=\"wp-block-paragraph\"><strong>Matthias Anbuhl<\/strong>, DSW-Vorstandsvorsitzender, begr\u00fc\u00dft die <strong>BAf\u00f6G-Einigung<\/strong> der Bundesregierung: \u201eNach den Monaten der Unsicherheit und des Wartens ist die heutige Einigung der Bundesregierung auf konkrete Erh\u00f6hungen und Verbesserungen beim BAf\u00f6G ein <strong>gutes und wichtiges Signal<\/strong>.\u201c<\/p>\n<p class=\"wp-block-paragraph\">Zugleich kritisiert er <strong>zwei \u201eWermutstropfen\u201c<\/strong>. Zur <strong>Erh\u00f6hung der BAf\u00f6G-Wohnkostenpauschale<\/strong> erkl\u00e4rt er: \u201eDie aktuellen Studierenden sind gekniffen. Sie m\u00fcssen ein weiteres Semester mit zu <strong>geringer F\u00f6rderung <\/strong>von 380 Euro auf einem Wohnungsmarkt zurechtkommen, der von ihnen deutlich h\u00f6here Durchschnittsmieten verlangt. Ein einfaches WG-Zimmer kostet im Bundesschnitt bereits 512 Euro.\u201c \u2013 Der Durchschnittspreis f\u00fcr ein <strong>WG-Zimmer in Wuppertal<\/strong> liegt bei 400 Euro (<a href=\"https:\/\/www.blickfeld-wuppertal.de\/imtal\/wie-teuer-ist-ein-wg-zimmer-in-wuppertal-im-bundesweiten-vergleich\" target=\"_blank\" rel=\"noreferrer noopener nofollow\">blickfeld berichtete<\/a>).<\/p>\n<p>Unterst\u00fctze die CampusZeitung blickfeld<\/p>\n<p><strong>Schon ein kleiner Beitrag hilft uns, unseren Job noch besser zu machen!<\/strong> So kannst du uns unterst\u00fctzen:<\/p>\n<p>Abo per <a class=\"gofollow\" data-track=\"MTIsMCwxMA==\" href=\"https:\/\/steadyhq.com\/de\/blickfeld-wuppertal\" rel=\"noopener noreferrer nofollow\" target=\"_blank\">Steady<\/a>, <a class=\"gofollow\" data-track=\"MTIsMCwxMA==\" href=\"https:\/\/www.paypal.me\/blickfeldwtal\" rel=\"noopener noreferrer nofollow\" target=\"_blank\">Einmalzahlung<\/a> oder <a class=\"gofollow\" data-track=\"MTIsMCwxMA==\" href=\"https:\/\/www.blickfeld-wuppertal.de\/anzeigen-abo\/werbeanzeige-schalten\" rel=\"noopener noreferrer nofollow\" target=\"_blank\">Anzeige<\/a><\/p>\n<p>Damit wir unser Engagement ausbauen k\u00f6nnen, ist eure Unterst\u00fctzung gefragt &#8211; f\u00fcr mehr Recherchen und Berichte.<\/p>\n<p><strong>Ihr k\u00f6nnt uns mit einem monatlichen oder einmaligen Beitrag unterst\u00fctzen oder eine Anzeige schalten.<\/strong><\/p>\n<p><a class=\"gofollow\" data-track=\"MTIsMCwxMA==\" href=\"https:\/\/steadyhq.com\/de\/blickfeld-wuppertal\" rel=\"noopener noreferrer nofollow\" target=\"_blank\">Abo per Steady<\/a> | <a class=\"gofollow\" data-track=\"MTIsMCwxMA==\" href=\"https:\/\/www.paypal.me\/blickfeldwtal\" rel=\"noopener noreferrer nofollow\" target=\"_blank\">Einmalzahlung mit PayPal<\/a> | <a class=\"gofollow\" data-track=\"MTIsMCwxMA==\" href=\"https:\/\/www.blickfeld-wuppertal.de\/anzeigen-abo\/werbeanzeige-schalten\" rel=\"noopener noreferrer nofollow\" target=\"_blank\">Anzeige schalten<\/a><\/p>\n<p>Zur CampusZeitung blickfeld:<\/p>\n<p>Seit 2011 versorgen wir als <a class=\"gofollow\" data-track=\"MTIsMCwxMA==\" href=\"https:\/\/www.blickfeld-wuppertal.de\/ueber-uns\" rel=\"noopener noreferrer nofollow\" target=\"_blank\">unabh\u00e4ngiges Medium an der Bergischen Universit\u00e4t Wuppertal<\/a> die Studierenden, Mitarbeiter\/-innen und alle Interessierten aus dem Bergischen St\u00e4dtedreieck und dar\u00fcber hinaus mit Nachrichten vom Campus und aus dem Tal. Unsere <strong>Unabh\u00e4ngigkeit<\/strong> ist unsere st\u00e4rkste Eigenschaft. Wir sind weder eine Zeitung des Allgemeinen Studierendenausschusses (AStA) noch eine Publikation unter der Schirmherrschaft der Universit\u00e4t. Damit sind wir keinen fremden Interessen verpflichtet, k\u00f6nnen frei Themen w\u00e4hlen und dabei auch unbequem werden. <a class=\"gofollow\" data-track=\"MTIsMCwxMA==\" href=\"https:\/\/www.blickfeld-wuppertal.de\/ueber-uns\" rel=\"noopener noreferrer nofollow\" target=\"_blank\">Mehr \u00fcber uns &#8230;<\/a><\/p>\n<p class=\"wp-block-paragraph\">Zwar begr\u00fc\u00dft Anbuhl die <strong>Angleichung des BAf\u00f6Gs<\/strong> an die Grundsicherung, doch \u201ediese Ma\u00dfnahme kommt in zwei Schritten \u2013 und die volle H\u00f6he des Existenzminimums wird erst zum Sommersemester 2029 erreicht. Auch hier hat die aktuelle <strong>Studierendengeneration<\/strong> das Nachsehen.\u201c \u00bb<a href=\"https:\/\/www.blickfeld-wuppertal.de\/ueber-uns\/blickfeld-redaktion\" rel=\"nofollow noopener\" target=\"_blank\">mw<\/a>\u00ab<\/p>\n","protected":false},"excerpt":{"rendered":"Das sind die BAf\u00f6G-\u00c4nderungen im \u00dcberblick: Die BAf\u00f6G-Wohnkostenpauschale steigt von 380 auf 440 Euro, jedoch erst zum Sommersemester&hellip;\n","protected":false},"author":2,"featured_media":1157978,"comment_status":"","ping_status":"","sticky":false,"template":"","format":"standard","meta":{"footnotes":"","_share_on_mastodon":"0"},"categories":[1840],"tags":[91792,3364,29,30,1209,16375,52965,1463,4418],"class_list":["post-1157977","post","type-post","status-publish","format-standard","has-post-thumbnail","category-wuppertal","tag-bafoeg","tag-de","tag-deutschland","tag-germany","tag-nordrhein-westfalen","tag-red","tag-studienfinanzierung","tag-wohnen","tag-wuppertal"],"share_on_mastodon":{"url":"https:\/\/pubeurope.com\/@de\/116898799733965299","error":""},"_links":{"self":[{"href":"https:\/\/www.europesays.com\/de\/wp-json\/wp\/v2\/posts\/1157977","targetHints":{"allow":["GET"]}}],"collection":[{"href":"https:\/\/www.europesays.com\/de\/wp-json\/wp\/v2\/posts"}],"about":[{"href":"https:\/\/www.europesays.com\/de\/wp-json\/wp\/v2\/types\/post"}],"author":[{"embeddable":true,"href":"https:\/\/www.europesays.com\/de\/wp-json\/wp\/v2\/users\/2"}],"replies":[{"embeddable":true,"href":"https:\/\/www.europesays.com\/de\/wp-json\/wp\/v2\/comments?post=1157977"}],"version-history":[{"count":0,"href":"https:\/\/www.europesays.com\/de\/wp-json\/wp\/v2\/posts\/1157977\/revisions"}],"wp:featuredmedia":[{"embeddable":true,"href":"https:\/\/www.europesays.com\/de\/wp-json\/wp\/v2\/media\/1157978"}],"wp:attachment":[{"href":"https:\/\/www.europesays.com\/de\/wp-json\/wp\/v2\/media?parent=1157977"}],"wp:term":[{"taxonomy":"category","embeddable":true,"href":"https:\/\/www.europesays.com\/de\/wp-json\/wp\/v2\/categories?post=1157977"},{"taxonomy":"post_tag","embeddable":true,"href":"https:\/\/www.europesays.com\/de\/wp-json\/wp\/v2\/tags?post=1157977"}],"curies":[{"name":"wp","href":"https:\/\/api.w.org\/{rel}","templated":true}]}}