{"id":1158015,"date":"2026-07-11T02:02:17","date_gmt":"2026-07-11T02:02:17","guid":{"rendered":"https:\/\/www.europesays.com\/de\/1158015\/"},"modified":"2026-07-11T02:02:17","modified_gmt":"2026-07-11T02:02:17","slug":"trading-tipp-hannover-rueck-auf-dem-weg-zum-gap-close","status":"publish","type":"post","link":"https:\/\/www.europesays.com\/de\/1158015\/","title":{"rendered":"Trading-Tipp Hannover R\u00fcck: Auf dem Weg zum Gap-Close"},"content":{"rendered":"<p class=\"article-introduction\">Die Aktie der Hannover R\u00fcck hat eine schwierige erste Jahresh\u00e4lfte 2026 hinter sich. \u00dcber weite Strecken tat sich das Papier des R\u00fcckversicherers schwer und entt\u00e4uschte die Anleger. Seit Anfang Juni l\u00e4uft es jedoch wieder deutlich runder \u2013 die Aktie hat sp\u00fcrbar an Fahrt aufgenommen und die zuvor gedr\u00fcckte Stimmung hinter sich gelassen.<\/p>\n<p>Entsprechend spannend pr\u00e4sentiert sich nun die charttechnische Lage. Nach der j\u00fcngsten Erholung ist das Papier drauf und dran, ein neues Kaufsignal zu generieren. Sollte dieser Ausbruch tats\u00e4chlich gelingen, k\u00f6nnte sich daraus weiteres Aufw\u00e4rtspotenzial ergeben und die Erholungsbewegung an zus\u00e4tzlicher Dynamik gewinnen.\u00a0<\/p>\n<p>Andreas Agly mit allen Einzelheiten zum Trading-Tipp des Tages.\u00a0Mit welchem Produkt Sie von der zuk\u00fcnftigen Entwicklung des Wertes profitieren k\u00f6nnen, erfahren Sie in diesem Video.<\/p>\n","protected":false},"excerpt":{"rendered":"Die Aktie der Hannover R\u00fcck hat eine schwierige erste Jahresh\u00e4lfte 2026 hinter sich. \u00dcber weite Strecken tat sich&hellip;\n","protected":false},"author":2,"featured_media":1158016,"comment_status":"","ping_status":"","sticky":false,"template":"","format":"standard","meta":{"footnotes":"","_share_on_mastodon":"0"},"categories":[1836],"tags":[3364,29,30,46,95943,1411,74461],"class_list":["post-1158015","post","type-post","status-publish","format-standard","has-post-thumbnail","category-hannover","tag-de","tag-deutschland","tag-germany","tag-hannover","tag-hannover-rck","tag-niedersachsen","tag-ttip"],"share_on_mastodon":{"url":"https:\/\/pubeurope.com\/@de\/116898886134849502","error":""},"_links":{"self":[{"href":"https:\/\/www.europesays.com\/de\/wp-json\/wp\/v2\/posts\/1158015","targetHints":{"allow":["GET"]}}],"collection":[{"href":"https:\/\/www.europesays.com\/de\/wp-json\/wp\/v2\/posts"}],"about":[{"href":"https:\/\/www.europesays.com\/de\/wp-json\/wp\/v2\/types\/post"}],"author":[{"embeddable":true,"href":"https:\/\/www.europesays.com\/de\/wp-json\/wp\/v2\/users\/2"}],"replies":[{"embeddable":true,"href":"https:\/\/www.europesays.com\/de\/wp-json\/wp\/v2\/comments?post=1158015"}],"version-history":[{"count":0,"href":"https:\/\/www.europesays.com\/de\/wp-json\/wp\/v2\/posts\/1158015\/revisions"}],"wp:featuredmedia":[{"embeddable":true,"href":"https:\/\/www.europesays.com\/de\/wp-json\/wp\/v2\/media\/1158016"}],"wp:attachment":[{"href":"https:\/\/www.europesays.com\/de\/wp-json\/wp\/v2\/media?parent=1158015"}],"wp:term":[{"taxonomy":"category","embeddable":true,"href":"https:\/\/www.europesays.com\/de\/wp-json\/wp\/v2\/categories?post=1158015"},{"taxonomy":"post_tag","embeddable":true,"href":"https:\/\/www.europesays.com\/de\/wp-json\/wp\/v2\/tags?post=1158015"}],"curies":[{"name":"wp","href":"https:\/\/api.w.org\/{rel}","templated":true}]}}