{"id":1158230,"date":"2026-07-11T04:13:19","date_gmt":"2026-07-11T04:13:19","guid":{"rendered":"https:\/\/www.europesays.com\/de\/1158230\/"},"modified":"2026-07-11T04:13:19","modified_gmt":"2026-07-11T04:13:19","slug":"berlin-geiselnahme-in-rewe-markt-grosseinsatz-der-polizei","status":"publish","type":"post","link":"https:\/\/www.europesays.com\/de\/1158230\/","title":{"rendered":"Berlin: Geiselnahme in Rewe-Markt \u2013 Gro\u00dfeinsatz der Polizei"},"content":{"rendered":"<p>Mann hat Frau in seiner Gewalt <\/p>\n<p>Geiselnahme in Berliner Supermarkt \u2013 SEK im Einsatz<\/p>\n<p>Aktualisiert am 11.07.2026 &#8211; 05:31 UhrLesedauer: 2 Min.<\/p>\n<p><img loading=\"lazy\" src=\"https:\/\/www.t-online.de\/s\/paper\/_next\/static\/media\/loading-indicator-magenta.1f35d8de.svg\" alt=\"Video l\u00e4dt\" title=\"Video l\u00e4dt\" class=\"block h-[calc(var(--height)_\/_16_*_1rem)] w-[calc(var(--width)_\/_16_*_1rem)] max-w-none undefined\" style=\"--width:32;--height:32\" decoding=\"async\"\/>Player wird geladen<\/p>\n<p>Geiselnahme im Video: Bewaffnete Polizisten umstellen Supermarkt.<\/p>\n<p><img loading=\"lazy\" src=\"https:\/\/www.t-online.de\/s\/paper\/_next\/static\/media\/audio-volume.6689034c.svg\" alt=\"\" title=\"\" class=\"block h-[calc(var(--height)_\/_16_*_1rem)] w-[calc(var(--width)_\/_16_*_1rem)] max-w-none group-hover:brightness-0 group-hover:invert\" style=\"--width:16;--height:16\" decoding=\"async\"\/>Vorlesen<\/p>\n<p>Aktuelle Zeit:0:00Gesamtdauer:0:00<\/p>\n<p>1x<\/p>\n<p class=\"text-center\">Jetzt neu bei t-online:<\/p>\n<p class=\"text-center\">Schriftgr\u00f6\u00dfe anpassen!<\/p>\n<p><img loading=\"lazy\" src=\"https:\/\/www.t-online.de\/s\/paper\/_next\/static\/media\/font-sizes.32942e33.svg\" alt=\"\" title=\"\" class=\"block h-[calc(var(--height)_\/_16_*_1rem)] w-[calc(var(--width)_\/_16_*_1rem)] max-w-none group-hover:hidden group-aria-expanded:hidden\" style=\"--width:16;--height:16\" decoding=\"async\"\/><img loading=\"lazy\" src=\"https:\/\/www.t-online.de\/s\/paper\/_next\/static\/media\/font-sizes-dark-mode.e382645c.svg\" alt=\"\" title=\"\" class=\"block h-[calc(var(--height)_\/_16_*_1rem)] w-[calc(var(--width)_\/_16_*_1rem)] max-w-none hidden group-hover:block group-aria-expanded:block\" style=\"--width:16;--height:16\" decoding=\"async\"\/><img loading=\"lazy\" src=\"https:\/\/www.t-online.de\/s\/paper\/_next\/static\/media\/sharing-menu-icon.1eb71368.svg\" alt=\"\" title=\"\" class=\"block h-[calc(var(--height)_\/_16_*_1rem)] w-[calc(var(--width)_\/_16_*_1rem)] max-w-none group-hover:brightness-0 group-hover:invert\" style=\"--width:16;--height:16\" decoding=\"async\"\/>Artikel teilen<\/p>\n<p class=\"font-bold text-18 leading-17 user-text-lg:text-22 user-text-xl:text-24\">Ein Mann h\u00e4lt nach Polizeiangaben eine Frau in einem Supermarkt in Berlin fest. Es besteht Kontakt zu dem mutma\u00dflichen Geiselnehmer.<\/p>\n<p class=\"text-18 leading-17 user-text-lg:text-22 user-text-xl:text-24\">An einem Rewe-Supermarkt in <a href=\"https:\/\/berlin.t-online.de\/region\/berlin\/\" class=\"transition-colors cursor-pointer no-underline md:hover:text-magenta md:focus:text-magenta border-b border-solid border-current text-salemsfur md:hover:border-magenta\" data-tracking=\"{&quot;action&quot;:&quot;click&quot;,&quot;category&quot;:&quot;intextLink&quot;,&quot;label&quot;:&quot;https:\/\/berlin.t-online.de\/region\/berlin\/&quot;}\" data-sctrack=\"BodyAnchor\" rel=\"nofollow noopener\" target=\"_blank\">Berlin<\/a> l\u00e4uft seit mehreren Stunden ein gro\u00dfer Polizeieinsatz. Wie ein Sprecher der Polizei t-online best\u00e4tigte, hat ein Mann am Freitagabend in dem Markt in der Hildburghauser Stra\u00dfe im Ortsteil Marienfelde (Tempelhof-Sch\u00f6neberg) eine Frau in seine Gewalt gebracht und bedroht sie. Der Einsatz dauere an, sagte Sprecher Stefan Petersen-Sch\u00fcmann.<\/p>\n<p class=\"text-18 leading-17 user-text-lg:text-22 user-text-xl:text-24\">Der Polizeieinsatz habe kurz nach 22 Uhr begonnen, teilte die Polizei mit. Der Ort sei abgesperrt. Die Polizei ist mit gro\u00dfem Aufgebot vor Ort, auch mit einem Sondereinsatzkommando. Man stehe mit dem Mann in Kontakt. Es gebe Einsatzkr\u00e4fte, die f\u00fcr solche Vorf\u00e4lle entsprechend geschult seien, erkl\u00e4rte der Polizeisprecher. Details \u00fcber die Hintergr\u00fcnde der Tat sind bislang nicht bekannt.<\/p>\n<p class=\"text-18 leading-17 user-text-lg:text-22 user-text-xl:text-24\">Auf Videos in sozialen Medien sind schwer bewaffnete und mit Schutzkleidung ausger\u00fcstete Polizisten am Eingang des Supermarktes zu sehen. Nicht weit entfernt standen zun\u00e4chst Schaulustige, auf der Stra\u00dfe sind mehrere Polizeifahrzeuge und Rettungsfahrzeuge zu erkennen. Am fr\u00fchen Morgen war die Stra\u00dfe aber weitgehend menschenleer. In einem der Videos ist auch zu sehen, wie ein Polizist eine Leiter, die an die Geb\u00e4udewand gelehnt ist, hochsteigt und ins Innere des Marktes blickt.<\/p>\n<p>Angestellte vom Rettungsdienst betreut<\/p>\n<p class=\"text-18 leading-17 user-text-lg:text-22 user-text-xl:text-24\">Hinter der Absperrung, mit Blick auf den Markt, harrten einige Angestellte des Supermarktes aus. Sie hatten sich d\u00fcnne Stoffdecken umgelegt, die ihnen der Rettungsdienst bereitgestellt hatte. Nach dpa-Informationen befanden sie sich zum Zeitpunkt des Vorfalls im Laden.<\/p>\n<p class=\"text-18 leading-17 user-text-lg:text-22 user-text-xl:text-24\">Marienfelde liegt im Bezirk Tempelhof-Sch\u00f6neberg am s\u00fcdlichen Rand der Hauptstadt, weit entfernt vom Berliner Stadtgeschehen. Es ist eine ruhige Wohngegend, gepr\u00e4gt von Einfamilienh\u00e4usern und mehrst\u00f6ckigen Wohnbauten. In der Gegend befinden sich mehrere Schulen und Kindertagesst\u00e4tten.<\/p>\n","protected":false},"excerpt":{"rendered":"Mann hat Frau in seiner Gewalt Geiselnahme in Berliner Supermarkt \u2013 SEK im Einsatz Aktualisiert am 11.07.2026 &#8211;&hellip;\n","protected":false},"author":2,"featured_media":1158231,"comment_status":"","ping_status":"","sticky":false,"template":"","format":"standard","meta":{"footnotes":"","_share_on_mastodon":"0"},"categories":[5],"tags":[1217,296,2540,2796,13,11586,14,15,121,872,12,242884,925,226,528,10,8,9,11],"class_list":["post-1158230","post","type-post","status-publish","format-standard","has-post-thumbnail","category-nachrichten","tag-1217","tag-berlin","tag-einsatzkraft","tag-geiselnahme","tag-headlines","tag-marienfelde","tag-nachrichten","tag-news","tag-polizei","tag-rewe","tag-schlagzeilen","tag-stefan-petersen-schuemann","tag-supermarkt","tag-t-online","tag-tempelhof-schoeneberg","tag-top-news","tag-top-meldungen","tag-topmeldungen","tag-topnews"],"share_on_mastodon":{"url":"https:\/\/pubeurope.com\/@de\/116899402163608811","error":""},"_links":{"self":[{"href":"https:\/\/www.europesays.com\/de\/wp-json\/wp\/v2\/posts\/1158230","targetHints":{"allow":["GET"]}}],"collection":[{"href":"https:\/\/www.europesays.com\/de\/wp-json\/wp\/v2\/posts"}],"about":[{"href":"https:\/\/www.europesays.com\/de\/wp-json\/wp\/v2\/types\/post"}],"author":[{"embeddable":true,"href":"https:\/\/www.europesays.com\/de\/wp-json\/wp\/v2\/users\/2"}],"replies":[{"embeddable":true,"href":"https:\/\/www.europesays.com\/de\/wp-json\/wp\/v2\/comments?post=1158230"}],"version-history":[{"count":0,"href":"https:\/\/www.europesays.com\/de\/wp-json\/wp\/v2\/posts\/1158230\/revisions"}],"wp:featuredmedia":[{"embeddable":true,"href":"https:\/\/www.europesays.com\/de\/wp-json\/wp\/v2\/media\/1158231"}],"wp:attachment":[{"href":"https:\/\/www.europesays.com\/de\/wp-json\/wp\/v2\/media?parent=1158230"}],"wp:term":[{"taxonomy":"category","embeddable":true,"href":"https:\/\/www.europesays.com\/de\/wp-json\/wp\/v2\/categories?post=1158230"},{"taxonomy":"post_tag","embeddable":true,"href":"https:\/\/www.europesays.com\/de\/wp-json\/wp\/v2\/tags?post=1158230"}],"curies":[{"name":"wp","href":"https:\/\/api.w.org\/{rel}","templated":true}]}}