{"id":1158276,"date":"2026-07-11T04:42:40","date_gmt":"2026-07-11T04:42:40","guid":{"rendered":"https:\/\/www.europesays.com\/de\/1158276\/"},"modified":"2026-07-11T04:42:40","modified_gmt":"2026-07-11T04:42:40","slug":"europe-today-europas-wirtschaft-am-scheideweg-in-zeiten-wachsender-spannungen","status":"publish","type":"post","link":"https:\/\/www.europesays.com\/de\/1158276\/","title":{"rendered":"Europe Today: Europas Wirtschaft am Scheideweg in Zeiten wachsender Spannungen"},"content":{"rendered":"<p>\n                    Zuerst ver\u00f6ffentlicht am                 10\/07\/2026 &#8211; 8:28 MESZ\u2022Zuletzt aktualisiert<br \/>\n                                     13:41\n                                        <\/p>\n<p>  Heute in der Sendung:<\/p>\n<p>Euronews-Reporterin Maria Tadeo spricht \u00fcber ihr Exklusivinterview mit der Pr\u00e4sidentin der Europ\u00e4ischen Zentralbank <strong>Christine Lagarde<\/strong>. Darin geht es um die Widerstandskraft der europ\u00e4ischen Wirtschaft, das Verh\u00e4ltnis zu den USA und China sowie die politische Zukunft Frankreichs.<\/p>\n<p>          <img decoding=\"async\" class=\"c-ad__placeholder__logo\" src=\"https:\/\/static.euronews.com\/website\/images\/logos\/logo-euronews-stacked-outlined-72x72-grey-9.svg\" width=\"72\" height=\"72\" alt=\"\" loading=\"lazy\"\/><br \/>\n          WERBUNG<\/p>\n<p>          <img decoding=\"async\" class=\"c-ad__placeholder__logo\" src=\"https:\/\/static.euronews.com\/website\/images\/logos\/logo-euronews-stacked-outlined-72x72-grey-9.svg\" width=\"72\" height=\"72\" alt=\"\" loading=\"lazy\"\/><br \/>\n          WERBUNG<\/p>\n<p>Frankreichs Wirtschafts- und Finanzminister <strong>Roland Lescure<\/strong> schaltet sich aus Br\u00fcssel zu. Die EU-Finanzminister beraten dort \u00fcber die wirtschaftlichen Perspektiven Europas, die Folgen der neuen Spannungen im Nahen Osten, Vorschl\u00e4ge f\u00fcr gemeinsame Schuldenaufnahme der EU und die Wettbewerbsf\u00e4higkeit des Blocks.<\/p>\n<p>Euronews-Reporterin <strong>Mared Gwyn Jones<\/strong> erl\u00e4utert den Vorschlag der Europ\u00e4ischen Kommission, den Handel mit israelischen Siedlungen im besetzten Westjordanland einzuschr\u00e4nken. Sie zeigt, welche politischen H\u00fcrden das Vorhaben \u00fcberwinden muss, bevor es in Kraft treten kann.<\/p>\n<p>Euronews-Journalist <strong>Jakub Janas<\/strong> nimmt die Pl\u00e4ne der Europ\u00e4ischen Kommission unter die Lupe, die EU-Regeln f\u00fcr Kryptow\u00e4hrungen erneut zu pr\u00fcfen. Br\u00fcssel will damit mit dem rasant wachsenden Markt f\u00fcr digitale Verm\u00f6genswerte Schritt halten.<\/p>\n<p>Zum Schluss blicken wir auf einen weiteren entscheidenden Abend bei der <strong>FIFA-Weltmeisterschaft<\/strong>: Frankreich steht nach dem Sieg \u00fcber Marokko im Halbfinale, Spanien und Belgien bereiten sich auf ein richtungsweisendes Viertelfinale vor.<\/p>\n<p>Europe Today: wann und wo zu sehen?<\/p>\n<p>Sie k\u00f6nnen Euronews\u2019 Chefmoderatorin <strong>M\u00e9abh Mc Mahon<\/strong> und unsere EU-Redakteurin Maria Tadeo live im Fernsehen, auf der Euronews-Website sowie auf den digitalen Plattformen (YouTube, Facebook, X und Instagram) verfolgen \u2013 <strong>jeden Werktag um acht Uhr Br\u00fcsseler Zeit.<\/strong><\/p>\n<p>In nur <strong>20 Minuten<\/strong> liefert Ihnen das neue Format die wichtigsten Ereignisse des Tages und eine fundierte Einordnung der Geschichten, die die EU und dar\u00fcber hinaus pr\u00e4gen. Es ist au\u00dferdem als Newsletter und als Podcast.<\/p>\n","protected":false},"excerpt":{"rendered":"Zuerst ver\u00f6ffentlicht am 10\/07\/2026 &#8211; 8:28 MESZ\u2022Zuletzt aktualisiert 13:41 Heute in der Sendung: Euronews-Reporterin Maria Tadeo spricht \u00fcber&hellip;\n","protected":false},"author":2,"featured_media":1158277,"comment_status":"","ping_status":"","sticky":false,"template":"","format":"standard","meta":{"footnotes":"","_share_on_mastodon":"0"},"categories":[3933],"tags":[331,332,548,663,158,3934,3935,38029,13,792,14,15,12,55],"class_list":["post-1158276","post","type-post","status-publish","format-standard","has-post-thumbnail","category-eu","tag-aktuelle-nachrichten","tag-aktuelle-news","tag-eu","tag-europa","tag-europaeische-union","tag-europe","tag-european-union","tag-fussball-wm-2026","tag-headlines","tag-kryptowaehrung","tag-nachrichten","tag-news","tag-schlagzeilen","tag-wirtschaft"],"share_on_mastodon":{"url":"https:\/\/pubeurope.com\/@de\/116899515595691537","error":""},"_links":{"self":[{"href":"https:\/\/www.europesays.com\/de\/wp-json\/wp\/v2\/posts\/1158276","targetHints":{"allow":["GET"]}}],"collection":[{"href":"https:\/\/www.europesays.com\/de\/wp-json\/wp\/v2\/posts"}],"about":[{"href":"https:\/\/www.europesays.com\/de\/wp-json\/wp\/v2\/types\/post"}],"author":[{"embeddable":true,"href":"https:\/\/www.europesays.com\/de\/wp-json\/wp\/v2\/users\/2"}],"replies":[{"embeddable":true,"href":"https:\/\/www.europesays.com\/de\/wp-json\/wp\/v2\/comments?post=1158276"}],"version-history":[{"count":0,"href":"https:\/\/www.europesays.com\/de\/wp-json\/wp\/v2\/posts\/1158276\/revisions"}],"wp:featuredmedia":[{"embeddable":true,"href":"https:\/\/www.europesays.com\/de\/wp-json\/wp\/v2\/media\/1158277"}],"wp:attachment":[{"href":"https:\/\/www.europesays.com\/de\/wp-json\/wp\/v2\/media?parent=1158276"}],"wp:term":[{"taxonomy":"category","embeddable":true,"href":"https:\/\/www.europesays.com\/de\/wp-json\/wp\/v2\/categories?post=1158276"},{"taxonomy":"post_tag","embeddable":true,"href":"https:\/\/www.europesays.com\/de\/wp-json\/wp\/v2\/tags?post=1158276"}],"curies":[{"name":"wp","href":"https:\/\/api.w.org\/{rel}","templated":true}]}}