{"id":1158427,"date":"2026-07-11T06:11:15","date_gmt":"2026-07-11T06:11:15","guid":{"rendered":"https:\/\/www.europesays.com\/de\/1158427\/"},"modified":"2026-07-11T06:11:15","modified_gmt":"2026-07-11T06:11:15","slug":"sek-im-einsatz-mann-haelt-frau-in-berliner-supermarkt-als-geisel","status":"publish","type":"post","link":"https:\/\/www.europesays.com\/de\/1158427\/","title":{"rendered":"SEK im Einsatz: Mann h\u00e4lt Frau in Berliner Supermarkt als Geisel"},"content":{"rendered":"<p class=\"tspA1jc tspA1jd\">In einem Supermarkt im S\u00fcden Berlins h\u00e4lt ein Mann seit dem sp\u00e4ten Freitagabend eine Frau als Geisel. Kurz nach 22 Uhr hatte der T\u00e4ter die Frau in dem Rewe-Markt im Stadtteil Marienfelde in seine Gewalt gebracht und bedroht, wie Polizeisprecher Stefan Petersen-Sch\u00fcmann der Deutschen Presse-Agentur sagte. \u201eDer Einsatz dauert an\u201c, sagte er am Samstagmorgen gegen 4.30 Uhr. Der Supermarkt befindet sich in der Hildburghauser Stra\u00dfe, an der Ecke zum Tirschenreuther Ring.<\/p>\n<p class=\"tspA1jc\">\u201eWir haben Kontakt zu dem Geiselnehmer, zu dem Mann\u201c, sagte Petersen-Sch\u00fcmann weiter. Es gebe Einsatzkr\u00e4fte, die f\u00fcr solche Vorf\u00e4lle entsprechend geschult seien, erkl\u00e4rte er. \u00dcber die Hintergr\u00fcnde der Tat war zun\u00e4chst nichts bekannt.<\/p>\n<p> Supermarkt gro\u00dfr\u00e4umig abgesperrt <\/p>\n<p class=\"tspA1jc\">Der Supermarkt ist gro\u00dfr\u00e4umig abgesperrt, wie ein Reporter vor Ort berichtete. Das Spezialeinsatzkommando (SEK) ist vor dem Geb\u00e4ude positioniert. Zahlreiche Polizeifahrzeuge, Rettungswagen und die Feuerwehr sind vor Ort. Am fr\u00fchen Morgen stellten die Beamten eine Leiter ans Geb\u00e4ude und verschafften sich einen Blick in den Markt, wie ein dpa-Reporter beobachtete.\u00a0<\/p>\n<p class=\"tspA1jc\">Hinter der Absperrung, mit Blick auf den Markt, harrten einige Angestellte des Supermarkts aus. Sie hatten d\u00fcnne Stoffdecken umgelegt, die ihnen der Rettungsdienst bereitgestellt hatte. Nach dpa-Informationen befanden sie sich zum Zeitpunkt des Vorfalls im Laden.\u00a0<\/p>\n<p class=\"tspA1jc\">In der Nacht waren die Stra\u00dfen rund um den Tatort nahezu menschenleer. Nur vereinzelte Passanten waren unterwegs. Neben dem Supermarkt befindet sich eine Tankstelle.<\/p>\n<p>Lesen Sie mehr<a href=\"https:\/\/www.tagesspiegel.de\/gesellschaft\/panorama\/mann-ubergoss-sich-mit-brennbarer-flussigkeit-polizei-beendet-bedrohungslage-im-rathaus-von-lengerich-15746550.html?icid=topic-list_15829339___\" data-gtm-class=\"article-mzt-link\" data-hydrate-fingerprint=\"09740a54944caac75fd2c0c63fd5c5df\" data-hydrate-props=\"{&amp;escapedquot;element&amp;escapedquot;:{&amp;escapedquot;type&amp;escapedquot;:&amp;escapedquot;relatedContent&amp;escapedquot;,&amp;escapedquot;fieldMap&amp;escapedquot;:{},&amp;escapedquot;relation&amp;escapedquot;:{&amp;escapedquot;fields&amp;escapedquot;:{&amp;escapedquot;isPaid&amp;escapedquot;:null},&amp;escapedquot;href&amp;escapedquot;:&amp;escapedquot;\/gesellschaft\/panorama\/mann-ubergoss-sich-mit-brennbarer-flussigkeit-polizei-beendet-bedrohungslage-im-rathaus-von-lengerich-15746550.html&amp;escapedquot;,&amp;escapedquot;teaserTitle&amp;escapedquot;:{&amp;escapedquot;kicker&amp;escapedquot;:&amp;escapedquot;\u201eMann \u00fcbergoss sich mit brennbarer Fl\u00fcssigkeit\u201c&amp;escapedquot;,&amp;escapedquot;headline&amp;escapedquot;:&amp;escapedquot;Polizei beendet Bedrohungslage im Rathaus von Lengerich&amp;escapedquot;},&amp;escapedquot;id&amp;escapedquot;:&amp;escapedquot;15746550&amp;escapedquot;,&amp;escapedquot;type&amp;escapedquot;:&amp;escapedquot;story&amp;escapedquot;},&amp;escapedquot;isPartOfList&amp;escapedquot;:true,&amp;escapedquot;topicListType&amp;escapedquot;:&amp;escapedquot;topic-list&amp;escapedquot;},&amp;escapedquot;showArrow&amp;escapedquot;:true}\" data-hydrate-slots=\"{&#039;default&#039;:[]}\" class=\"tspDBrt tspDEr6\" rel=\"nofollow noopener\" target=\"_blank\">\u201eMann \u00fcbergoss sich mit brennbarer Fl\u00fcssigkeit\u201c Polizei beendet Bedrohungslage im Rathaus von Lengerich <\/a><a href=\"https:\/\/www.tagesspiegel.de\/berlin\/polizei-findet-gefesselte-mitarbeiter-raububerfall-auf-supermarkt-in-berlin-marienfelde-15776119.html?icid=topic-list_15829339___\" data-gtm-class=\"article-mzt-link\" data-hydrate-fingerprint=\"09740a54944caac75fd2c0c63fd5c5df\" data-hydrate-props=\"{&amp;escapedquot;element&amp;escapedquot;:{&amp;escapedquot;type&amp;escapedquot;:&amp;escapedquot;relatedContent&amp;escapedquot;,&amp;escapedquot;fieldMap&amp;escapedquot;:{},&amp;escapedquot;relation&amp;escapedquot;:{&amp;escapedquot;fields&amp;escapedquot;:{&amp;escapedquot;isPaid&amp;escapedquot;:null},&amp;escapedquot;href&amp;escapedquot;:&amp;escapedquot;\/berlin\/polizei-findet-gefesselte-mitarbeiter-raububerfall-auf-supermarkt-in-berlin-marienfelde-15776119.html&amp;escapedquot;,&amp;escapedquot;teaserTitle&amp;escapedquot;:{&amp;escapedquot;kicker&amp;escapedquot;:&amp;escapedquot;Polizei findet gefesselte Mitarbeiter&amp;escapedquot;,&amp;escapedquot;headline&amp;escapedquot;:&amp;escapedquot;Raub\u00fcberfall auf Supermarkt in Berlin-Marienfelde&amp;escapedquot;},&amp;escapedquot;id&amp;escapedquot;:&amp;escapedquot;15776119&amp;escapedquot;,&amp;escapedquot;type&amp;escapedquot;:&amp;escapedquot;story&amp;escapedquot;},&amp;escapedquot;isPartOfList&amp;escapedquot;:true,&amp;escapedquot;topicListType&amp;escapedquot;:&amp;escapedquot;topic-list&amp;escapedquot;},&amp;escapedquot;showArrow&amp;escapedquot;:true}\" data-hydrate-slots=\"{&#039;default&#039;:[]}\" class=\"tspDBrt tspDEr6\" rel=\"nofollow noopener\" target=\"_blank\">Polizei findet gefesselte Mitarbeiter Raub\u00fcberfall auf Supermarkt in Berlin-Marienfelde <\/a><a href=\"https:\/\/www.tagesspiegel.de\/gesellschaft\/diese-berliner-leben-jetzt-in-brandenburg-warum-haben-wir-das-nicht-schon-viel-fruher-gemacht-15744394.html?icid=topic-list_15829339___\" data-gtm-class=\"article-mzt-link\" data-hydrate-fingerprint=\"09740a54944caac75fd2c0c63fd5c5df\" data-hydrate-props=\"{&amp;escapedquot;element&amp;escapedquot;:{&amp;escapedquot;type&amp;escapedquot;:&amp;escapedquot;relatedContent&amp;escapedquot;,&amp;escapedquot;fieldMap&amp;escapedquot;:{},&amp;escapedquot;relation&amp;escapedquot;:{&amp;escapedquot;fields&amp;escapedquot;:{&amp;escapedquot;isPaid&amp;escapedquot;:true},&amp;escapedquot;href&amp;escapedquot;:&amp;escapedquot;\/gesellschaft\/diese-berliner-leben-jetzt-in-brandenburg-warum-haben-wir-das-nicht-schon-viel-fruher-gemacht-15744394.html&amp;escapedquot;,&amp;escapedquot;teaserTitle&amp;escapedquot;:{&amp;escapedquot;kicker&amp;escapedquot;:&amp;escapedquot;Diese Berliner leben jetzt in Brandenburg&amp;escapedquot;,&amp;escapedquot;headline&amp;escapedquot;:&amp;escapedquot;\u201eIch bin froh, Berlin verlassen zu haben\u201c&amp;escapedquot;},&amp;escapedquot;id&amp;escapedquot;:&amp;escapedquot;15744394&amp;escapedquot;,&amp;escapedquot;type&amp;escapedquot;:&amp;escapedquot;story&amp;escapedquot;},&amp;escapedquot;isPartOfList&amp;escapedquot;:true,&amp;escapedquot;topicListType&amp;escapedquot;:&amp;escapedquot;topic-list&amp;escapedquot;},&amp;escapedquot;showArrow&amp;escapedquot;:true}\" data-hydrate-slots=\"{&#039;default&#039;:[]}\" class=\"tspDBrt tspDEr6\" rel=\"nofollow noopener\" target=\"_blank\">Diese Berliner leben jetzt in Brandenburg \u201eIch bin froh, Berlin verlassen zu haben\u201c <\/a><\/p>\n<p class=\"tspA1jc\">Marienfelde liegt im Bezirk Tempelhof-Sch\u00f6neberg am s\u00fcdlichen Rand der Hauptstadt, weit entfernt vom Berliner Stadtgeschehen. Es ist eine ruhige Wohngegend, gepr\u00e4gt von Einfamilienh\u00e4usern und mehrst\u00f6ckigen Wohnbauten. In der Gegend befinden sich mehrere Schulen und Kindertagesst\u00e4tten. (dpa)<\/p>\n","protected":false},"excerpt":{"rendered":"In einem Supermarkt im S\u00fcden Berlins h\u00e4lt ein Mann seit dem sp\u00e4ten Freitagabend eine Frau als Geisel. Kurz&hellip;\n","protected":false},"author":2,"featured_media":1158428,"comment_status":"","ping_status":"","sticky":false,"template":"","format":"standard","meta":{"footnotes":"","_share_on_mastodon":"0"},"categories":[5],"tags":[331,332,3364,29,30,13,11586,14,15,12,966],"class_list":["post-1158427","post","type-post","status-publish","format-standard","has-post-thumbnail","category-nachrichten","tag-aktuelle-nachrichten","tag-aktuelle-news","tag-de","tag-deutschland","tag-germany","tag-headlines","tag-marienfelde","tag-nachrichten","tag-news","tag-schlagzeilen","tag-schule"],"share_on_mastodon":{"url":"https:\/\/pubeurope.com\/@de\/116899865378355519","error":""},"_links":{"self":[{"href":"https:\/\/www.europesays.com\/de\/wp-json\/wp\/v2\/posts\/1158427","targetHints":{"allow":["GET"]}}],"collection":[{"href":"https:\/\/www.europesays.com\/de\/wp-json\/wp\/v2\/posts"}],"about":[{"href":"https:\/\/www.europesays.com\/de\/wp-json\/wp\/v2\/types\/post"}],"author":[{"embeddable":true,"href":"https:\/\/www.europesays.com\/de\/wp-json\/wp\/v2\/users\/2"}],"replies":[{"embeddable":true,"href":"https:\/\/www.europesays.com\/de\/wp-json\/wp\/v2\/comments?post=1158427"}],"version-history":[{"count":0,"href":"https:\/\/www.europesays.com\/de\/wp-json\/wp\/v2\/posts\/1158427\/revisions"}],"wp:featuredmedia":[{"embeddable":true,"href":"https:\/\/www.europesays.com\/de\/wp-json\/wp\/v2\/media\/1158428"}],"wp:attachment":[{"href":"https:\/\/www.europesays.com\/de\/wp-json\/wp\/v2\/media?parent=1158427"}],"wp:term":[{"taxonomy":"category","embeddable":true,"href":"https:\/\/www.europesays.com\/de\/wp-json\/wp\/v2\/categories?post=1158427"},{"taxonomy":"post_tag","embeddable":true,"href":"https:\/\/www.europesays.com\/de\/wp-json\/wp\/v2\/tags?post=1158427"}],"curies":[{"name":"wp","href":"https:\/\/api.w.org\/{rel}","templated":true}]}}