{"id":1158495,"date":"2026-07-11T06:49:16","date_gmt":"2026-07-11T06:49:16","guid":{"rendered":"https:\/\/www.europesays.com\/de\/1158495\/"},"modified":"2026-07-11T06:49:16","modified_gmt":"2026-07-11T06:49:16","slug":"geiseldrama-in-berlin-frau-seit-10-stunden-in-gewalt-von-mann","status":"publish","type":"post","link":"https:\/\/www.europesays.com\/de\/1158495\/","title":{"rendered":"Geiseldrama in Berlin \u2013 Frau seit 10 Stunden in Gewalt von Mann"},"content":{"rendered":"<p>SEK bezieht vor Supermarkt Stellung <\/p>\n<p>Geiseldrama in Berlin \u2013 Frau seit 10 Stunden in Gewalt von Mann<\/p>\n<p>11.07.2026 &#8211; 08:48 UhrLesedauer: 2 Min.<\/p>\n<p><img loading=\"lazy\" src=\"https:\/\/www.t-online.de\/s\/paper\/_next\/static\/media\/loading-indicator-magenta.1f35d8de.svg\" alt=\"Video l\u00e4dt\" title=\"Video l\u00e4dt\" class=\"block h-[calc(var(--height)_\/_16_*_1rem)] w-[calc(var(--width)_\/_16_*_1rem)] max-w-none undefined\" style=\"--width:32;--height:32\" decoding=\"async\"\/>Player wird geladen<\/p>\n<p>Geiselnahme im Video: Bewaffnete Polizisten umstellen Supermarkt.<\/p>\n<p class=\"font-bold text-18 leading-17 user-text-lg:text-22 user-text-xl:text-24\">In einem Rewe-Markt in Berlin h\u00e4lt ein Mann eine Frau fest. W\u00e4hrend Verhandler Kontakt zu ihm haben, beziehen Spezialkr\u00e4fte vor dem Geb\u00e4ude Stellung.<\/p>\n<p class=\"text-18 leading-17 user-text-lg:text-22 user-text-xl:text-24\">Seit dem sp\u00e4ten Freitagabend h\u00e4lt ein Mann eine Frau in einem Rewe-Markt im Berliner Stadtteil Marienfelde in seiner Gewalt. Nach Angaben der Polizei brachte der T\u00e4ter die Frau kurz nach 22 Uhr unter seine Kontrolle und bedrohte sie. Auch am Samstagmorgen um 8 Uhr war der Einsatz noch nicht beendet. &#8222;Der Einsatz dauert an&#8220;, sagte ein Polizeisprecher t-online.<\/p>\n<p class=\"text-18 leading-17 user-text-lg:text-22 user-text-xl:text-24\">F\u00fcr den Einsatz seien Kr\u00e4fte vor Ort, die f\u00fcr solche Situationen besonders geschult seien. Zu den Hintergr\u00fcnden der Tat und zum Verh\u00e4ltnis zwischen T\u00e4ter und Geisel war zun\u00e4chst nichts bekannt. &#8222;Wegen des laufenden Einsatzes k\u00f6nnen wir derzeit nichts zu den Hintergr\u00fcnden sagen&#8220;, erkl\u00e4rte der Polizeisprecher t-online am Samstagmorgen. Er best\u00e4tigte aber, dass sich nur eine Geisel in der Gewalt des T\u00e4ters befindet.<\/p>\n<p class=\"text-18 leading-17 user-text-lg:text-22 user-text-xl:text-24\">Der Supermarkt wurde gro\u00dfr\u00e4umig abgesperrt. Vor dem Geb\u00e4ude bezog das Spezialeinsatzkommando (SEK) Stellung. Au\u00dferdem waren zahlreiche Polizeifahrzeuge, Rettungswagen und Kr\u00e4fte der Feuerwehr vor Ort. Am fr\u00fchen Samstagmorgen stellten Beamte eine Leiter an das Geb\u00e4ude und verschafften sich von au\u00dfen einen Blick in den Supermarkt, wie ein Reporter der Deutschen Nachrichtenagentur beobachtete.<\/p>\n","protected":false},"excerpt":{"rendered":"SEK bezieht vor Supermarkt Stellung Geiseldrama in Berlin \u2013 Frau seit 10 Stunden in Gewalt von Mann 11.07.2026&hellip;\n","protected":false},"author":2,"featured_media":1157922,"comment_status":"","ping_status":"","sticky":false,"template":"","format":"standard","meta":{"footnotes":"","_share_on_mastodon":"0"},"categories":[1825],"tags":[1434,522,296,29,166464,2796,30,11586,121,872,11878,925,226],"class_list":["post-1158495","post","type-post","status-publish","format-standard","has-post-thumbnail","category-berlin","tag-1434","tag-522","tag-berlin","tag-deutschland","tag-geiseldrama","tag-geiselnahme","tag-germany","tag-marienfelde","tag-polizei","tag-rewe","tag-spezialkraft","tag-supermarkt","tag-t-online"],"share_on_mastodon":{"url":"https:\/\/pubeurope.com\/@de\/116900014905366754","error":""},"_links":{"self":[{"href":"https:\/\/www.europesays.com\/de\/wp-json\/wp\/v2\/posts\/1158495","targetHints":{"allow":["GET"]}}],"collection":[{"href":"https:\/\/www.europesays.com\/de\/wp-json\/wp\/v2\/posts"}],"about":[{"href":"https:\/\/www.europesays.com\/de\/wp-json\/wp\/v2\/types\/post"}],"author":[{"embeddable":true,"href":"https:\/\/www.europesays.com\/de\/wp-json\/wp\/v2\/users\/2"}],"replies":[{"embeddable":true,"href":"https:\/\/www.europesays.com\/de\/wp-json\/wp\/v2\/comments?post=1158495"}],"version-history":[{"count":0,"href":"https:\/\/www.europesays.com\/de\/wp-json\/wp\/v2\/posts\/1158495\/revisions"}],"wp:featuredmedia":[{"embeddable":true,"href":"https:\/\/www.europesays.com\/de\/wp-json\/wp\/v2\/media\/1157922"}],"wp:attachment":[{"href":"https:\/\/www.europesays.com\/de\/wp-json\/wp\/v2\/media?parent=1158495"}],"wp:term":[{"taxonomy":"category","embeddable":true,"href":"https:\/\/www.europesays.com\/de\/wp-json\/wp\/v2\/categories?post=1158495"},{"taxonomy":"post_tag","embeddable":true,"href":"https:\/\/www.europesays.com\/de\/wp-json\/wp\/v2\/tags?post=1158495"}],"curies":[{"name":"wp","href":"https:\/\/api.w.org\/{rel}","templated":true}]}}