{"id":1158521,"date":"2026-07-11T07:04:15","date_gmt":"2026-07-11T07:04:15","guid":{"rendered":"https:\/\/www.europesays.com\/de\/1158521\/"},"modified":"2026-07-11T07:04:15","modified_gmt":"2026-07-11T07:04:15","slug":"polizeieinsatz-in-berlin-mann-nimmt-geisel-in-berliner-supermarkt","status":"publish","type":"post","link":"https:\/\/www.europesays.com\/de\/1158521\/","title":{"rendered":"Polizeieinsatz in Berlin: Mann nimmt Geisel in Berliner Supermarkt"},"content":{"rendered":"<p class=\"paragraph article__item\">In einem Supermarkt im S\u00fcden <a class=\"rtr-entity\" href=\"https:\/\/www.zeit.de\/thema\/berlin\" rel=\"nofollow noopener\" target=\"_blank\">Berlins<\/a> h\u00e4lt ein Mann seit dem sp\u00e4ten Freitagabend eine Frau als Geisel. Kurz nach 22 Uhr hatte der T\u00e4ter die Frau in dem Rewe-Markt im Stadtteil Marienfelde in seine Gewalt gebracht und bedroht, wie ein\u00a0<a href=\"https:\/\/x.com\/polizeiberlin\/status\/2075730707750461801\" target=\"_blank\" rel=\"nofollow\">Polizeisprecher<\/a>\u00a0der ZEIT best\u00e4tigte. \u00bbDer Einsatz dauert an\u00ab, sagte er gegen 7.30 Uhr. Der Supermarkt befindet sich in der Hildburghauser Stra\u00dfe, an der Ecke zum Tirschenreuther Ring.\n<\/p>\n<p class=\"paragraph article__item\">\u00bbWir haben Kontakt zu dem Geiselnehmer, zu dem Mann\u00ab, sagte der Sprecher der Nachrichtenagentur dpa. Es gebe Einsatzkr\u00e4fte, die f\u00fcr solche Vorf\u00e4lle entsprechend geschult seien, erkl\u00e4rte er. \u00dcber die Hintergr\u00fcnde der Tat war zun\u00e4chst nichts bekannt.\n<\/p>\n<p>            Supermarkt gro\u00dfr\u00e4umig abgesperrt            <\/p>\n<p class=\"paragraph article__item\">Der Supermarkt ist gro\u00dfr\u00e4umig abgesperrt, wie ein dpa-Reporter berichtete. Das Spezialeinsatzkommando SEK ist vor dem Geb\u00e4ude positioniert. Zahlreiche Polizeifahrzeuge, Rettungswagen und die Feuerwehr sind ebenfalls im Einsatz. Am fr\u00fchen Morgen stellten die Beamten eine Leiter ans Geb\u00e4ude und verschafften sich einen Blick in den Markt.\n<\/p>\n<p class=\"paragraph article__item\">Hinter der Absperrung, mit Blick auf den Markt, harrten einige Angestellte des Supermarkts aus. Sie hatten d\u00fcnne Stoffdecken umgelegt, die ihnen der Rettungsdienst bereitgestellt hatte. Nach dpa-Informationen befanden die Angestellten sich zum Zeitpunkt des Vorfalls im Laden.\n<\/p>\n<p class=\"paragraph article__item\">In der Nacht waren die Stra\u00dfen rund um den Tatort nahezu menschenleer. Nur vereinzelte Passanten waren unterwegs. Neben dem Supermarkt befindet sich eine Tankstelle.\n<\/p>\n<p class=\"paragraph article__item\">Marienfelde liegt im Bezirk Tempelhof-Sch\u00f6neberg am s\u00fcdlichen Rand der Hauptstadt, weit entfernt vom Berliner Stadtgeschehen. Es ist eine ruhige Wohngegend, gepr\u00e4gt von Einfamilienh\u00e4usern und mehrst\u00f6ckigen Wohnbauten. In der Gegend befinden sich mehrere Schulen und Kindertagesst\u00e4tten.\n<\/p>\n<p>                An dieser Stelle ist ein externer Inhalt eingebunden<\/p>\n<p>Zum Anschauen ben\u00f6tigen wir Ihre Zustimmung<\/p>\n<p>\n                Weiter\n            <\/p>\n<p class=\"paragraph article__item\">Dieser Artikel wird weiter aktualisiert.<\/p>\n","protected":false},"excerpt":{"rendered":"In einem Supermarkt im S\u00fcden Berlins h\u00e4lt ein Mann seit dem sp\u00e4ten Freitagabend eine Frau als Geisel. Kurz&hellip;\n","protected":false},"author":2,"featured_media":1158522,"comment_status":"","ping_status":"","sticky":false,"template":"","format":"standard","meta":{"footnotes":"","_share_on_mastodon":"0"},"categories":[5],"tags":[296,2796,1724,13,14,15,121,242954,12,925,10,8,9,11],"class_list":["post-1158521","post","type-post","status-publish","format-standard","has-post-thumbnail","category-nachrichten","tag-berlin","tag-geiselnahme","tag-gesellschaft","tag-headlines","tag-nachrichten","tag-news","tag-polizei","tag-polizeieinsatz-in-berlin","tag-schlagzeilen","tag-supermarkt","tag-top-news","tag-top-meldungen","tag-topmeldungen","tag-topnews"],"share_on_mastodon":{"url":"https:\/\/pubeurope.com\/@de\/116900073789294106","error":""},"_links":{"self":[{"href":"https:\/\/www.europesays.com\/de\/wp-json\/wp\/v2\/posts\/1158521","targetHints":{"allow":["GET"]}}],"collection":[{"href":"https:\/\/www.europesays.com\/de\/wp-json\/wp\/v2\/posts"}],"about":[{"href":"https:\/\/www.europesays.com\/de\/wp-json\/wp\/v2\/types\/post"}],"author":[{"embeddable":true,"href":"https:\/\/www.europesays.com\/de\/wp-json\/wp\/v2\/users\/2"}],"replies":[{"embeddable":true,"href":"https:\/\/www.europesays.com\/de\/wp-json\/wp\/v2\/comments?post=1158521"}],"version-history":[{"count":0,"href":"https:\/\/www.europesays.com\/de\/wp-json\/wp\/v2\/posts\/1158521\/revisions"}],"wp:featuredmedia":[{"embeddable":true,"href":"https:\/\/www.europesays.com\/de\/wp-json\/wp\/v2\/media\/1158522"}],"wp:attachment":[{"href":"https:\/\/www.europesays.com\/de\/wp-json\/wp\/v2\/media?parent=1158521"}],"wp:term":[{"taxonomy":"category","embeddable":true,"href":"https:\/\/www.europesays.com\/de\/wp-json\/wp\/v2\/categories?post=1158521"},{"taxonomy":"post_tag","embeddable":true,"href":"https:\/\/www.europesays.com\/de\/wp-json\/wp\/v2\/tags?post=1158521"}],"curies":[{"name":"wp","href":"https:\/\/api.w.org\/{rel}","templated":true}]}}