{"id":1158646,"date":"2026-07-11T08:16:35","date_gmt":"2026-07-11T08:16:35","guid":{"rendered":"https:\/\/www.europesays.com\/de\/1158646\/"},"modified":"2026-07-11T08:16:35","modified_gmt":"2026-07-11T08:16:35","slug":"berlin-geiselnahme-in-berliner-supermarkt-beendet","status":"publish","type":"post","link":"https:\/\/www.europesays.com\/de\/1158646\/","title":{"rendered":"Berlin: Geiselnahme in Berliner Supermarkt beendet"},"content":{"rendered":"<p class=\"paragraph article__item\">Die stundenlange <a class=\"rtr-entity\" href=\"https:\/\/www.zeit.de\/thema\/geiselnahme\" rel=\"nofollow noopener\" target=\"_blank\">Geiselnahme<\/a> in einem Supermarkt im <a href=\"https:\/\/www.zeit.de\/thema\/berlin\" target=\"_blank\" rel=\"nofollow noopener\">S\u00fcden Berlins<\/a> ist nach Polizeiangaben ohne den Einsatz von Schusswaffen beendet worden. Wie ein Polizeisprecher der Nachrichtenagentur dpa mitteilte, wurde der T\u00e4ter von SEK-Beamten \u00fcberw\u00e4ltigt und die Geisel befreit. Demnach setzten die Polizisten einen Taser ein. Das Ger\u00e4t soll Menschen mit elektrischen Impulsen f\u00fcr kurze Zeit kampfunf\u00e4hig machen.\n<\/p>\n<p class=\"paragraph article__item\">Zum Zustand der Frau konnte der Polizeisprecher zun\u00e4chst nur berichten, dass sie unter Schock stehe und von Rettungskr\u00e4ften behandelt werde. Unklar ist weiter, was die Hintergr\u00fcnde der Tat sind.\n<\/p>\n<p class=\"paragraph article__item\">Ein Mann hatte am Freitagabend kurz nach 22 Uhr eine Frau <a href=\"https:\/\/www.zeit.de\/gesellschaft\/zeitgeschehen\/2026-07\/geiselnahme-supermarkt-berlin-polizei-marienfelde\" target=\"_blank\" rel=\"nofollow noopener\">i<\/a><a href=\"https:\/\/www.zeit.de\/gesellschaft\/zeitgeschehen\/2026-07\/geiselnahme-supermarkt-berlin-polizei-marienfelde\" target=\"_blank\" rel=\"nofollow noopener\">n dem Rewe-Markt im Stadtteil Marienfelde in seine Gewalt gebracht und bedroht<\/a>. Das best\u00e4tigte ein Polizeisprecher der ZEIT. Der Supermarkt befindet sich in der Hildburghauser Stra\u00dfe, an der Ecke zum Tirschenreuther Ring.\n<\/p>\n<p>            Geisel soll Mitarbeiterin des Supermarktes sein            <\/p>\n<p class=\"paragraph article__item\">Der Supermarkt wurde daraufhin gro\u00dfr\u00e4umig abgesperrt, wie ein dpa-Reporter berichtete. Das Spezialeinsatzkommando SEK war vor dem Geb\u00e4ude positioniert. Zahlreiche Polizeifahrzeuge, Rettungswagen und die Feuerwehr waren ebenfalls im Einsatz. Am fr\u00fchen Morgen stellten die Beamten eine Leiter ans Geb\u00e4ude und verschafften sich einen Blick in den Markt.\n<\/p>\n<p class=\"paragraph article__item\">Nach Angaben eines Mitarbeiters des <a href=\"https:\/\/www.zeit.de\/wirtschaft\/2026-07\/hitze-rechte-mieter-temperatur-entschaedigung-vermieter\" target=\"_blank\" rel=\"nofollow noopener\">Rewe-Supermarkts <\/a>handelt es sich bei der Geisel um eine Mitarbeiterin des Gesch\u00e4fts. \u00bbSie war einfach am falschen Ort zum falschen Zeitpunkt\u00ab, sagte er.\n<\/p>\n<p class=\"paragraph article__item\">Marienfelde liegt im Bezirk Tempelhof-Sch\u00f6neberg am s\u00fcdlichen Rand der Hauptstadt, weit entfernt vom Berliner Stadtgeschehen. Es ist eine ruhige Wohngegend, gepr\u00e4gt von Einfamilienh\u00e4usern und mehrst\u00f6ckigen Wohnbauten. In der Gegend befinden sich mehrere Schulen und Kindertagesst\u00e4tten.<\/p>\n","protected":false},"excerpt":{"rendered":"Die stundenlange Geiselnahme in einem Supermarkt im S\u00fcden Berlins ist nach Polizeiangaben ohne den Einsatz von Schusswaffen beendet&hellip;\n","protected":false},"author":2,"featured_media":1158647,"comment_status":"","ping_status":"","sticky":false,"template":"","format":"standard","meta":{"footnotes":"","_share_on_mastodon":"0"},"categories":[1825],"tags":[296,29,2796,30,1724,925],"class_list":["post-1158646","post","type-post","status-publish","format-standard","has-post-thumbnail","category-berlin","tag-berlin","tag-deutschland","tag-geiselnahme","tag-germany","tag-gesellschaft","tag-supermarkt"],"share_on_mastodon":{"url":"https:\/\/pubeurope.com\/@de\/116900356980081831","error":""},"_links":{"self":[{"href":"https:\/\/www.europesays.com\/de\/wp-json\/wp\/v2\/posts\/1158646","targetHints":{"allow":["GET"]}}],"collection":[{"href":"https:\/\/www.europesays.com\/de\/wp-json\/wp\/v2\/posts"}],"about":[{"href":"https:\/\/www.europesays.com\/de\/wp-json\/wp\/v2\/types\/post"}],"author":[{"embeddable":true,"href":"https:\/\/www.europesays.com\/de\/wp-json\/wp\/v2\/users\/2"}],"replies":[{"embeddable":true,"href":"https:\/\/www.europesays.com\/de\/wp-json\/wp\/v2\/comments?post=1158646"}],"version-history":[{"count":0,"href":"https:\/\/www.europesays.com\/de\/wp-json\/wp\/v2\/posts\/1158646\/revisions"}],"wp:featuredmedia":[{"embeddable":true,"href":"https:\/\/www.europesays.com\/de\/wp-json\/wp\/v2\/media\/1158647"}],"wp:attachment":[{"href":"https:\/\/www.europesays.com\/de\/wp-json\/wp\/v2\/media?parent=1158646"}],"wp:term":[{"taxonomy":"category","embeddable":true,"href":"https:\/\/www.europesays.com\/de\/wp-json\/wp\/v2\/categories?post=1158646"},{"taxonomy":"post_tag","embeddable":true,"href":"https:\/\/www.europesays.com\/de\/wp-json\/wp\/v2\/tags?post=1158646"}],"curies":[{"name":"wp","href":"https:\/\/api.w.org\/{rel}","templated":true}]}}