{"id":1158696,"date":"2026-07-11T08:51:21","date_gmt":"2026-07-11T08:51:21","guid":{"rendered":"https:\/\/www.europesays.com\/de\/1158696\/"},"modified":"2026-07-11T08:51:21","modified_gmt":"2026-07-11T08:51:21","slug":"warum-eine-christliche-realschule-in-halle-jahrelange-bemuehungen-vernichtet-haller-kreisblatt","status":"publish","type":"post","link":"https:\/\/www.europesays.com\/de\/1158696\/","title":{"rendered":"Warum eine christliche Realschule in Halle jahrelange Bem\u00fchungen vernichtet | Haller Kreisblatt"},"content":{"rendered":"<p id=\"absatz1\" class=\"em_text\">Beim Durchbl\u00e4ttern der Beschlussvorlagen f\u00fcr den aktuellen Haupt- und Finanzausschuss konnte man denken, der Sachbearbeiter der Stadt h\u00e4tte sie teilweise aus dem Archivordner des Jahres 2018 herauskopiert: TOP 6: Antrag des F\u00f6rdervereins der Georg-M\u00fcller-Schule auf Nutzung des Borgers-Gel\u00e4ndes als Schulstandort.<\/p>\n<p id=\"absatz2\" class=\"em_text\">Da rieben sich nicht nur die elf verbliebenen Ratsmitglieder die Augen, die schon acht Jahre zuvor zum selben Thema ihre Meinung ge\u00e4u\u00dfert hatten. Sind wir pl\u00f6tzlich gefangen in einem Zeitloch? Nein, es ist nicht mehr Fr\u00fchjahr 2018.<\/p>\n<p id=\"absatz3\" class=\"em_text\">Es ist unwiderruflich 2026 und Johannes Michael Pieper, Gesch\u00e4ftsf\u00fchrer des Tr\u00e4gervereins der Georg-M\u00fcller-Schulen, sitzt tats\u00e4chlich in der Sitzung des Haupt- und Finanzausschusses und erz\u00e4hlt, warum eine Schule mit ausschlie\u00dflich christlichem Lehrpersonal, einer einheitlichen Schulkleidung und einer strengen Orientierung an der Bibel Halles Schullandschaft Mitte des 21. Jahrhunderts bereichern w\u00fcrde.<\/p>\n<p>Nicht-Christen m\u00fcssen woanders unterrichten<\/p>\n<p class=\"em_text\">Bevor der Shitstorm \u00fcber mich hereinbricht, stelle ich klar: Dies ist keine Kritik an Religion. Ich war selbst viele Jahre lang Messdiener und habe ein Gymnasium mit einer Konfession im Titel besucht. Religion ist eine St\u00fctze in guten und schlechten Zeiten, aber sie sollte nicht \u00fcber allem stehen. Schon gar nicht soll sie ausgrenzen, aber genau das w\u00e4re hier der Fall. Rund ein Drittel der Bev\u00f6lkerung im Kreis G\u00fctersloh geh\u00f6rt keiner christlichen Religionsgruppe an. F\u00fcr Muslime, Buddhisten und Hinduisten bliebe die Schule zumindest als Arbeitgeber au\u00dfen vor. Passt so eine Vorgabe noch ins Jahr 2026? Ich denke nicht.<\/p>\n<p id=\"absatz5\" class=\"em_text\">Noch entscheidender w\u00e4re aber wohl die Auswirkung solch einer Einrichtung auf die Haller Schullandschaft, die bis vor Kurzem auf \u00e4u\u00dferst wackligen Beinen stand. Wie eine heilige Kuh hat man die Gesamtschule Halle ab 2022, als mit nur 52 Anmeldungen der Tiefststand erreicht wurde, geh\u00e4tschelt und get\u00e4tschelt. Mehrfach stand sie auf der Kippe. Erst hinterher wurde klar, wie knapp es f\u00fcr die Einrichtung wirklich war.<\/p>\n<p id=\"absatz6\" class=\"em_text\">Auch aus diesem Grund stimmte der Schulausschuss-Vorsitzende Sven W\u00f6pkemeier (CDU) im Haupt- und Finanzausschuss jetzt ebenfalls gegen den Pr\u00fcfauftrag. Es sei nicht konsequent, zwecks St\u00e4rkung der Gesamtschule eine Mehrklassenbildung in Steinhagen abzulehnen und nun einen Realschulstandort in Halle zu pr\u00fcfen.<\/p>\n<p id=\"absatz7\"><b class=\"bold\">Zum Ursprungstext:<\/b> <a href=\"https:\/\/www.haller-kreisblatt.de\/lokal\/halle\/24372104_Problem-Grundstueck-Borgers-Brache-Haller-Schule-nimmt-neuen-Anlauf.html\" rel=\"nofollow noopener\" target=\"_blank\">Problem-Grundst\u00fcck Borgers-Brache: Haller Schule nimmt neuen Anlauf<\/a><\/p>\n<p>Die prognostizierten Sch\u00fclerzahlen lassen nicht mehr zu<\/p>\n<p id=\"absatz8\" class=\"em_text\">Unz\u00e4hlige Gespr\u00e4che wurden in den vergangenen Jahren mit Detmold gef\u00fchrt, um den Kopf immer wieder aus der Schlinge zu ziehen. Hinzu kam eine gro\u00dfartige Imagekampagne mit viel Engagement der Eltern, des Schulleiters Matthias Geukes samt Kollegium sowie vieler Hallerinnen und Haller, was die Schule schlie\u00dflich nicht nur rettete, sondern sogar Rekordanmeldezahlen hervorbrachte.<\/p>\n<p id=\"absatz9\" class=\"em_text\">Und nun soll pl\u00f6tzlich das Erreichte gef\u00e4hrdet werden, indem man die Weide \u00f6ffnet und eine weitere Kuh mit viel Hunger auf gr\u00fcnes Gras dazustellt? Dabei wird das verf\u00fcgbare Futter, sprich die zu verteilenden Sch\u00fclerzahl, immer kleiner. Dies w\u00fcrde unweigerlich zu Einbr\u00fcchen an der Gesamtschule, aber auch am KGH und an den beiden gymnasialen Zweigen des Berufskollegs f\u00fchren. Die Kinder werden nun einmal weniger.<\/p>\n<p id=\"absatz10\" class=\"em_text\">Bleibt am Ende auch noch die Frage, was politische Beschl\u00fcsse \u00fcberhaupt noch wert sind, wenn man das Thema einfach nach einiger Zeit wieder in die Abstimmung schickt und die Politik dar\u00fcber erst ein halbes Jahr nach den wieder aufgenommenen Gespr\u00e4chen in Kenntnis setzt. Wenn die Eltern der Georg-M\u00fcller-Schule weite Wege nicht abschrecken, sollten die Verantwortlichen sich einen anderen Standort suchen. In Halle ist die Schulvielfalt gro\u00df genug, mehr Konkurrenz w\u00fcrde hier nur zu Konflikten f\u00fchren, die irgendwann nicht mehr durch Instagram-Kampagnen abwendbar w\u00e4ren.<\/p>\n<p id=\"absatz11\"><b class=\"bold\">Aktuelle News bekommen Sie t\u00e4glich \u00fcber den<\/b> <a data-auth=\"NotApplicable\" data-linkindex=\"0\" href=\"https:\/\/whatsapp.com\/channel\/0029VagU0FW1SWsxhmHz2v0q\" rel=\"noreferrer noopener nofollow\" target=\"_blank\" title=\"https:\/\/whatsapp.com\/channel\/0029VagU0FW1SWsxhmHz2v0q\">WhatsApp-Kanal des HK<\/a> <\/p>\n","protected":false},"excerpt":{"rendered":"Beim Durchbl\u00e4ttern der Beschlussvorlagen f\u00fcr den aktuellen Haupt- und Finanzausschuss konnte man denken, der Sachbearbeiter der Stadt h\u00e4tte&hellip;\n","protected":false},"author":2,"featured_media":1158697,"comment_status":"","ping_status":"","sticky":false,"template":"","format":"standard","meta":{"footnotes":"","_share_on_mastodon":"0"},"categories":[1841],"tags":[6666,1605,214718,102404,3364,29,121538,242975,30,23744,4062,216840,16896,198610,19081,164252,229797,25952,16405,242976,3312,1209,9216,22870],"class_list":["post-1158696","post","type-post","status-publish","format-standard","has-post-thumbnail","category-bielefeld","tag-beschlussvorlage","tag-bielefeld","tag-bielefeld-mitte","tag-cnt_top-artikel","tag-de","tag-deutschland","tag-finanzausschuss","tag-georg-mueller-schulen","tag-germany","tag-guetersloh","tag-halle","tag-label_ordne-fuer-mich-ein","tag-label_xl-160","tag-meta_artikelklasse_debatte","tag-meta_copyrights_hk","tag-meta_eo_zusammenfassung","tag-meta_prio_1","tag-meta_themen_uni_bildung","tag-meta_userneeds_ordneein","tag-michael-pieper","tag-muslime","tag-nordrhein-westfalen","tag-realschule","tag-wochenkommentar"],"share_on_mastodon":{"url":"","error":"Validation failed: Text character limit of 500 exceeded"},"_links":{"self":[{"href":"https:\/\/www.europesays.com\/de\/wp-json\/wp\/v2\/posts\/1158696","targetHints":{"allow":["GET"]}}],"collection":[{"href":"https:\/\/www.europesays.com\/de\/wp-json\/wp\/v2\/posts"}],"about":[{"href":"https:\/\/www.europesays.com\/de\/wp-json\/wp\/v2\/types\/post"}],"author":[{"embeddable":true,"href":"https:\/\/www.europesays.com\/de\/wp-json\/wp\/v2\/users\/2"}],"replies":[{"embeddable":true,"href":"https:\/\/www.europesays.com\/de\/wp-json\/wp\/v2\/comments?post=1158696"}],"version-history":[{"count":0,"href":"https:\/\/www.europesays.com\/de\/wp-json\/wp\/v2\/posts\/1158696\/revisions"}],"wp:featuredmedia":[{"embeddable":true,"href":"https:\/\/www.europesays.com\/de\/wp-json\/wp\/v2\/media\/1158697"}],"wp:attachment":[{"href":"https:\/\/www.europesays.com\/de\/wp-json\/wp\/v2\/media?parent=1158696"}],"wp:term":[{"taxonomy":"category","embeddable":true,"href":"https:\/\/www.europesays.com\/de\/wp-json\/wp\/v2\/categories?post=1158696"},{"taxonomy":"post_tag","embeddable":true,"href":"https:\/\/www.europesays.com\/de\/wp-json\/wp\/v2\/tags?post=1158696"}],"curies":[{"name":"wp","href":"https:\/\/api.w.org\/{rel}","templated":true}]}}