{"id":1158896,"date":"2026-07-11T10:47:17","date_gmt":"2026-07-11T10:47:17","guid":{"rendered":"https:\/\/www.europesays.com\/de\/1158896\/"},"modified":"2026-07-11T10:47:17","modified_gmt":"2026-07-11T10:47:17","slug":"suchaktion-in-bremen-in-die-weser-gestiegen-18-jaehriger-vermisst","status":"publish","type":"post","link":"https:\/\/www.europesays.com\/de\/1158896\/","title":{"rendered":"Suchaktion in Bremen: In die Weser gestiegen: 18-J\u00e4hriger vermisst"},"content":{"rendered":"<p>Quelle: dpa Niedersachsen<br \/>\n        11. Juli 2026, 12:43 Uhr\n    <\/p>\n<p>        Sie k\u00f6nnen sich Artikel der ZEIT in der Google-Suche nun bevorzugt anzeigen lassen.<\/p>\n<p>        <a class=\"zps-widget__icon\" href=\"https:\/\/www.google.com\/preferences\/source?q=zeit.de\" data-ct-label=\"Google Preferred Source Onboarding Widget Icon\" id=\"zps-link-icon-activate\" aria-label=\"ZEIT als bevorzugte Quelle bei Google aktivieren\" target=\"_blank\" rel=\"nofollow noopener\"><\/p>\n<p>        <\/a><\/p>\n<p>        Hinweis<\/p>\n<p class=\"article-notice__text\">DIE ZEIT hat diese Meldung redaktionell nicht bearbeitet. Sie wurde automatisch von der Deutschen Presse-Agentur (dpa) \u00fcbernommen.<\/p>\n<p>            <img decoding=\"async\" class=\"article__media-item\" src=\"https:\/\/www.europesays.com\/de\/wp-content\/uploads\/2026\/07\/1783766837_45_wide__660x371.jpeg\" alt=\"Suchaktion in Bremen: Polizei und Feuerwehr suchen in der Weser nach einem vermissten 18-J\u00e4hrigen. (Symbolbild)\"\/><\/p>\n<p>                    Polizei und Feuerwehr suchen in der Weser nach einem vermissten 18-J\u00e4hrigen. (Symbolbild)<br \/>\n            \u00a9\u00a0Jens B\u00fcttner\/\u200bdpa<\/p>\n<p class=\"paragraph article__item\"><a class=\"rtr-entity\" href=\"https:\/\/www.zeit.de\/thema\/polizei\" rel=\"nofollow noopener\" target=\"_blank\">Polizei<\/a> und Feuerwehr suchen einen 18-J\u00e4hrigen in der Weser in Bremen. Der junge Mann wollte in der Nacht zum Samstag den Fluss durchschwimmen, wie die Polizei mitteilte. Nun wird er vermisst.\n<\/p>\n<p>Aktuelles<\/p>\n<p>                <a href=\"https:\/\/www.zeit.de\/zeit-magazin\/leben\/2026-06\/hitze-unfaelle-baden-rettungseinsaetze-todesfaelle\" data-ct-label=\"Badeunf\u00e4lle bei Hitze: Ein Wochenende in Deutschland, 41 Grad, 35 Badetote\" data-uuid=\"129a7002-9f80-4cc1-bcd7-3af6dd7aa2ba\" rel=\"nofollow noopener\" target=\"_blank\"><\/p>\n<p>        Z+ (abopflichtiger Inhalt);<\/p>\n<p>    Badeunf\u00e4lle bei Hitze:<br \/>\n                        Ein Wochenende in Deutschland, 41 Grad, 35 Badetote<\/p>\n<p>                <\/a><\/p>\n<p>                <a href=\"https:\/\/www.zeit.de\/politik\/ausland\/2026-06\/erdbeben-venezuela-la-guaira-delcy-rodriguez\" data-ct-label=\"Erdbeben in Venezuela: Rettungskr\u00e4fte in Venezuela rechnen kaum noch mit \u00dcberlebenden\" data-uuid=\"e4890386-8d2e-48ec-999f-b6fba6426699\" rel=\"nofollow noopener\" target=\"_blank\"><\/p>\n<p>                        Erdbeben in Venezuela:<br \/>\n                        Rettungskr\u00e4fte in Venezuela rechnen kaum noch mit \u00dcberlebenden<\/p>\n<p>                <\/a><\/p>\n<p>                <a href=\"https:\/\/www.zeit.de\/gesellschaft\/zeitgeschehen\/2026-06\/badeunfaelle-hitze-deutschland-tote\" data-ct-label=\"Badeunf\u00e4lle in Deutschland: Mindestens 15 Menschen bei Badeunf\u00e4llen gestorben\" data-uuid=\"d471e078-fbfb-4640-bb7d-4cee73d61bd1\" rel=\"nofollow noopener\" target=\"_blank\"><\/p>\n<p>                        Badeunf\u00e4lle in Deutschland:<br \/>\n                        Mindestens 15 Menschen bei Badeunf\u00e4llen gestorben<\/p>\n<p>                <\/a><\/p>\n<p class=\"paragraph article__item\">Ein 20 Jahre alter Freund des jungen Mannes hatte den Angaben zufolge die Einsatzkr\u00e4fte alarmiert. Der 18-J\u00e4hrige und ein weiterer Bekannter waren laut Polizei in H\u00f6he des Anlegers der Sielwallf\u00e4hre in die Weser gestiegen. Der Bekannte sei, nachdem er wieder aus dem Wasser kam, weggelaufen. Der 18-J\u00e4hrige blieb verschwunden.\u00a0\n<\/p>\n<p class=\"paragraph article__item\">Die Suche verlief in der Nacht erfolglos. Im Laufe des Tages wollten die Rettungskr\u00e4fte weiter nach dem Vermissten suchen, wie die Polizei mitteilte.\n<\/p>\n<p class=\"paragraph article__item\">\u00a9 dpa-infocom, dpa:260711-930-369634\/1<\/p>\n","protected":false},"excerpt":{"rendered":"Quelle: dpa Niedersachsen 11. Juli 2026, 12:43 Uhr Sie k\u00f6nnen sich Artikel der ZEIT in der Google-Suche nun&hellip;\n","protected":false},"author":2,"featured_media":1158897,"comment_status":"","ping_status":"","sticky":false,"template":"","format":"standard","meta":{"footnotes":"","_share_on_mastodon":"0"},"categories":[1824],"tags":[2420,3364,29,985,30,15,121,55617,243027,4978],"class_list":["post-1158896","post","type-post","status-publish","format-standard","has-post-thumbnail","category-bremen","tag-bremen","tag-de","tag-deutschland","tag-feuerwehr","tag-germany","tag-news","tag-polizei","tag-suchaktion","tag-suchaktion-in-bremen","tag-weser"],"share_on_mastodon":{"url":"https:\/\/pubeurope.com\/@de\/116900952114406758","error":""},"_links":{"self":[{"href":"https:\/\/www.europesays.com\/de\/wp-json\/wp\/v2\/posts\/1158896","targetHints":{"allow":["GET"]}}],"collection":[{"href":"https:\/\/www.europesays.com\/de\/wp-json\/wp\/v2\/posts"}],"about":[{"href":"https:\/\/www.europesays.com\/de\/wp-json\/wp\/v2\/types\/post"}],"author":[{"embeddable":true,"href":"https:\/\/www.europesays.com\/de\/wp-json\/wp\/v2\/users\/2"}],"replies":[{"embeddable":true,"href":"https:\/\/www.europesays.com\/de\/wp-json\/wp\/v2\/comments?post=1158896"}],"version-history":[{"count":0,"href":"https:\/\/www.europesays.com\/de\/wp-json\/wp\/v2\/posts\/1158896\/revisions"}],"wp:featuredmedia":[{"embeddable":true,"href":"https:\/\/www.europesays.com\/de\/wp-json\/wp\/v2\/media\/1158897"}],"wp:attachment":[{"href":"https:\/\/www.europesays.com\/de\/wp-json\/wp\/v2\/media?parent=1158896"}],"wp:term":[{"taxonomy":"category","embeddable":true,"href":"https:\/\/www.europesays.com\/de\/wp-json\/wp\/v2\/categories?post=1158896"},{"taxonomy":"post_tag","embeddable":true,"href":"https:\/\/www.europesays.com\/de\/wp-json\/wp\/v2\/tags?post=1158896"}],"curies":[{"name":"wp","href":"https:\/\/api.w.org\/{rel}","templated":true}]}}