{"id":1158934,"date":"2026-07-11T11:07:20","date_gmt":"2026-07-11T11:07:20","guid":{"rendered":"https:\/\/www.europesays.com\/de\/1158934\/"},"modified":"2026-07-11T11:07:20","modified_gmt":"2026-07-11T11:07:20","slug":"geiseldrama-in-berlin-der-taeter-befand-sich-an-der-kasse","status":"publish","type":"post","link":"https:\/\/www.europesays.com\/de\/1158934\/","title":{"rendered":"Geiseldrama in Berlin: &#8222;Der T\u00e4ter befand sich an der Kasse&#8230;&#8220;"},"content":{"rendered":"<p>&#8222;Dann zog er das Messer&#8220; <\/p>\n<p>Polizei befreit Geisel nach elf Stunden<\/p>\n<p>Aktualisiert am 11.07.2026 &#8211; 11:27 UhrLesedauer: 2 Min.<\/p>\n<p><img loading=\"lazy\" src=\"https:\/\/www.t-online.de\/s\/paper\/_next\/static\/media\/loading-indicator-magenta.1f35d8de.svg\" alt=\"Video l\u00e4dt\" title=\"Video l\u00e4dt\" class=\"block h-[calc(var(--height)_\/_16_*_1rem)] w-[calc(var(--width)_\/_16_*_1rem)] max-w-none undefined\" style=\"--width:32;--height:32\" decoding=\"async\"\/>Player wird geladen<\/p>\n<p>Im Video: Eine verletzte Person liegt auf einer Trage. (Quelle: dpa)<\/p>\n<p><img loading=\"lazy\" src=\"https:\/\/www.t-online.de\/s\/paper\/_next\/static\/media\/audio-volume.6689034c.svg\" alt=\"\" title=\"\" class=\"block h-[calc(var(--height)_\/_16_*_1rem)] w-[calc(var(--width)_\/_16_*_1rem)] max-w-none group-hover:brightness-0 group-hover:invert\" style=\"--width:16;--height:16\" decoding=\"async\"\/>Vorlesen<\/p>\n<p>Aktuelle Zeit:0:00Gesamtdauer:0:00<\/p>\n<p>1x<\/p>\n<p class=\"text-center\">Jetzt neu bei t-online:<\/p>\n<p class=\"text-center\">Schriftgr\u00f6\u00dfe anpassen!<\/p>\n<p><img loading=\"lazy\" src=\"https:\/\/www.t-online.de\/s\/paper\/_next\/static\/media\/font-sizes.32942e33.svg\" alt=\"\" title=\"\" class=\"block h-[calc(var(--height)_\/_16_*_1rem)] w-[calc(var(--width)_\/_16_*_1rem)] max-w-none group-hover:hidden group-aria-expanded:hidden\" style=\"--width:16;--height:16\" decoding=\"async\"\/><img loading=\"lazy\" src=\"https:\/\/www.t-online.de\/s\/paper\/_next\/static\/media\/font-sizes-dark-mode.e382645c.svg\" alt=\"\" title=\"\" class=\"block h-[calc(var(--height)_\/_16_*_1rem)] w-[calc(var(--width)_\/_16_*_1rem)] max-w-none hidden group-hover:block group-aria-expanded:block\" style=\"--width:16;--height:16\" decoding=\"async\"\/><img loading=\"lazy\" src=\"https:\/\/www.t-online.de\/s\/paper\/_next\/static\/media\/sharing-menu-icon.1eb71368.svg\" alt=\"\" title=\"\" class=\"block h-[calc(var(--height)_\/_16_*_1rem)] w-[calc(var(--width)_\/_16_*_1rem)] max-w-none group-hover:brightness-0 group-hover:invert\" style=\"--width:16;--height:16\" decoding=\"async\"\/>Artikel teilen<\/p>\n<p class=\"font-bold text-18 leading-17 user-text-lg:text-22 user-text-xl:text-24\">Elf Stunden lang hat ein Mann in einem Rewe-Markt in Berlin eine Frau festgehalten. Die Polizei konnte die Geisel befreien.<\/p>\n<p class=\"text-18 leading-17 user-text-lg:text-22 user-text-xl:text-24\">Seit dem sp\u00e4ten Freitagabend hielt ein Mann eine Frau in einem Rewe-Markt im Berliner Stadtteil Marienfelde in seiner Gewalt. Am Samstagmorgen dann die gute Nachricht: Die Geiselnahme konnte nach elf Stunden beendet werden. &#8222;Der T\u00e4ter ist \u00fcberw\u00e4ltigt und die Geisel befreit&#8220;, sagte ein Polizeisprecher.<\/p>\n<p class=\"text-18 leading-17 user-text-lg:text-22 user-text-xl:text-24\">Nach Angaben der Polizei brachte der T\u00e4ter die Frau kurz nach 22 Uhr unter seine Kontrolle und bedrohte sie. Auch am Samstagmorgen nach 8 Uhr war der Einsatz noch nicht beendet. Gegen 9.20 Uhr meldete die Polizei den Erfolg.<\/p>\n<p class=\"text-18 leading-17 user-text-lg:text-22 user-text-xl:text-24\">Bei dem Zugriff von Spezialeinsatzkr\u00e4ften ist der mutma\u00dfliche Geiselnehmer nach Polizeiangaben leicht verletzt worden. Er wurde in ein Krankenhaus gebracht, wie Polizeisprecher Florian Nath sagte. Auch die befreite Frau kam in ein Krankenhaus. Nach ersten Angaben des Sprechers steht sie unter Schock.<\/p>\n<p><a href=\"#focus-0\" class=\"transition-colors block text-current relative\" data-sctrack=\"FocusGalleryImage.Reference\"><img   loading=\"lazy\" src=\"https:\/\/www.europesays.com\/de\/wp-content\/uploads\/2026\/07\/berlin-ein-polizist-mit-spezialausruestung-ist-in-der-naehe-von-einem-supermarkt-im-einsatz-und-steh.jpeg\" alt=\"Berlin: Ein Polizist mit Spezialausr\u00fcstung ist in der N\u00e4he von einem Supermarkt im Einsatz und steht an einem Fahrzeug.\" title=\"Berlin: Ein Polizist mit Spezialausr\u00fcstung ist in der N\u00e4he von einem Supermarkt im Einsatz und steht an einem Fahrzeug.\" width=\"2048\" height=\"1152\" class=\"h-full w-full max-w-full rounded-8\" decoding=\"async\"\/><img loading=\"lazy\" src=\"https:\/\/www.t-online.de\/s\/paper\/_next\/static\/media\/zoom-in.f7dae02f.svg\" alt=\"Vergr\u00f6\u00dfern des Bildes\" title=\"Vergr\u00f6\u00dfern des Bildes\" class=\"block h-[calc(var(--height)_\/_16_*_1rem)] w-[calc(var(--width)_\/_16_*_1rem)] max-w-none absolute right-8 bottom-8 rounded-4 bg-snow p-8\" style=\"--width:32;--height:32\" decoding=\"async\"\/>Berlin: Ein Polizist mit Spezialausr\u00fcstung vor dem Rewe-Supermarkt im Einsatz. (Quelle: Carsten Koall\/dpa)<\/a><\/p>\n<p>&#8222;Der T\u00e4ter befand sich an der Kasse, &#8230; dann zog er das Messer&#8220;<\/p>\n<p class=\"text-18 leading-17 user-text-lg:text-22 user-text-xl:text-24\">F\u00fcr den Einsatz waren Kr\u00e4fte vor Ort, die f\u00fcr solche Situationen besonders geschult sind. Zu den Hintergr\u00fcnden der Tat und zum Verh\u00e4ltnis zwischen T\u00e4ter und Geisel wurde zun\u00e4chst nichts bekannt. &#8222;Wegen des laufenden Einsatzes k\u00f6nnen wir derzeit nichts zu den Hintergr\u00fcnden sagen&#8220;, erkl\u00e4rte der Polizeisprecher t-online am Samstagmorgen.<\/p>\n<p class=\"text-18 leading-17 user-text-lg:text-22 user-text-xl:text-24\">Journalisten vor Ort konnten offenbar mit einem Mitarbeiter sprechen, der am Freitag nach eigenen Angaben Sp\u00e4tschicht hatte. Er sollte sicherstellen, dass nach 22 Uhr kein neuer Kunde mehr in den Rewe-Supermarkt kommt. Der Geiselnehmer sei der letzte Kunde gewesen, berichtete dieser. &#8222;Der T\u00e4ter befand sich an der Kasse, wollte die Ware nicht auf das Kassenband legen und zog dann pl\u00f6tzlich das Messer&#8220;, zitiert die &#8222;Bild&#8220;-Zeitung den Rewe-Mitarbeiter. &#8222;Es war auf jeden Fall ein gro\u00dfes Messer.&#8220; Daraufhin habe der Rewe-Mitarbeiter die Flucht ergriffen.<\/p>\n<p class=\"text-18 leading-17 user-text-lg:text-22 user-text-xl:text-24\">Seine Kollegin geriet hingegen in die Gewalt des Geiselnehmers. &#8222;Sie war einfach am falschen Ort, zum falschen Zeitpunkt&#8220;, wird der Zeuge weiter zitiert.<\/p>\n<p><a href=\"#focus-1\" class=\"transition-colors block text-current relative\" data-sctrack=\"FocusGalleryImage.Reference\"><img   loading=\"lazy\" src=\"https:\/\/www.europesays.com\/de\/wp-content\/uploads\/2026\/07\/berlin-scharfschuetzen-der-polizei-sind-vor-einem-supermarkt-im-einsatz-in-dem-supermarkt-im-sueden-.jpeg\" alt=\"Berlin: Scharfsch\u00fctzen der Polizei sind vor einem Supermarkt im Einsatz\" title=\"Berlin: Scharfsch\u00fctzen der Polizei sind vor einem Supermarkt im Einsatz\" width=\"2048\" height=\"1333\" class=\"h-full w-full max-w-full rounded-8\" decoding=\"async\"\/><img loading=\"lazy\" src=\"https:\/\/www.t-online.de\/s\/paper\/_next\/static\/media\/zoom-in.f7dae02f.svg\" alt=\"Vergr\u00f6\u00dfern des Bildes\" title=\"Vergr\u00f6\u00dfern des Bildes\" class=\"block h-[calc(var(--height)_\/_16_*_1rem)] w-[calc(var(--width)_\/_16_*_1rem)] max-w-none absolute right-8 bottom-8 rounded-4 bg-snow p-8\" style=\"--width:32;--height:32\" decoding=\"async\"\/>Berlin: Scharfsch\u00fctzen der Polizei sind vor dem Rewe-Supermarkt im Einsatz. (Quelle: Carsten Koall\/dpa)<\/a><\/p>\n","protected":false},"excerpt":{"rendered":"&#8222;Dann zog er das Messer&#8220; Polizei befreit Geisel nach elf Stunden Aktualisiert am 11.07.2026 &#8211; 11:27 UhrLesedauer: 2&hellip;\n","protected":false},"author":2,"featured_media":1158935,"comment_status":"","ping_status":"","sticky":false,"template":"","format":"standard","meta":{"footnotes":"","_share_on_mastodon":"0"},"categories":[1825],"tags":[1434,522,1941,1939,296,1937,29,2540,44413,2796,30,11586,1981,1940,1938,121,872,925],"class_list":["post-1158934","post","type-post","status-publish","format-standard","has-post-thumbnail","category-berlin","tag-1434","tag-522","tag-aktuelle-nachrichten-aus-berlin","tag-aktuelle-news-aus-berlin","tag-berlin","tag-berlin-news","tag-deutschland","tag-einsatzkraft","tag-florian-nath","tag-geiselnahme","tag-germany","tag-marienfelde","tag-messer","tag-nachrichten-aus-berlin","tag-news-aus-berlin","tag-polizei","tag-rewe","tag-supermarkt"],"share_on_mastodon":{"url":"https:\/\/pubeurope.com\/@de\/116901030187450363","error":""},"_links":{"self":[{"href":"https:\/\/www.europesays.com\/de\/wp-json\/wp\/v2\/posts\/1158934","targetHints":{"allow":["GET"]}}],"collection":[{"href":"https:\/\/www.europesays.com\/de\/wp-json\/wp\/v2\/posts"}],"about":[{"href":"https:\/\/www.europesays.com\/de\/wp-json\/wp\/v2\/types\/post"}],"author":[{"embeddable":true,"href":"https:\/\/www.europesays.com\/de\/wp-json\/wp\/v2\/users\/2"}],"replies":[{"embeddable":true,"href":"https:\/\/www.europesays.com\/de\/wp-json\/wp\/v2\/comments?post=1158934"}],"version-history":[{"count":0,"href":"https:\/\/www.europesays.com\/de\/wp-json\/wp\/v2\/posts\/1158934\/revisions"}],"wp:featuredmedia":[{"embeddable":true,"href":"https:\/\/www.europesays.com\/de\/wp-json\/wp\/v2\/media\/1158935"}],"wp:attachment":[{"href":"https:\/\/www.europesays.com\/de\/wp-json\/wp\/v2\/media?parent=1158934"}],"wp:term":[{"taxonomy":"category","embeddable":true,"href":"https:\/\/www.europesays.com\/de\/wp-json\/wp\/v2\/categories?post=1158934"},{"taxonomy":"post_tag","embeddable":true,"href":"https:\/\/www.europesays.com\/de\/wp-json\/wp\/v2\/tags?post=1158934"}],"curies":[{"name":"wp","href":"https:\/\/api.w.org\/{rel}","templated":true}]}}