{"id":1159050,"date":"2026-07-11T12:14:18","date_gmt":"2026-07-11T12:14:18","guid":{"rendered":"https:\/\/www.europesays.com\/de\/1159050\/"},"modified":"2026-07-11T12:14:18","modified_gmt":"2026-07-11T12:14:18","slug":"bremen-18-jaehriger-steigt-in-die-weser-und-verschwindet","status":"publish","type":"post","link":"https:\/\/www.europesays.com\/de\/1159050\/","title":{"rendered":"Bremen: 18-J\u00e4hriger steigt in die Weser \u2013 und verschwindet"},"content":{"rendered":"<p>In der Nacht <\/p>\n<p>18-J\u00e4hriger steigt in die Weser \u2013 und verschwindet<\/p>\n<p>11.07.2026 &#8211; 14:12 UhrLesedauer: 1 Min.<\/p>\n<p><a href=\"#focus-0\" class=\"transition-colors block text-current relative\" data-sctrack=\"FocusGalleryImage.Reference\"><img fetchpriority=\"high\" data-testid=\"Opener.Image\"   loading=\"eager\" src=\"https:\/\/www.europesays.com\/de\/wp-content\/uploads\/2026\/07\/1783772058_684_image.jpg\" alt=\"imago images 0819858299\" title=\"imago images 0819858299\" width=\"8131\" height=\"4574\" class=\"bg-[url:var(--lqipURL)] bg-cover bg-center flex h-full w-full max-w-full\" style=\"--lqipURL:url('https:\/\/images.t-online.de\/2026\/07\/QuvRtRarnwKH\/0x424:8131x4574\/fit-in\/150x0\/filters:blur(25)\/image.jpg')\" decoding=\"async\"\/><img loading=\"lazy\" src=\"https:\/\/www.t-online.de\/s\/paper\/_next\/static\/media\/zoom-in.f7dae02f.svg\" alt=\"Vergr\u00f6\u00dfern des Bildes\" title=\"Vergr\u00f6\u00dfern des Bildes\" class=\"block h-[calc(var(--height)_\/_16_*_1rem)] w-[calc(var(--width)_\/_16_*_1rem)] max-w-none absolute right-8 bottom-8 rounded-4 bg-snow p-8\" style=\"--width:32;--height:32\" decoding=\"async\"\/><\/a><\/p>\n<p>Ein 18-J\u00e4hriger wollte etwa auf der H\u00f6he des Anlegers der Sielwallf\u00e4hre die Weser \u00fcberqueren (Archivbild). (Quelle: Axel Kaste\/imago)<\/p>\n<p class=\"font-bold text-18 leading-17 user-text-lg:text-22 user-text-xl:text-24\">In Bremen l\u00e4uft nach einem n\u00e4chtlichen Badeausflug ein Gro\u00dfeinsatz an der Weser. Ein 18-J\u00e4hriger wird vermisst, nachdem er nicht mehr aus dem Wasser zur\u00fcckkam.<\/p>\n<p class=\"text-18 leading-17 user-text-lg:text-22 user-text-xl:text-24\">Polizei und Feuerwehr suchen einen 18-J\u00e4hrigen in der Weser in <a href=\"https:\/\/bremen.t-online.de\/region\/bremen\/\" class=\"transition-colors cursor-pointer no-underline md:hover:text-magenta md:focus:text-magenta border-b border-solid border-current text-salemsfur md:hover:border-magenta\" data-tracking=\"{&quot;action&quot;:&quot;click&quot;,&quot;category&quot;:&quot;intextLink&quot;,&quot;label&quot;:&quot;https:\/\/bremen.t-online.de\/region\/bremen\/&quot;}\" data-sctrack=\"BodyAnchor\" rel=\"nofollow noopener\" target=\"_blank\">Bremen<\/a>. Der junge Mann wollte in der Nacht zum Samstag den Fluss durchschwimmen, wie die Polizei mitteilte. Nun wird er vermisst.<\/p>\n<p class=\"text-18 leading-17 user-text-lg:text-22 user-text-xl:text-24\">Ein 20 Jahre alter Freund des jungen Mannes hatte den Angaben zufolge die Einsatzkr\u00e4fte alarmiert. Der 18-J\u00e4hrige und ein weiterer Bekannter waren laut Polizei in H\u00f6he des Anlegers der Sielwallf\u00e4hre in die Weser gestiegen. Der Bekannte sei, nachdem er wieder aus dem Wasser kam, weggelaufen. Der 18-J\u00e4hrige blieb verschwunden.<\/p>\n<p class=\"text-18 leading-17 user-text-lg:text-22 user-text-xl:text-24\">Die Suche verlief in der Nacht erfolglos. Im Laufe des Tages wollten die Rettungskr\u00e4fte weiter nach dem Vermissten suchen, wie die Polizei mitteilte.<\/p>\n","protected":false},"excerpt":{"rendered":"In der Nacht 18-J\u00e4hriger steigt in die Weser \u2013 und verschwindet 11.07.2026 &#8211; 14:12 UhrLesedauer: 1 Min. Ein&hellip;\n","protected":false},"author":2,"featured_media":1159051,"comment_status":"","ping_status":"","sticky":false,"template":"","format":"standard","meta":{"footnotes":"","_share_on_mastodon":"0"},"categories":[1824],"tags":[1434,522,223662,2420,3364,29,985,30,3786,121,243051,4978],"class_list":["post-1159050","post","type-post","status-publish","format-standard","has-post-thumbnail","category-bremen","tag-1434","tag-522","tag-badeausflug","tag-bremen","tag-de","tag-deutschland","tag-feuerwehr","tag-germany","tag-grosseinsatz","tag-polizei","tag-sielwallfaehre","tag-weser"],"share_on_mastodon":{"url":"https:\/\/pubeurope.com\/@de\/116901292968444333","error":""},"_links":{"self":[{"href":"https:\/\/www.europesays.com\/de\/wp-json\/wp\/v2\/posts\/1159050","targetHints":{"allow":["GET"]}}],"collection":[{"href":"https:\/\/www.europesays.com\/de\/wp-json\/wp\/v2\/posts"}],"about":[{"href":"https:\/\/www.europesays.com\/de\/wp-json\/wp\/v2\/types\/post"}],"author":[{"embeddable":true,"href":"https:\/\/www.europesays.com\/de\/wp-json\/wp\/v2\/users\/2"}],"replies":[{"embeddable":true,"href":"https:\/\/www.europesays.com\/de\/wp-json\/wp\/v2\/comments?post=1159050"}],"version-history":[{"count":0,"href":"https:\/\/www.europesays.com\/de\/wp-json\/wp\/v2\/posts\/1159050\/revisions"}],"wp:featuredmedia":[{"embeddable":true,"href":"https:\/\/www.europesays.com\/de\/wp-json\/wp\/v2\/media\/1159051"}],"wp:attachment":[{"href":"https:\/\/www.europesays.com\/de\/wp-json\/wp\/v2\/media?parent=1159050"}],"wp:term":[{"taxonomy":"category","embeddable":true,"href":"https:\/\/www.europesays.com\/de\/wp-json\/wp\/v2\/categories?post=1159050"},{"taxonomy":"post_tag","embeddable":true,"href":"https:\/\/www.europesays.com\/de\/wp-json\/wp\/v2\/tags?post=1159050"}],"curies":[{"name":"wp","href":"https:\/\/api.w.org\/{rel}","templated":true}]}}