{"id":1159115,"date":"2026-07-11T12:49:21","date_gmt":"2026-07-11T12:49:21","guid":{"rendered":"https:\/\/www.europesays.com\/de\/1159115\/"},"modified":"2026-07-11T12:49:21","modified_gmt":"2026-07-11T12:49:21","slug":"seit-ihrer-kindheit-lebte-sie-in-der-metallroehre-frau-mit-eiserner-lunge-stirbt-mit-78-jahren-news","status":"publish","type":"post","link":"https:\/\/www.europesays.com\/de\/1159115\/","title":{"rendered":"Seit ihrer Kindheit lebte sie in der Metallr\u00f6hre: Frau mit Eiserner Lunge stirbt mit 78 Jahren | News"},"content":{"rendered":"<p><a class=\"skip-content skip-content--link\" href=\"#in-content-skip-link-target-v-0-0\">TTS-Player \u00fcberspringen\u21b5<\/a><a id=\"in-content-skip-link-target-v-0-0\" class=\"skip-content--target-link-hidden skip-content skip-content--target-link\" href=\"#in-content-skip-link-target-v-0-0\">Artikel weiterlesen<\/a><\/p>\n<p data-bbd632a7=\"0-1066\">Oklahoma (USA) \u2013 <b>Bis zuletzt war Martha Lillard auf der Suche nach Ersatzteilen f\u00fcr das Eisen-Monster, das sie \u00fcber 70 Jahre am Leben hielt. Die Suche ist vorbei: Die letzte US-Patientin, die nach einer Polio-Erkrankung auf die \u201eEiserne Lunge\u201c angewiesen war, ist mit 78 Jahren gestorben.<\/b><\/p>\n<p data-bbd632a7=\"0-1066\">Wie ihre Schwester mitteilte, starb Lillard am 26. Juni in Oklahoma. Bis zuletzt nutzte sie die \u201eEiserne Lunge\u201c. Das Ger\u00e4t wurde in den 1920er Jahren entwickelt und erm\u00f6glicht Menschen per Unterdruck das Atmen. Inzwischen gibt es modernere Alternativen. Doch Lillard hatte sich nach eigenen Angaben an die Nutzung des bis zu 600 Kilogramm schweren Kolosses gew\u00f6hnt, beschrieb die Anwendung als f\u00fcr sie \u201eeffizienteste, beste und bequemste Art\u201c. <\/p>\n<p><img decoding=\"async\" width=\"992\" height=\"777\" alt=\"Zuletzt war Martha fast ununterbrochen auf die Maschine angewiesen\" loading=\"lazy\" src=\"https:\/\/www.europesays.com\/de\/wp-content\/uploads\/2026\/07\/c29a3b0e98c1ccd42e237debbd98de06,ba59b0b9.jpeg\"   class=\"dynamic\"\/><\/p>\n<p class=\"fig__caption__text\">Zuletzt war Martha fast ununterbrochen auf die Maschine angewiesen, sprach gern mit Reportern \u00fcber ihr Leben<\/p>\n<p>Foto: Ali Foster\/Facebook<\/p>\n<p>Polio-Erkrankung mit 5 Jahren<\/p>\n<p data-bbd632a7=\"0-1066\">Nur neun Tage nach ihrem 5. Geburtstag im Jahr 1953 wachte Martha morgens mit Hals- und Nackenschmerzen auf. Im Krankenhaus wurde <a href=\"https:\/\/www.bild.de\/leben-wissen\/medizin\/kinderlaehmung-wie-man-diese-krankheit-erkennt-und-bekaempft-66c866a88be21275e14245b6\" class=\"text-link\" rel=\"nofollow noopener\" target=\"_blank\">Kinderl\u00e4hmung<\/a> diagnostiziert. Die von Polioviren hervorgerufene <a href=\"https:\/\/www.bild.de\/themen\/specials\/kinderkrankheit\/ratgeber-kind-familie-news-fotos-videos-02-42585820.bild.html\" class=\"text-link\" rel=\"nofollow noopener\" target=\"_blank\">Infektionskrankheit<\/a> f\u00fchrt zu schweren L\u00e4hmungen von Atemmuskulatur, Armen und Beinen. Patienten sind auf Beatmung angewiesen. In damaligen F\u00e4llen hie\u00df das: \u201eEiserne Lunge\u201c. Die \u00c4rzte prognostizierten Martha eine Lebenserwartung von gerade einmal 20 Jahren. Ihre Schwester Cindy McVey sagte der Nachrichtenagentur AP: \u201eSie hatte den Enthusiasmus und den Willen, weiterzuleben und das Beste aus ihrem Leben zu machen.\u201c<\/p>\n<p><img decoding=\"async\" width=\"992\" height=\"1178\" alt=\"Martha Lillard in ihrer \u201eEisernen Lunge\u201c. Die Frau lebte lange allein, k\u00fcmmerte sie um ihre insgesamt neun Hunde, alles Beagle und Terrier\" loading=\"lazy\" src=\"https:\/\/www.europesays.com\/de\/wp-content\/uploads\/2026\/07\/77eddae671f11cb46c92adc0caa42cdb,5c46922c.jpeg\"   class=\"portrait\"\/><\/p>\n<p class=\"fig__caption__text\">Martha Lillard in ihrer \u201eEisernen Lunge\u201c. Die Frau lebte lange allein, k\u00fcmmerte sie um ihre insgesamt neun Hunde, alles Beagle und Terrier<\/p>\n<p>Foto: Cindy McVey via AP<\/p>\n<p>Mit \u201eEiserner Lunge\u201c in den Urlaub<\/p>\n<p data-bbd632a7=\"1099-2133\">Lillard besuchte die Schule, bekam sp\u00e4ter Unterricht per Telefon. Mit ihren Eltern unternahm sie sogar Ausfl\u00fcge \u2013 die lebensrettende Maschine wurde in einem Anh\u00e4nger mitgenommen. Das ist m\u00f6glich, wenn Patienten mit einer Therapie lernen, selbstst\u00e4ndig zu atmen, und das Ger\u00e4t nur stundenweise zur Unterst\u00fctzung brauchen. \u00dcber Nacht kletterte Lillard jedoch immer in die \u201eEiserne Lunge\u201c. Durch die Therapie gelang es ihr sogar, allein zu leben und f\u00fcr sich selbst zu kochen. Im Internet lernte sie Baha Salh aus \u00c4gypten kennen und chattete \u00fcber 20 Jahre nur mit ihm, bis er endlich ein Visum f\u00fcr die USA erhielt. Das Paar zog zusammen, im Februar 2026 heirateten sie.<\/p>\n<p><img decoding=\"async\" width=\"992\" height=\"652\" alt=\"Die \u201eEiserne Lunge\u201c war die einzige Hoffnung f\u00fcr Polio-Patienten. Zuletzt lebten noch drei Menschen mit der Maschine: Mona Randolph starb 2019, Paul Alexander 2024. Martha Lillard galt als letzter Mensch, der das Ger\u00e4t noch benutzte\" loading=\"lazy\" src=\"https:\/\/www.europesays.com\/de\/wp-content\/uploads\/2026\/07\/546a77d20f21b24f7d68189c8a794679,2e972556.jpeg\"   class=\"dynamic\"\/><\/p>\n<p class=\"fig__caption__text\">Die \u201eEiserne Lunge\u201c war die einzige Hoffnung f\u00fcr Polio-Patienten<\/p>\n<p>Foto: Boston Globe via Getty Images<\/p>\n<p>Frau \u00fcberlebt Tornado und Eissturm<\/p>\n<p data-bbd632a7=\"1099-2133\">Zweimal \u00fcberlebte Lillard einen Stromausfall, der die Funktion ihrer Maschine einschr\u00e4nkte. Als Anfang der 2000er ein Eissturm \u00fcber Oklahoma fegte, war die Polio-Patientin in ihrer \u201eEisernen Lunge\u201c eingeschlossen, weil das Notstromaggregat nicht ansprang. Mit M\u00fche konnte sie den Notruf w\u00e4hlen, beschrieb die Erfahrung: \u201eEs war, als w\u00e4re man lebendig begraben \u2013 es war furchtbar be\u00e4ngstigend.\u201c W\u00e4hrend eines Tornados 2025 bekam Lillard einen Anfall. Der Strom war weg, sie konnte nicht in die Maschine. Ihr Lebensgef\u00e4hrte beatmete sie, bis der Rettungsdienst eintraf.<\/p>\n<p><b>Transparenzhinweis<\/b><\/p>\n<p>Bereits 2024 starb der US-Amerikaner Paul Alexander in Dallas. Dieser galt damals nach \u00fcbereinstimmenden Berichten als letzter Patient mit \u201eEiserner Lunge\u201c. Dies ist jedoch nicht korrekt, wie der Fall von Martha Lillard zeigt.<\/p>\n<p data-bbd632a7=\"2166-3232\">Zweimal erkrankte Lillard an Covid-19, was ihre Lunge noch weiter schw\u00e4chte. In den letzten zwei Jahren, berichtet die \u201eNew York Post\u201c, lebte sie fast ununterbrochen in der \u201eEisernen Lunge\u201c. Trotzdem verlor sie den Lebensmut nicht, schrieb Gedichte, engagierte sich f\u00fcr den Tierschutzverein. Sie verfasste sogar ihren eigenen Nachruf. Bis zuletzt suchte Martha Lillard nach Ersatzteilen und jemandem, der im Notfall ihre \u201eEiserne Lunge\u201c reparieren k\u00f6nne. Ihre Schwester: \u201eAber da sie die Letzte war, brauchen wir das nicht mehr.\u201c<\/p>\n","protected":false},"excerpt":{"rendered":"TTS-Player \u00fcberspringen\u21b5Artikel weiterlesen Oklahoma (USA) \u2013 Bis zuletzt war Martha Lillard auf der Suche nach Ersatzteilen f\u00fcr das&hellip;\n","protected":false},"author":2,"featured_media":1159116,"comment_status":"","ping_status":"","sticky":false,"template":"","format":"standard","meta":{"footnotes":"","_share_on_mastodon":"0"},"categories":[134],"tags":[175,170,169,29,126,30,9469,23666,162847,171,174,41166,138370,3259,173,172],"class_list":["post-1159115","post","type-post","status-publish","format-standard","has-post-thumbnail","category-unternehmen-maerkte","tag-business","tag-companies","tag-companies-markets","tag-deutschland","tag-frau","tag-germany","tag-infektionskrankheit","tag-kinderlaehmung","tag-laehmung","tag-markets","tag-maerkte","tag-patient","tag-team-first","tag-tod","tag-unternehmen","tag-unternehmen-maerkte"],"share_on_mastodon":{"url":"","error":""},"_links":{"self":[{"href":"https:\/\/www.europesays.com\/de\/wp-json\/wp\/v2\/posts\/1159115","targetHints":{"allow":["GET"]}}],"collection":[{"href":"https:\/\/www.europesays.com\/de\/wp-json\/wp\/v2\/posts"}],"about":[{"href":"https:\/\/www.europesays.com\/de\/wp-json\/wp\/v2\/types\/post"}],"author":[{"embeddable":true,"href":"https:\/\/www.europesays.com\/de\/wp-json\/wp\/v2\/users\/2"}],"replies":[{"embeddable":true,"href":"https:\/\/www.europesays.com\/de\/wp-json\/wp\/v2\/comments?post=1159115"}],"version-history":[{"count":0,"href":"https:\/\/www.europesays.com\/de\/wp-json\/wp\/v2\/posts\/1159115\/revisions"}],"wp:featuredmedia":[{"embeddable":true,"href":"https:\/\/www.europesays.com\/de\/wp-json\/wp\/v2\/media\/1159116"}],"wp:attachment":[{"href":"https:\/\/www.europesays.com\/de\/wp-json\/wp\/v2\/media?parent=1159115"}],"wp:term":[{"taxonomy":"category","embeddable":true,"href":"https:\/\/www.europesays.com\/de\/wp-json\/wp\/v2\/categories?post=1159115"},{"taxonomy":"post_tag","embeddable":true,"href":"https:\/\/www.europesays.com\/de\/wp-json\/wp\/v2\/tags?post=1159115"}],"curies":[{"name":"wp","href":"https:\/\/api.w.org\/{rel}","templated":true}]}}