{"id":1159152,"date":"2026-07-11T13:10:14","date_gmt":"2026-07-11T13:10:14","guid":{"rendered":"https:\/\/www.europesays.com\/de\/1159152\/"},"modified":"2026-07-11T13:10:14","modified_gmt":"2026-07-11T13:10:14","slug":"ein-neuer-ort-fuer-bewegung-der-spielplatz-an-der-allensteiner-strasse-ist-eroeffnet","status":"publish","type":"post","link":"https:\/\/www.europesays.com\/de\/1159152\/","title":{"rendered":"Ein neuer Ort f\u00fcr Bewegung: Der Spielplatz an der Allensteiner Stra\u00dfe ist er\u00f6ffnet"},"content":{"rendered":"<p class=\"text_ohne_einzug richtext text-em-55 !leading-serif mx-6 desktop:mx-0\">Nach l\u00e4ngerer Zeit der Planung wurde das Projekt zwischen der Allensteiner Stra\u00dfe und der Kleingartenanlage Lohmannsfeld vom Landschaftsbau HerWe umgesetzt. Die Baukosten waren mit 400 00 Euro veranschlagt worden.<\/p>\n<p class=\"richtext text-em-55 !leading-serif mx-6 desktop:mx-0\">Die Feier begann mit Ansprachen. Unter anderem war Bezirksb\u00fcrgermeister Christian Wirtz anwesend. Er \u00e4u\u00dferte seine Dankbarkeit und meinte: \u201eWir haben so wenige Orte, wo Kinder untereinander in Kontakt treten k\u00f6nnen\u201c. Umso mehr freut er sich \u00fcber diesen. Um den Kindern einen Platz zu bieten, wo sie sich wohlf\u00fchlen, wurden diese in die Planung von Anfang an mit einbezogen. Auch am Freitag wurde dies deutlich. Dann ging es ans \u201eBespielen\u201c der neuen Ger\u00e4te: Unter anderem gibt es einen Basketballplatz, einen Fu\u00dfballplatz und ein Kletterger\u00fcst. Mehrere Akteure boten Programme an. Von Kinderschminken bis zum Fu\u00dfballturnier war f\u00fcr jeden etwas dabei. Jennifer Platz, die ebenfalls die Feier besuchte, sagte: \u201eFr\u00fcher war es hier sehr d\u00fcster und jetzt ist es wieder hell und einladend.\u201c<\/p>\n","protected":false},"excerpt":{"rendered":"Nach l\u00e4ngerer Zeit der Planung wurde das Projekt zwischen der Allensteiner Stra\u00dfe und der Kleingartenanlage Lohmannsfeld vom Landschaftsbau&hellip;\n","protected":false},"author":2,"featured_media":1159153,"comment_status":"","ping_status":"","sticky":false,"template":"","format":"standard","meta":{"footnotes":"","_share_on_mastodon":"0"},"categories":[1840],"tags":[151121,703,3364,29,22140,30,1209,8816,33803,3445,524,4418],"class_list":["post-1159152","post","type-post","status-publish","format-standard","has-post-thumbnail","category-wuppertal","tag-allensteiner","tag-bewegung","tag-de","tag-deutschland","tag-feier","tag-germany","tag-nordrhein-westfalen","tag-ort","tag-planung","tag-spielplatz","tag-strasse","tag-wuppertal"],"share_on_mastodon":{"url":"","error":""},"_links":{"self":[{"href":"https:\/\/www.europesays.com\/de\/wp-json\/wp\/v2\/posts\/1159152","targetHints":{"allow":["GET"]}}],"collection":[{"href":"https:\/\/www.europesays.com\/de\/wp-json\/wp\/v2\/posts"}],"about":[{"href":"https:\/\/www.europesays.com\/de\/wp-json\/wp\/v2\/types\/post"}],"author":[{"embeddable":true,"href":"https:\/\/www.europesays.com\/de\/wp-json\/wp\/v2\/users\/2"}],"replies":[{"embeddable":true,"href":"https:\/\/www.europesays.com\/de\/wp-json\/wp\/v2\/comments?post=1159152"}],"version-history":[{"count":0,"href":"https:\/\/www.europesays.com\/de\/wp-json\/wp\/v2\/posts\/1159152\/revisions"}],"wp:featuredmedia":[{"embeddable":true,"href":"https:\/\/www.europesays.com\/de\/wp-json\/wp\/v2\/media\/1159153"}],"wp:attachment":[{"href":"https:\/\/www.europesays.com\/de\/wp-json\/wp\/v2\/media?parent=1159152"}],"wp:term":[{"taxonomy":"category","embeddable":true,"href":"https:\/\/www.europesays.com\/de\/wp-json\/wp\/v2\/categories?post=1159152"},{"taxonomy":"post_tag","embeddable":true,"href":"https:\/\/www.europesays.com\/de\/wp-json\/wp\/v2\/tags?post=1159152"}],"curies":[{"name":"wp","href":"https:\/\/api.w.org\/{rel}","templated":true}]}}