{"id":1159184,"date":"2026-07-11T13:28:59","date_gmt":"2026-07-11T13:28:59","guid":{"rendered":"https:\/\/www.europesays.com\/de\/1159184\/"},"modified":"2026-07-11T13:28:59","modified_gmt":"2026-07-11T13:28:59","slug":"baby-aus-klinik-in-duisburg-entfuehrt-polizei-sucht-mutter-in-rumaenien","status":"publish","type":"post","link":"https:\/\/www.europesays.com\/de\/1159184\/","title":{"rendered":"Baby aus Klinik in Duisburg entf\u00fchrt: Polizei sucht Mutter in Rum\u00e4nien"},"content":{"rendered":"<p class=\"text_ohne_einzug richtext text-em-55 !leading-serif mx-6 desktop:mx-0\">Knapp zwei Monate nach dem Verschwinden eines Babys aus der Helios St. Johannes Klinik im Duisburger Stadtteil Hamborn fahndet die <a href=\"https:\/\/rp-online.de\/thema\/polizei\/\" rel=\"nofollow noopener\" target=\"_blank\">Polizei<\/a> noch immer nach der Mutter des Kindes. Nach Informationen der Ermittler sollen sich Frau und Kind mittlerweile wohl in Rum\u00e4nien aufhalten, der konkrete Aufenthalt ist den Beh\u00f6rden aber wohl noch nicht bekannt.<\/p>\n<p class=\"richtext text-em-55 !leading-serif mx-6 desktop:mx-0\">Dabei musste das Kind zu diesem Zeitpunkt eigentlich noch behandelt werden. Warum das Baby im Krankenhaus war, wurde nicht mitgeteilt. Direkt nach dem Verschwinden leitete die Polizei Suchma\u00dfnahmen ein, bei der unter anderem auch ein Personensp\u00fcrhund eingesetzt wurde.<\/p>\n<p>Polizei will Adresse in Rum\u00e4nien \u00fcberpr\u00fcfen      <\/p>\n<p class=\"richtext text-em-55 !leading-serif mx-6 desktop:mx-0\">Die Polizei stoppte die Familie dann auf einer Autobahn in <a href=\"https:\/\/rp-online.de\/thema\/ungarn\/\" rel=\"nofollow noopener\" target=\"_blank\">Ungarn<\/a>, zeitweise wurde das Baby dann in einem Krankenhaus vor Ort behandelt. Inzwischen hat die Duisburger Polizei die Fahndungsma\u00dfnahmen nach der Mutter ausgeweitet. Derzeit versuche man, die Dokumente aus dem Krankenhaus in Ungarn einzusehen, so eine Sprecherin der Staatsanwaltschaft. Auch eine Anschrift in Rum\u00e4nien nimmt man unter die Lupe.<\/p>\n<p class=\"richtext text-em-55 !leading-serif mx-6 desktop:mx-0\">Es soll sich bei dem Vorfall um einen sogenannten Kinderschutzfall handeln. Das bedeutet, dass die Kinderschutzgruppe der Klinik eingeschaltet wird, weil der Verdacht besteht, dass das Wohl eines Kindes gef\u00e4hrdet sein k\u00f6nnte, zum Beispiel weil eine medizinische Behandlung abgebrochen wird.<\/p>\n<p class=\"richtext text-em-55 !leading-serif mx-6 desktop:mx-0\">Ein Sprecher der Helios St. Johannes Klinik hatte damals erkl\u00e4rt, dass das Krankenhaus Eltern grunds\u00e4tzlich nicht daran hindern k\u00f6nne, ihr Kind mitzunehmen. \u201eWenn die Eltern mit ihrem Kind wieder gehen wollen, k\u00f6nnen wir sie ja nicht daran hindern. Wir k\u00f6nnen nur darauf aufmerksam machen, dass dies gegen den ausdr\u00fccklichen \u00e4rztlichen Rat passiert\u201c, sagte er. Besteht allerdings Lebensgefahr oder eine erhebliche Kindeswohlgef\u00e4hrdung, werde die Polizei informiert.<\/p>\n","protected":false},"excerpt":{"rendered":"Knapp zwei Monate nach dem Verschwinden eines Babys aus der Helios St. Johannes Klinik im Duisburger Stadtteil Hamborn&hellip;\n","protected":false},"author":2,"featured_media":1159185,"comment_status":"","ping_status":"","sticky":false,"template":"","format":"standard","meta":{"footnotes":"","_share_on_mastodon":"0"},"categories":[1838],"tags":[8060,12724,3364,29,3715,30,17389,1460,243081,243082,13982,118511,20069,3263,981,1209,12024,56216],"class_list":["post-1159184","post","type-post","status-publish","format-standard","has-post-thumbnail","category-duisburg","tag-helios","tag-2fduisburg","tag-de","tag-deutschland","tag-duisburg","tag-germany","tag-johannes","tag-kind","tag-kinderschutzfall","tag-kinderschutzgruppe","tag-kindes","tag-kindeswohlgefaehrdung","tag-klinik","tag-krankenhaus","tag-mutter","tag-nordrhein-westfalen","tag-rumaenien","tag-verschwinden"],"share_on_mastodon":{"url":"https:\/\/pubeurope.com\/@de\/116901587490760823","error":""},"_links":{"self":[{"href":"https:\/\/www.europesays.com\/de\/wp-json\/wp\/v2\/posts\/1159184","targetHints":{"allow":["GET"]}}],"collection":[{"href":"https:\/\/www.europesays.com\/de\/wp-json\/wp\/v2\/posts"}],"about":[{"href":"https:\/\/www.europesays.com\/de\/wp-json\/wp\/v2\/types\/post"}],"author":[{"embeddable":true,"href":"https:\/\/www.europesays.com\/de\/wp-json\/wp\/v2\/users\/2"}],"replies":[{"embeddable":true,"href":"https:\/\/www.europesays.com\/de\/wp-json\/wp\/v2\/comments?post=1159184"}],"version-history":[{"count":0,"href":"https:\/\/www.europesays.com\/de\/wp-json\/wp\/v2\/posts\/1159184\/revisions"}],"wp:featuredmedia":[{"embeddable":true,"href":"https:\/\/www.europesays.com\/de\/wp-json\/wp\/v2\/media\/1159185"}],"wp:attachment":[{"href":"https:\/\/www.europesays.com\/de\/wp-json\/wp\/v2\/media?parent=1159184"}],"wp:term":[{"taxonomy":"category","embeddable":true,"href":"https:\/\/www.europesays.com\/de\/wp-json\/wp\/v2\/categories?post=1159184"},{"taxonomy":"post_tag","embeddable":true,"href":"https:\/\/www.europesays.com\/de\/wp-json\/wp\/v2\/tags?post=1159184"}],"curies":[{"name":"wp","href":"https:\/\/api.w.org\/{rel}","templated":true}]}}