{"id":1159231,"date":"2026-07-11T13:55:21","date_gmt":"2026-07-11T13:55:21","guid":{"rendered":"https:\/\/www.europesays.com\/de\/1159231\/"},"modified":"2026-07-11T13:55:21","modified_gmt":"2026-07-11T13:55:21","slug":"tschentscher-kritisiert-haushaltspolitik-der-bundesregierung","status":"publish","type":"post","link":"https:\/\/www.europesays.com\/de\/1159231\/","title":{"rendered":"Tschentscher kritisiert Haushaltspolitik der Bundesregierung"},"content":{"rendered":"<p>        <img decoding=\"async\" src=\"https:\/\/www.europesays.com\/de\/wp-content\/uploads\/2026\/07\/tschentscher-206.webp\" alt=\"Peter Tschentscher (SPD), Erster B\u00fcrgermeister von Hamburg, steht auf dem Balkon des Rathauses.\" title=\"Peter Tschentscher (SPD), Erster B\u00fcrgermeister von Hamburg, steht auf dem Balkon des Rathauses. | Marcus Brandt\/dpa\" class=\"responsive\"\/><\/p>\n<p>AUDIO: Tschentscher kritisiert &#8222;verfehlte&#8220; Finanzpolitik im Bund (1 Min)<\/p>\n<p>\n                Stand: 11.07.2026 15:07 Uhr<\/p>\n<p class=\"preface\">Hamburgs Erster B\u00fcrgermeister Peter Tschentscher (SPD) attackiert die Haushaltspolitik des Bundes \u2013 und damit seines Parteifreundes Lars Klingbeil im Bundesfinanzministerium. Fest macht er die Kritik an der beschlossenen Reform der gesetzlichen Krankenversicherung.<\/p>\n<p class=\"\">\u00dcberraschend deutlich setzt sich Tschentscher von der Politik der Bundesregierung ab, an der seine SPD beteiligt ist. Als &#8222;verfehlt&#8220; bezeichnet er die Steuer- und Finanzpolitik der schwarz-roten Koalition. Der Bund verteile &#8222;Steuergeschenke aus der Gie\u00dfkanne&#8220;. Damit mache er sich aber an anderer Stelle handlungsunf\u00e4hig.<\/p>\n<p>    Mangel an finanziellem Spielraum<\/p>\n<p class=\"\">Das beste Beispiel ist laut Tschentscher die am Freitag beschlossene <a href=\"https:\/\/www.ndr.de\/nachrichten\/info\/bundesrat-stimmt-krankenkassenreform-zu-trotz-kritik-im-norden,krankenkassenreform-108.html\" title=\"Bundesrat stimmt Krankenkassenreform zu - trotz Kritik im Norden\" rel=\"nofollow noopener\" target=\"_blank\">Reform der gesetzlichen Krankenversicherung<\/a>. Weil &#8222;hohe Milliardenbetr\u00e4ge an Subventionen&#8220; an anderer Stelle verteilt w\u00fcrden, fehle der finanzielle Spielraum. So k\u00f6nnten versicherungsfremde Leistungen wie etwa die Familienmitversicherung nicht aus Steuereinahmen bezahlt werden.<\/p>\n<p>    Vermittlungsausschuss anzurufen fand keine Mehrheit<\/p>\n<p class=\"\">Das werde stattdessen allein den Beitragszahlerinnen und -zahlerinnen aufgeb\u00fcrdet, kritisiert Tschentscher. Er bedauere, dass Hamburgs Antrag; den Vermittlungsausschuss anzurufen, keine Mehrheit gefunden hat.<\/p>\n<p>    Sparpaket soll gesetzliche Krankenkassen entlasten<\/p>\n<p class=\"\">Das am Freitag beschlossene Sparpaket soll die gesetzlichen Krankenkassen 2027 von stark steigenden Ausgaben entlasten, um neue Beitragserh\u00f6hungen zu verhindern. Vorgesehen sind Ausgabenbremsen bei Praxen, Kliniken, Apotheken und Pharmabranche &#8211; aber etwa auch h\u00f6here Zuzahlungen f\u00fcr Medikamente und Einschr\u00e4nkungen der kostenlosen Mitversicherung von Ehepartnern. Laut Gesundheitsministerin Nina Warken (CDU) wird eine auf 18,8 Milliarden Euro angewachsene L\u00fccke geschlossen.<\/p>\n<p>        <img decoding=\"async\" src=\"https:\/\/www.europesays.com\/de\/wp-content\/uploads\/2026\/07\/bett-krankenhaus-100.webp\" alt=\"Eine Krankenschwester schiebt ein Bett \u00fcber den Flur.\" title=\"Eine Krankenschwester schiebt ein Bett \u00fcber den Flur. | dpa\" class=\"responsive\" loading=\"lazy\"\/><\/p>\n<p>Gesundheitsreform<\/p>\n<p>Gr\u00fcnes Licht f\u00fcr die Reform der gesetzlichen Krankenversicherung: Die Bundesregierung will die Ausgaben im Gesundheitssystem bremsen. Ein \u00dcberblick, mit welchen Einschnitten und Zuzahlungen Versicherte nun rechnen m\u00fcssen.<\/p>\n<p>        <img decoding=\"async\" src=\"https:\/\/www.europesays.com\/de\/wp-content\/uploads\/2026\/07\/krankenkassenreform-110.webp\" alt=\"Auf einer roten H\u00e4ngeregistermappe klemmt ein Sichtreiter mit der Aufschrift &quot;Krankenkassenreform&quot;.\" title=\"Auf einer roten H\u00e4ngeregistermappe klemmt ein Sichtreiter mit der Aufschrift &quot;Krankenkassenreform&quot;. | picture alliance\/SULUPRESS.DE, Torsten Sukrow\" class=\"responsive\" loading=\"lazy\"\/><\/p>\n<p>Niedersachsen, Schleswig-Holstein, MV, Hamburg und weitere wollten nachverhandeln. Doch dieser Antrag fiel im Bundesrat durch.<\/p>\n","protected":false},"excerpt":{"rendered":"AUDIO: Tschentscher kritisiert &#8222;verfehlte&#8220; Finanzpolitik im Bund (1 Min) Stand: 11.07.2026 15:07 Uhr Hamburgs Erster B\u00fcrgermeister Peter Tschentscher&hellip;\n","protected":false},"author":2,"featured_media":1159232,"comment_status":"","ping_status":"","sticky":false,"template":"","format":"standard","meta":{"footnotes":"","_share_on_mastodon":"0"},"categories":[1826],"tags":[31,29,30,692,1109,62399,1620,2382,184,2149],"class_list":["post-1159231","post","type-post","status-publish","format-standard","has-post-thumbnail","category-hamburg","tag-cdu","tag-deutschland","tag-germany","tag-hamburg","tag-haushalt","tag-nachtragshaushalt","tag-schulden","tag-senat","tag-spd","tag-steuern"],"share_on_mastodon":{"url":"https:\/\/pubeurope.com\/@de\/116901690174164921","error":""},"_links":{"self":[{"href":"https:\/\/www.europesays.com\/de\/wp-json\/wp\/v2\/posts\/1159231","targetHints":{"allow":["GET"]}}],"collection":[{"href":"https:\/\/www.europesays.com\/de\/wp-json\/wp\/v2\/posts"}],"about":[{"href":"https:\/\/www.europesays.com\/de\/wp-json\/wp\/v2\/types\/post"}],"author":[{"embeddable":true,"href":"https:\/\/www.europesays.com\/de\/wp-json\/wp\/v2\/users\/2"}],"replies":[{"embeddable":true,"href":"https:\/\/www.europesays.com\/de\/wp-json\/wp\/v2\/comments?post=1159231"}],"version-history":[{"count":0,"href":"https:\/\/www.europesays.com\/de\/wp-json\/wp\/v2\/posts\/1159231\/revisions"}],"wp:featuredmedia":[{"embeddable":true,"href":"https:\/\/www.europesays.com\/de\/wp-json\/wp\/v2\/media\/1159232"}],"wp:attachment":[{"href":"https:\/\/www.europesays.com\/de\/wp-json\/wp\/v2\/media?parent=1159231"}],"wp:term":[{"taxonomy":"category","embeddable":true,"href":"https:\/\/www.europesays.com\/de\/wp-json\/wp\/v2\/categories?post=1159231"},{"taxonomy":"post_tag","embeddable":true,"href":"https:\/\/www.europesays.com\/de\/wp-json\/wp\/v2\/tags?post=1159231"}],"curies":[{"name":"wp","href":"https:\/\/api.w.org\/{rel}","templated":true}]}}