{"id":1159233,"date":"2026-07-11T13:56:17","date_gmt":"2026-07-11T13:56:17","guid":{"rendered":"https:\/\/www.europesays.com\/de\/1159233\/"},"modified":"2026-07-11T13:56:17","modified_gmt":"2026-07-11T13:56:17","slug":"viele-hamburger-strassen-wegen-des-triathlons-gesperrt-2","status":"publish","type":"post","link":"https:\/\/www.europesays.com\/de\/1159233\/","title":{"rendered":"Viele Hamburger Stra\u00dfen wegen des Triathlons gesperrt"},"content":{"rendered":"<p _ngcontent-sc113=\"\"> 11. Juli 2026 \u2013 Mara Schwarzenberger <\/p>\n<p _ngcontent-sc113=\"\">11. Juli bis 12. Juli<\/p>\n<p _ngcontent-sc113=\"\">Wer am Wochenende in Hamburg mit dem Auto unterwegs ist, muss Umwege einplanen: Wegen einer gro\u00dfen Sportveranstaltung sind zahlreiche Stra\u00dfen gesperrt. Die Polizei r\u00e4t zur Nutzung von U- und S-Bahn.<\/p>\n<ul _ngcontent-sc85=\"\">\n<li _ngcontent-sc85=\"\">Wegen des World Triathlon Hamburg kommt es von Freitag an zu umfangreichen Stra\u00dfensperrungen und Verkehrsbehinderungen.<\/li>\n<li _ngcontent-sc85=\"\">Betroffen sind vor allem die Innenstadt, der Bereich westlich der Au\u00dfenalster sowie das westliche Stadtgebiet entlang der Wettkampfstrecken.<\/li>\n<li _ngcontent-sc85=\"\">Die Polizei empfiehlt die Anreise mit U- und S-Bahn sowie das weitr\u00e4umige Umfahren der Sperrungen. Aktuelle Verkehrsinfos gibt es \u00fcber die Rundfunksender.<\/li>\n<\/ul>\n<p _ngcontent-sc85=\"\" align=\"false\">Wegen des 24. &#8222;World Triathlon Hamburg&#8220; kommt es in der Hansestadt am Wochenende zu Verkehrsbehinderungen. Erste Stra\u00dfen werden schon am Freitagvormittag (10. Juli) ab 10 Uhr gesperrt, teilt die Polizei mit. An dem Sportevent nehmen sowohl Profis als auch zahlreiche Breitensportler teil.<\/p>\n<p>Verkehrsbeeintr\u00e4chtigungen besonders im Innenstadtbereich<\/p>\n<p _ngcontent-sc85=\"\" align=\"false\">Wegen der Sportveranstaltung muss demnach insbesondere im Innenstadtbereich sowie entlang der Wettkampfstrecken mit Verkehrsbeeintr\u00e4chtigungen gerechnet werden. Umfangreiche Stra\u00dfensperrungen werden in der Innenstadt, westlich der Au\u00dfenalster sowie im westlichen Stadtgebiet bis zur Ecke Palmaille\/Max-Brauer-Allee eingerichtet.<\/p>\n<p _ngcontent-sc85=\"\" align=\"false\">Besuchern der betroffenen Bereiche empfiehlt die Polizei, mit \u00f6ffentlichen Verkehrsmitteln anzureisen, vor allem mit U- und S-Bahn. Allen \u00fcbrigen Verkehrsteilnehmern rate man, die gesperrten Bereiche weitr\u00e4umig zu umfahren. Die Polizei werde w\u00e4hrend der Veranstaltung \u00fcber die Rundfunksender \u00fcber die aktuelle Verkehrslage informieren.<\/p>\n<p>Diese Stra\u00dfen sind gesperrt<\/p>\n<p _ngcontent-sc85=\"\" align=\"false\">Falls ihr Fragen zu den Verkehrshinweisen habt, hat der Veranstalter eine Hotline eingerichtet: 0157\/56 600 201. Ihr k\u00f6nnt sie am Samstag (11.07.) noch bis 17 Uhr erreichen.<\/p>\n<p _ngcontent-sc85=\"\" align=\"false\">Weitere Nachrichten aus Hamburg, Deutschland und der Welt h\u00f6rt ihr immer zur vollen Stunde bei uns im Programm. Holt euch einfach unsere <a _ngcontent-sc132=\"\" href=\"https:\/\/www.radiohamburg.de\/programm\/frequenzen\/Streamen-%C3%BCber-die-App-id388032.html\" rel=\"nofollow noopener\" target=\"_blank\">kostenlose App<\/a>, h\u00f6rt uns \u00fcber euren <a _ngcontent-sc132=\"\" href=\"https:\/\/www.radiohamburg.de\/programm\/frequenzen\/Alexa-spiele-Radio-Hamburg-id387722.html\" rel=\"nofollow noopener\" target=\"_blank\">Smartspeaker<\/a> oder schaltet mit einem Klick unten auf den Playbutton das Webradio ein. Zum Nachh\u00f6ren gibt\u2019s das Ganze nat\u00fcrlich auch noch mal als <a _ngcontent-sc132=\"\" href=\"https:\/\/www.radiohamburg.de\/hoeren\/podcasts\/Radio-Hamburg-Nachrichten-id388455.html\" rel=\"nofollow noopener\" target=\"_blank\">Podcastangebot<\/a>.<\/p>\n","protected":false},"excerpt":{"rendered":"11. Juli 2026 \u2013 Mara Schwarzenberger 11. Juli bis 12. Juli Wer am Wochenende in Hamburg mit dem&hellip;\n","protected":false},"author":2,"featured_media":1159234,"comment_status":"","ping_status":"","sticky":false,"template":"","format":"standard","meta":{"footnotes":"","_share_on_mastodon":"0"},"categories":[1826],"tags":[35928,29,30,692,2065,9461,1949,8023,2788,75353,4726,243089,4749,243088],"class_list":["post-1159233","post","type-post","status-publish","format-standard","has-post-thumbnail","category-hamburg","tag-aussenalster","tag-deutschland","tag-germany","tag-hamburg","tag-innenstadt","tag-polizei-hamburg","tag-s-bahn","tag-strassensperrungen","tag-u-bahn","tag-verkehr-hamburg","tag-verkehrsbehinderungen","tag-wettkampfstrecke","tag-wochenende","tag-world-triathlon-hamburg"],"share_on_mastodon":{"url":"","error":""},"_links":{"self":[{"href":"https:\/\/www.europesays.com\/de\/wp-json\/wp\/v2\/posts\/1159233","targetHints":{"allow":["GET"]}}],"collection":[{"href":"https:\/\/www.europesays.com\/de\/wp-json\/wp\/v2\/posts"}],"about":[{"href":"https:\/\/www.europesays.com\/de\/wp-json\/wp\/v2\/types\/post"}],"author":[{"embeddable":true,"href":"https:\/\/www.europesays.com\/de\/wp-json\/wp\/v2\/users\/2"}],"replies":[{"embeddable":true,"href":"https:\/\/www.europesays.com\/de\/wp-json\/wp\/v2\/comments?post=1159233"}],"version-history":[{"count":0,"href":"https:\/\/www.europesays.com\/de\/wp-json\/wp\/v2\/posts\/1159233\/revisions"}],"wp:featuredmedia":[{"embeddable":true,"href":"https:\/\/www.europesays.com\/de\/wp-json\/wp\/v2\/media\/1159234"}],"wp:attachment":[{"href":"https:\/\/www.europesays.com\/de\/wp-json\/wp\/v2\/media?parent=1159233"}],"wp:term":[{"taxonomy":"category","embeddable":true,"href":"https:\/\/www.europesays.com\/de\/wp-json\/wp\/v2\/categories?post=1159233"},{"taxonomy":"post_tag","embeddable":true,"href":"https:\/\/www.europesays.com\/de\/wp-json\/wp\/v2\/tags?post=1159233"}],"curies":[{"name":"wp","href":"https:\/\/api.w.org\/{rel}","templated":true}]}}