{"id":1159262,"date":"2026-07-11T14:12:25","date_gmt":"2026-07-11T14:12:25","guid":{"rendered":"https:\/\/www.europesays.com\/de\/1159262\/"},"modified":"2026-07-11T14:12:25","modified_gmt":"2026-07-11T14:12:25","slug":"56-quadratmeter-voller-licht-verglaste-einbauten-und-eine-goldene-kueche-verhelfen-dieser-kleinen-wohnung-zu-mehr-groesse","status":"publish","type":"post","link":"https:\/\/www.europesays.com\/de\/1159262\/","title":{"rendered":"56 Quadratmeter voller Licht: Verglaste Einbauten und eine goldene K\u00fcche verhelfen dieser kleinen Wohnung zu mehr Gr\u00f6\u00dfe"},"content":{"rendered":"<p>Madina, die junge Hausherrin und Schwester der Auftraggeberin, hatte keinen Bedarf an einer herk\u00f6mmlichen, gro\u00dfen <a href=\"https:\/\/www.ad-magazin.de\/artikel\/kuechentrends-farben\" target=\"_blank\" rel=\"nofollow noopener\">K\u00fcche<\/a>, was es den Gestalterinnen erm\u00f6glichte, den Raum offener und luftiger zu gestalten. Anstatt die K\u00fcche als separaten, abgeschlossenen Bereich zu betrachten, integrierten sie diese nahtlos in den Innenraum, wobei die volle Funktionalit\u00e4t erhalten blieb, aber ohne \u00fcberm\u00e4\u00dfige <a href=\"https:\/\/www.ad-magazin.de\/artikel\/zerkleinerer-test\" target=\"_blank\" rel=\"nofollow noopener\">Ger\u00e4te<\/a>. Es entstanden zwei unterschiedliche Zonen: die Insel, die als Hauptarbeitsbereich dient, und ein eingebauter Hochschrank, der den K\u00fchlschrank beherbergt und zus\u00e4tzlichen Stauraum bietet, der vor dem Essbereich positioniert ist. \u201eUnser Hauptziel bei der Gestaltung des offenen Raums war es, ein Gef\u00fchl von Leichtigkeit und Fluss zu schaffen. Dies erreichten wir durch einen minimalistischen Ansatz bei der K\u00fcchengestaltung, der die K\u00fcche schlicht und \u00fcbersichtlich hielt.\u201c Die Waschk\u00fcche wurde geschickt hinter Faltt\u00fcren versteckt, um diese klare \u00c4sthetik beizubehalten. Bei Nichtgebrauch ist er praktisch unsichtbar, aber bei Bedarf leicht zug\u00e4nglich. So blieb der Raum frei von Unordnung, und jeder Zentimeter wurde optimal genutzt.<\/p>\n<p><img decoding=\"async\" alt=\"Lindgr\u00fcnde Faltt\u00fcren hinter der K\u00fccheninsel\" loading=\"lazy\" class=\"ResponsiveImageContainer-dkeESL cQPiWi responsive-image__image\"   src=\"https:\/\/www.europesays.com\/de\/wp-content\/uploads\/2026\/07\/Madina%20web%20(22%20of%2037).jpg\"\/><\/p>\n<p>Hinter der glamour\u00f6sen K\u00fccheninsel geht es praktisch zu. Im Wandschrank der jungen Hausherrin, die eher wenig kocht \u2026<\/p>\n<p>Sergey Krasyuk<img decoding=\"async\" alt=\"Ein W\u00e4scheschrank verbirg sich hinter den lindgr\u00fcnen K\u00fcchent\u00fcren\" loading=\"lazy\" class=\"ResponsiveImageContainer-dkeESL cQPiWi responsive-image__image\"   src=\"https:\/\/www.europesays.com\/de\/wp-content\/uploads\/2026\/07\/Madina%20web%20(23%20of%2037).jpg\"\/><\/p>\n<p>\u2026 befindet sich eine versteckte Waschk\u00fcche inklusive Waschtrockner und einer Menge Stauraum.<\/p>\n<p>Sergey KrasyukDie Kunst gibt den Ton an<\/p>\n<p>\u201eIch denke, es sind oft die kleinen, durchdachten Details, die einen Raum wirklich aufwerten. F\u00fcr uns spielte die Kunst bei diesem Projekt eine entscheidende Rolle.\u201c Das Gem\u00e4lde von Moldir Qarubaiqyzy im Esszimmer gibt die Grundstimmung der Wohnung an, das Gem\u00e4lde \u201eKimono\u201c von William Merritt Chase im Schlafzimmer bildete die Grundlage f\u00fcr die gesamte Farbpalette dieses Raums \u2013 von den senfgelben W\u00e4nden bis hin zum tiefroten Stoff des Kleiderschranks und den darauf abgestimmten Akzenten. Und dann sind da noch die subtilen <a href=\"https:\/\/www.ad-magazin.de\/artikel\/bernd-gruber-villa-muenchen\" target=\"_blank\" rel=\"nofollow noopener\">japanischen<\/a> Kunstelemente, die sich durch die ganze Wohnung ziehen. Sie verleihen den R\u00e4umen Charakter und verhindern, dass sie zu generisch wirken. \u201eEs geht darum, das perfekte Gleichgewicht zwischen \u00c4sthetik und Individualit\u00e4t zu finden\u201c, so die Innenarchitektinnen. Denn die Bewohnerin Madina ist jung, energiegeladen und stilvoll, und ihre Wohnung sollte das zum Ausdruck bringen. Der offene Grundriss verk\u00f6rpert ihren dynamischen Geist, w\u00e4hrend die Farbakzente ihren Stil unterstreichen. Die leichte, luftige Atmosph\u00e4re spiegelt ihre eigene Leichtigkeit wider. Es ist ein Raum, der lebendig, schick und voller Pers\u00f6nlichkeit ist, genau wie sie.<\/p>\n","protected":false},"excerpt":{"rendered":"Madina, die junge Hausherrin und Schwester der Auftraggeberin, hatte keinen Bedarf an einer herk\u00f6mmlichen, gro\u00dfen K\u00fcche, was es&hellip;\n","protected":false},"author":2,"featured_media":1159263,"comment_status":"","ping_status":"","sticky":false,"template":"","format":"standard","meta":{"footnotes":"","_share_on_mastodon":"0"},"categories":[135],"tags":[29,30,190,189,3325,194,191,193,192],"class_list":["post-1159262","post","type-post","status-publish","format-standard","has-post-thumbnail","category-wissenschaft-technik","tag-deutschland","tag-germany","tag-science","tag-science-technology","tag-small-spaces","tag-technik","tag-technology","tag-wissenschaft","tag-wissenschaft-technik"],"share_on_mastodon":{"url":"https:\/\/pubeurope.com\/@de\/116901758416501122","error":""},"_links":{"self":[{"href":"https:\/\/www.europesays.com\/de\/wp-json\/wp\/v2\/posts\/1159262","targetHints":{"allow":["GET"]}}],"collection":[{"href":"https:\/\/www.europesays.com\/de\/wp-json\/wp\/v2\/posts"}],"about":[{"href":"https:\/\/www.europesays.com\/de\/wp-json\/wp\/v2\/types\/post"}],"author":[{"embeddable":true,"href":"https:\/\/www.europesays.com\/de\/wp-json\/wp\/v2\/users\/2"}],"replies":[{"embeddable":true,"href":"https:\/\/www.europesays.com\/de\/wp-json\/wp\/v2\/comments?post=1159262"}],"version-history":[{"count":0,"href":"https:\/\/www.europesays.com\/de\/wp-json\/wp\/v2\/posts\/1159262\/revisions"}],"wp:featuredmedia":[{"embeddable":true,"href":"https:\/\/www.europesays.com\/de\/wp-json\/wp\/v2\/media\/1159263"}],"wp:attachment":[{"href":"https:\/\/www.europesays.com\/de\/wp-json\/wp\/v2\/media?parent=1159262"}],"wp:term":[{"taxonomy":"category","embeddable":true,"href":"https:\/\/www.europesays.com\/de\/wp-json\/wp\/v2\/categories?post=1159262"},{"taxonomy":"post_tag","embeddable":true,"href":"https:\/\/www.europesays.com\/de\/wp-json\/wp\/v2\/tags?post=1159262"}],"curies":[{"name":"wp","href":"https:\/\/api.w.org\/{rel}","templated":true}]}}