{"id":1159266,"date":"2026-07-11T14:15:33","date_gmt":"2026-07-11T14:15:33","guid":{"rendered":"https:\/\/www.europesays.com\/de\/1159266\/"},"modified":"2026-07-11T14:15:33","modified_gmt":"2026-07-11T14:15:33","slug":"taiwan-und-china-hunderttausende-wegen-taifun-bavi-evakuiert","status":"publish","type":"post","link":"https:\/\/www.europesays.com\/de\/1159266\/","title":{"rendered":"Taiwan und China: Hunderttausende wegen Taifun &#8222;Bavi&#8220; evakuiert"},"content":{"rendered":"<p>            <img loading=\"lazy\" decoding=\"async\" class=\"ts-image\" src=\"https:\/\/www.europesays.com\/de\/wp-content\/uploads\/2026\/07\/taifun-bavi-taiwan-100.jpg\" alt=\"Ein Mensch schaut in die hohen Wellen, die in Taiwan auf die K\u00fcste treffen.\" title=\"Ein Mensch schaut in die hohen Wellen, die in Taiwan auf die K\u00fcste treffen. | AFP\"\/><\/p>\n<p class=\"metatextline\">Stand: 11.07.2026 \u2022 13:11 Uhr<\/p>\n<p class=\"article-head__shorttext\">\n        <strong>Anfang der Woche war &#8222;Bavi&#8220; noch ein Supertaifun &#8211; nun steuert der Wirbelsturm etwas abgeschw\u00e4cht auf Taiwan und China zu. Die Beh\u00f6rden sind dennoch alarmiert und rufen Hunderttausende auf, sich in Sicherheit zu bringen.<\/strong>\n    <\/p>\n<p class=\"textabsatz m-ten m-offset-one l-eight l-offset-two columns twelve\">Einige Inseln im Pazifik haben ihn schon zu sp\u00fcren bekommen &#8211; nun n\u00e4hert sich Taifun &#8222;Bavi&#8220; Taiwan. Im Norden des Landes haben sich mehr als 14.000 Menschen in Sicherheit gebracht. Zahlreiche Gesch\u00e4fte blieben geschlossen. Mehr als 1.100 Inlands- und Auslandsfl\u00fcge in Taiwan sind gestrichen und der F\u00e4hrverkehr ist eingestellt.<\/p>\n<p class=\"textabsatz m-ten m-offset-one l-eight l-offset-two columns twelve\">Am Freitag waren bereits rund 69.000 Haushalte vor\u00fcbergehend ohne Strom, nachdem heftiger Regen und starke Winde das Stromnetz besch\u00e4digt hatten.<\/p>\n<p>    Sturm hat an Intensit\u00e4t verloren<\/p>\n<p class=\"textabsatz m-ten m-offset-one l-eight l-offset-two columns twelve\">Die taiwanische Wetterbeh\u00f6rde CWA warnte f\u00fcr heute vor &#8222;extremem Starkregen&#8220; \u00fcber Nordtaiwan und &#8222;gef\u00e4hrlichen Wellen&#8220; von bis zu zehn Metern H\u00f6he an der K\u00fcste. Die K\u00fcstenregion einschlie\u00dflich der Hauptstadt d\u00fcrfte zu den am st\u00e4rksten von dem Wirbelsturm betroffenen Gebieten in Taiwan z\u00e4hlen.<\/p>\n<p class=\"textabsatz m-ten m-offset-one l-eight l-offset-two columns twelve\">Es seien zuletzt Windgeschwindigkeiten von bis zu 144 Kilometern pro Stunde gemessen gemessen worden, erkl\u00e4rte die Wetterbeh\u00f6rde. Einzelne B\u00f6en erreichten Geschwindigkeiten von rund 180 Kilometern pro Stunde. Der Sturm habe weiter &#8222;an Intensit\u00e4t verloren&#8220;, erkl\u00e4rte die Wetterbeh\u00f6rde.<\/p>\n<p>    Sonntag erreicht &#8222;Bavi&#8220; China<\/p>\n<p class=\"textabsatz m-ten m-offset-one l-eight l-offset-two columns twelve\">Nachdem &#8222;Bavi&#8220; am Montag noch als Supertaifun die US-Au\u00dfengebiete Guam und die N\u00f6rdlichen Marianen im Pazifik getroffen hatte, wurde er sp\u00e4ter zu einem Taifun herabgestuft. Am Freitag war bef\u00fcrchtet worden, dass &#8222;Bavi&#8220; der gr\u00f6\u00dfte Taifun werden w\u00fcrde, der Taiwan seit mehr als 30 Jahren treffen w\u00fcrde. Seither habe sich der Radius mit starken Winden auf 350 Kilometer verringert, sagte Jason Cheng von der CWA der Nachrichtenagentur AFP. Mehr als 28.000 Soldaten hielten sich f\u00fcr Notf\u00e4lle bereit.<\/p>\n<p class=\"textabsatz m-ten m-offset-one l-eight l-offset-two columns twelve\">Am fr\u00fchen Sonntag soll &#8222;Bavi&#8220; im Osten Chinas auf Land treffen. F\u00fcr die Provinzen Zhejiang und Fujian werden &#8222;au\u00dfergew\u00f6hnlich heftige Regenf\u00e4lle&#8220; erwartet, wie der staatliche Fernsehsender CCTV berichtete. Hunderttausende Menschen wurden Beh\u00f6rdenangaben in Sicherheit gebracht.<\/p>\n<p>    Unwetter vor wenigen Tagen in China<\/p>\n<p class=\"textabsatz m-ten m-offset-one l-eight l-offset-two columns twelve\">In der ostchinesischen Metropole Wenzhou h\u00e4tten laut Staatsmedien 1,7 Millionen Menschen ihre ihre H\u00e4user und Wohnungen verlassen. In der Hauptstadt Peking seien wegen starker Regenf\u00e4lle zudem mehr als 100.000 Menschen in Sicherheit gebracht worden, teilte die dortige Stadtverwaltung mit.<\/p>\n<p class=\"textabsatz m-ten m-offset-one l-eight l-offset-two columns twelve\">In dieser Woche hatten Unwetter im S\u00fcden und im Zentrum Chinas bereits schwere Sch\u00e4den angerichtet. 39 Menschen kamen bei \u00dcberschwemmungen ums Leben, allein 26 Menschen starben nach dem Bruch eines Staudamms.<\/p>\n","protected":false},"excerpt":{"rendered":"Stand: 11.07.2026 \u2022 13:11 Uhr Anfang der Woche war &#8222;Bavi&#8220; noch ein Supertaifun &#8211; nun steuert der Wirbelsturm&hellip;\n","protected":false},"author":2,"featured_media":1159267,"comment_status":"","ping_status":"","sticky":false,"template":"","format":"standard","meta":{"footnotes":"","_share_on_mastodon":"0"},"categories":[3],"tags":[227,13,14,15,12,101037,650,10,8,9,11,103,104],"class_list":["post-1159266","post","type-post","status-publish","format-standard","has-post-thumbnail","category-welt","tag-china","tag-headlines","tag-nachrichten","tag-news","tag-schlagzeilen","tag-taifun","tag-taiwan","tag-top-news","tag-top-meldungen","tag-topmeldungen","tag-topnews","tag-welt","tag-world"],"share_on_mastodon":{"url":"https:\/\/pubeurope.com\/@de\/116901770160751929","error":""},"_links":{"self":[{"href":"https:\/\/www.europesays.com\/de\/wp-json\/wp\/v2\/posts\/1159266","targetHints":{"allow":["GET"]}}],"collection":[{"href":"https:\/\/www.europesays.com\/de\/wp-json\/wp\/v2\/posts"}],"about":[{"href":"https:\/\/www.europesays.com\/de\/wp-json\/wp\/v2\/types\/post"}],"author":[{"embeddable":true,"href":"https:\/\/www.europesays.com\/de\/wp-json\/wp\/v2\/users\/2"}],"replies":[{"embeddable":true,"href":"https:\/\/www.europesays.com\/de\/wp-json\/wp\/v2\/comments?post=1159266"}],"version-history":[{"count":0,"href":"https:\/\/www.europesays.com\/de\/wp-json\/wp\/v2\/posts\/1159266\/revisions"}],"wp:featuredmedia":[{"embeddable":true,"href":"https:\/\/www.europesays.com\/de\/wp-json\/wp\/v2\/media\/1159267"}],"wp:attachment":[{"href":"https:\/\/www.europesays.com\/de\/wp-json\/wp\/v2\/media?parent=1159266"}],"wp:term":[{"taxonomy":"category","embeddable":true,"href":"https:\/\/www.europesays.com\/de\/wp-json\/wp\/v2\/categories?post=1159266"},{"taxonomy":"post_tag","embeddable":true,"href":"https:\/\/www.europesays.com\/de\/wp-json\/wp\/v2\/tags?post=1159266"}],"curies":[{"name":"wp","href":"https:\/\/api.w.org\/{rel}","templated":true}]}}