{"id":1159285,"date":"2026-07-11T14:27:25","date_gmt":"2026-07-11T14:27:25","guid":{"rendered":"https:\/\/www.europesays.com\/de\/1159285\/"},"modified":"2026-07-11T14:27:25","modified_gmt":"2026-07-11T14:27:25","slug":"immobilienpreise-in-augsburg-2026-aktuelle-prognose-zu-kaufpreisen-und-miete","status":"publish","type":"post","link":"https:\/\/www.europesays.com\/de\/1159285\/","title":{"rendered":"Immobilienpreise in Augsburg 2026: Aktuelle Prognose zu Kaufpreisen und Miete"},"content":{"rendered":"<p class=\"mb-6 text-xs-varying md:text-m lg:text-l font-serif group-[.font-sans]:font-sans \">\n    Die Preise f\u00fcr Kauf und Miete einer Wohnung werden in <a href=\"https:\/\/www.augsburger-allgemeine.de\/augsburg\/\" target=\"_self\" class=\"underline \" rel=\"nofollow noopener\">Augsburg<\/a> in den kommenden Jahren steigen. Das Beratungsunternehmen Bulwiengesa geht bis 2029 bei Neubauwohnungen von einer j\u00e4hrlichen Kaufpreissteigerung von 1,8 Prozent aus, bei Bestandswohnungen von 2,1 Prozent. Damit w\u00e4re das Rekordpreisniveau des Jahres 2022, dem wegen der Zinswende zun\u00e4chst ein gewisser D\u00e4mpfer folgte, sp\u00e4testens im Jahr 2029 \u00fcbertroffen.\n  <\/p>\n","protected":false},"excerpt":{"rendered":"Die Preise f\u00fcr Kauf und Miete einer Wohnung werden in Augsburg in den kommenden Jahren steigen. Das Beratungsunternehmen&hellip;\n","protected":false},"author":2,"featured_media":1159286,"comment_status":"","ping_status":"","sticky":false,"template":"","format":"standard","meta":{"footnotes":"","_share_on_mastodon":"0"},"categories":[1846],"tags":[159659,680,772,243098,3364,29,243096,548,663,3934,30,13,5411,243095,7134,14,28356,15,243097,12,5337],"class_list":["post-1159285","post","type-post","status-publish","format-standard","has-post-thumbnail","category-augsburg","tag-aichach-friedberg","tag-augsburg","tag-bayern","tag-bestandswohnung","tag-de","tag-deutschland","tag-dominik-lange","tag-eu","tag-europa","tag-europe","tag-germany","tag-headlines","tag-immobilie","tag-kaufsegment","tag-mieten","tag-nachrichten","tag-neubauwohnung","tag-news","tag-oliver-rohr","tag-schlagzeilen","tag-wohnungen"],"share_on_mastodon":{"url":"https:\/\/pubeurope.com\/@de\/116901815691529895","error":""},"_links":{"self":[{"href":"https:\/\/www.europesays.com\/de\/wp-json\/wp\/v2\/posts\/1159285","targetHints":{"allow":["GET"]}}],"collection":[{"href":"https:\/\/www.europesays.com\/de\/wp-json\/wp\/v2\/posts"}],"about":[{"href":"https:\/\/www.europesays.com\/de\/wp-json\/wp\/v2\/types\/post"}],"author":[{"embeddable":true,"href":"https:\/\/www.europesays.com\/de\/wp-json\/wp\/v2\/users\/2"}],"replies":[{"embeddable":true,"href":"https:\/\/www.europesays.com\/de\/wp-json\/wp\/v2\/comments?post=1159285"}],"version-history":[{"count":0,"href":"https:\/\/www.europesays.com\/de\/wp-json\/wp\/v2\/posts\/1159285\/revisions"}],"wp:featuredmedia":[{"embeddable":true,"href":"https:\/\/www.europesays.com\/de\/wp-json\/wp\/v2\/media\/1159286"}],"wp:attachment":[{"href":"https:\/\/www.europesays.com\/de\/wp-json\/wp\/v2\/media?parent=1159285"}],"wp:term":[{"taxonomy":"category","embeddable":true,"href":"https:\/\/www.europesays.com\/de\/wp-json\/wp\/v2\/categories?post=1159285"},{"taxonomy":"post_tag","embeddable":true,"href":"https:\/\/www.europesays.com\/de\/wp-json\/wp\/v2\/tags?post=1159285"}],"curies":[{"name":"wp","href":"https:\/\/api.w.org\/{rel}","templated":true}]}}