{"id":1159395,"date":"2026-07-11T15:30:18","date_gmt":"2026-07-11T15:30:18","guid":{"rendered":"https:\/\/www.europesays.com\/de\/1159395\/"},"modified":"2026-07-11T15:30:18","modified_gmt":"2026-07-11T15:30:18","slug":"stromausfall-in-berlin-telefonierte-wegner-mit-merz-kanzler-widerspricht","status":"publish","type":"post","link":"https:\/\/www.europesays.com\/de\/1159395\/","title":{"rendered":"Stromausfall in Berlin: Telefonierte Wegner mit Merz? Kanzler widerspricht"},"content":{"rendered":"<p>Weitere Widerspr\u00fcche zu Krisenmanagement <\/p>\n<p>Telefonierte Wegner mit Merz? Kanzleramt widerspricht Rathaus<\/p>\n<p>11.07.2026 &#8211; 17:12 UhrLesedauer: 2 Min.<\/p>\n<p><a href=\"#focus-0\" class=\"transition-colors block text-current relative\" data-sctrack=\"FocusGalleryImage.Reference\"><img fetchpriority=\"high\" data-testid=\"Opener.Image\"   loading=\"eager\" src=\"https:\/\/www.europesays.com\/de\/wp-content\/uploads\/2026\/07\/berlins-regierender-buergermeister-kai-wegner-cdu-spricht-bei-einem-pressetermin-der-cdu-berlin.jpg\" alt=\"Pressetermin des Landesvorsitzenden der CDU Berlin\" title=\"Pressetermin des Landesvorsitzenden der CDU Berlin\" width=\"1455\" height=\"819\" class=\"bg-[url:var(--lqipURL)] bg-cover bg-center flex h-full w-full max-w-full\" style=\"--lqipURL:url('https:\/\/images.t-online.de\/2026\/07\/a1KkTSBq-y7G\/269x0:1455x819\/fit-in\/150x0\/filters:blur(25)\/berlins-regierender-buergermeister-kai-wegner-cdu-spricht-bei-einem-pressetermin-der-cdu-berlin.jpg')\" decoding=\"async\"\/><img loading=\"lazy\" src=\"https:\/\/www.t-online.de\/s\/paper\/_next\/static\/media\/zoom-in.f7dae02f.svg\" alt=\"Vergr\u00f6\u00dfern des Bildes\" title=\"Vergr\u00f6\u00dfern des Bildes\" class=\"block h-[calc(var(--height)_\/_16_*_1rem)] w-[calc(var(--width)_\/_16_*_1rem)] max-w-none absolute right-8 bottom-8 rounded-4 bg-snow p-8\" style=\"--width:32;--height:32\" decoding=\"async\"\/><\/a><\/p>\n<p>Kai Wegner (CDU): Er will seine Amtszeit als Regierender B\u00fcrgermeister durchziehen. (Quelle: Fabian Sommer\/dpa\/dpa-bilder)<\/p>\n<p><img loading=\"lazy\" src=\"https:\/\/www.t-online.de\/s\/paper\/_next\/static\/media\/audio-volume.6689034c.svg\" alt=\"\" title=\"\" class=\"block h-[calc(var(--height)_\/_16_*_1rem)] w-[calc(var(--width)_\/_16_*_1rem)] max-w-none group-hover:brightness-0 group-hover:invert\" style=\"--width:16;--height:16\" decoding=\"async\"\/>Vorlesen<\/p>\n<p>Aktuelle Zeit:0:00Gesamtdauer:0:00<\/p>\n<p>1x<\/p>\n<p class=\"text-center\">Jetzt neu bei t-online:<\/p>\n<p class=\"text-center\">Schriftgr\u00f6\u00dfe anpassen!<\/p>\n<p><img loading=\"lazy\" src=\"https:\/\/www.t-online.de\/s\/paper\/_next\/static\/media\/font-sizes.32942e33.svg\" alt=\"\" title=\"\" class=\"block h-[calc(var(--height)_\/_16_*_1rem)] w-[calc(var(--width)_\/_16_*_1rem)] max-w-none group-hover:hidden group-aria-expanded:hidden\" style=\"--width:16;--height:16\" decoding=\"async\"\/><img loading=\"lazy\" src=\"https:\/\/www.t-online.de\/s\/paper\/_next\/static\/media\/font-sizes-dark-mode.e382645c.svg\" alt=\"\" title=\"\" class=\"block h-[calc(var(--height)_\/_16_*_1rem)] w-[calc(var(--width)_\/_16_*_1rem)] max-w-none hidden group-hover:block group-aria-expanded:block\" style=\"--width:16;--height:16\" decoding=\"async\"\/><img loading=\"lazy\" src=\"https:\/\/www.t-online.de\/s\/paper\/_next\/static\/media\/sharing-menu-icon.1eb71368.svg\" alt=\"\" title=\"\" class=\"block h-[calc(var(--height)_\/_16_*_1rem)] w-[calc(var(--width)_\/_16_*_1rem)] max-w-none group-hover:brightness-0 group-hover:invert\" style=\"--width:16;--height:16\" decoding=\"async\"\/>Artikel teilen<\/p>\n<p class=\"font-bold text-18 leading-17 user-text-lg:text-22 user-text-xl:text-24\">Wann hat Berlins Regierender B\u00fcrgermeister beim tagelangen Stromausfall mit dem Bundeskanzler telefoniert? Auch nach Wegners R\u00fccktritt als CDU-Spitzenkandidat ist die Diskussion nicht zu Ende.<\/p>\n<p class=\"text-18 leading-17 user-text-lg:text-22 user-text-xl:text-24\">Berlins Regierender B\u00fcrgermeister <a href=\"https:\/\/www.t-online.de\/themen\/kai-wegner\/\" class=\"transition-colors cursor-pointer no-underline md:hover:text-magenta md:focus:text-magenta border-b border-solid border-current text-salemsfur md:hover:border-magenta\" data-tracking=\"{&quot;action&quot;:&quot;click&quot;,&quot;category&quot;:&quot;intextLink&quot;,&quot;label&quot;:&quot;\/themen\/kai-wegner\/&quot;}\" data-sctrack=\"BodyAnchor\" rel=\"nofollow noopener\" target=\"_blank\">Kai Wegner<\/a> hat nach Angaben der Senatskanzlei zu Beginn des mehrt\u00e4gigen Stromausfalls Anfang des Jahres ein Telefongespr\u00e4ch mit Bundeskanzler <a href=\"https:\/\/www.t-online.de\/themen\/friedrich-merz\/\" class=\"transition-colors cursor-pointer no-underline md:hover:text-magenta md:focus:text-magenta border-b border-solid border-current text-salemsfur md:hover:border-magenta\" data-tracking=\"{&quot;action&quot;:&quot;click&quot;,&quot;category&quot;:&quot;intextLink&quot;,&quot;label&quot;:&quot;\/themen\/friedrich-merz\/&quot;}\" data-sctrack=\"BodyAnchor\" rel=\"nofollow noopener\" target=\"_blank\">Friedrich Merz<\/a> (beide CDU) gef\u00fchrt. &#8222;Erstens stand der Regierende B\u00fcrgermeister bereits am 3. Januar mit dem Bundeskanzleramt im Austausch. Zweitens hat der Regierende B\u00fcrgermeister am 4. Januar mit dem Bundeskanzler telefoniert&#8220;, teilte die Senatskanzlei auf dpa-Anfrage mit.<\/p>\n<p class=\"text-18 leading-17 user-text-lg:text-22 user-text-xl:text-24\">Unter anderem wegen widerspr\u00fcchlicher Angaben dazu, mit wem er zu Beginn des Blackouts telefoniert hat, stand Wegner monatelang in der Kritik. Am Freitagnachmittag erkl\u00e4rte er bei einer \u00fcberraschend angek\u00fcndigten Pressekonferenz seinen R\u00fcckzug als Spitzenkandidat der <a href=\"https:\/\/www.t-online.de\/themen\/cdu\/\" class=\"transition-colors cursor-pointer no-underline md:hover:text-magenta md:focus:text-magenta border-b border-solid border-current text-salemsfur md:hover:border-magenta\" data-tracking=\"{&quot;action&quot;:&quot;click&quot;,&quot;category&quot;:&quot;intextLink&quot;,&quot;label&quot;:&quot;\/themen\/cdu\/&quot;}\" data-sctrack=\"BodyAnchor\" rel=\"nofollow noopener\" target=\"_blank\">CDU<\/a> bei der Abgeordnetenhauswahl am 20. September. Als Regierender B\u00fcrgermeister will Wegner im Amt bleiben, bis ein Nachfolger im Landesparlament gew\u00e4hlt ist.<\/p>\n<ul class=\"text-18 leading-17 block pl-24 *:pb-16 *:before:inline-block *:before:size-8 *:before:bg-magenta *:before:mt-0 *:before:mr-12 *:before:mb-2 *:before:-ml-[20px]\">\n<li><strong class=\"font-bold\">&#8222;Das war Mist&#8220;:<\/strong> <a href=\"https:\/\/www.t-online.de\/nachrichten\/deutschland\/innenpolitik\/id_101337962\/wahl-in-berlin-buergermeister-kai-wegner-zieht-kandidatur-wohl-zurueck.html\" class=\"transition-colors cursor-pointer no-underline md:hover:text-magenta md:focus:text-magenta border-b border-solid border-current text-salemsfur md:hover:border-magenta\" data-tracking=\"{&quot;action&quot;:&quot;click&quot;,&quot;category&quot;:&quot;intextLink&quot;,&quot;label&quot;:&quot;\/nachrichten\/deutschland\/innenpolitik\/id_101337962\/wahl-in-berlin-buergermeister-kai-wegner-zieht-kandidatur-wohl-zurueck.html&quot;}\" data-sctrack=\"BodyAnchor\" rel=\"nofollow noopener\" target=\"_blank\">Wegner zieht Kandidatur zur Berlin-Wahl zur\u00fcck<\/a><\/li>\n<li><strong class=\"font-bold\">Na also, geht doch!:<\/strong> <a href=\"https:\/\/www.t-online.de\/nachrichten\/deutschland\/innenpolitik\/id_101337992\/kai-wegner-zieht-kandidatur-zurueck-gerade-noch-mal-rechtzeitig.html\" class=\"transition-colors cursor-pointer no-underline md:hover:text-magenta md:focus:text-magenta border-b border-solid border-current text-salemsfur md:hover:border-magenta\" data-tracking=\"{&quot;action&quot;:&quot;click&quot;,&quot;category&quot;:&quot;intextLink&quot;,&quot;label&quot;:&quot;\/nachrichten\/deutschland\/innenpolitik\/id_101337992\/kai-wegner-zieht-kandidatur-zurueck-gerade-noch-mal-rechtzeitig.html&quot;}\" data-sctrack=\"BodyAnchor\" rel=\"nofollow noopener\" target=\"_blank\">R\u00fcckzug von Kai Wegner \u2013 ein Kommentar<\/a><\/li>\n<\/ul>\n<p>Kanzler Merz hatte kein pers\u00f6nliches Telefonat mit Wegner<\/p>\n<p class=\"text-18 leading-17 user-text-lg:text-22 user-text-xl:text-24\">Der &#8222;Tagesspiegel&#8220; berichtete am Freitag nach der Pressekonferenz von einem Schreiben aus dem Kanzleramt mit einer Antwort auf Fragen der Zeitung.<\/p>\n<p class=\"text-18 leading-17 user-text-lg:text-22 user-text-xl:text-24\">Darin hei\u00dft es, in dem Verfahren &#8222;wird mitgeteilt, dass, soweit feststellbar, der Bundeskanzler w\u00e4hrend der Dauer des fragegegenst\u00e4ndlichen Stromausfalls in <a href=\"https:\/\/berlin.t-online.de\/region\/berlin\/\" class=\"transition-colors cursor-pointer no-underline md:hover:text-magenta md:focus:text-magenta border-b border-solid border-current text-salemsfur md:hover:border-magenta\" data-tracking=\"{&quot;action&quot;:&quot;click&quot;,&quot;category&quot;:&quot;intextLink&quot;,&quot;label&quot;:&quot;https:\/\/berlin.t-online.de\/region\/berlin\/&quot;}\" data-sctrack=\"BodyAnchor\" rel=\"nofollow noopener\" target=\"_blank\">Berlin<\/a> im Januar 2026 kein pers\u00f6nliches Gespr\u00e4ch mit dem Regierenden B\u00fcrgermeister von Berlin Wegner gef\u00fchrt hat, weder in Anwesenheit pers\u00f6nlich noch telefonisch&#8220;.<\/p>\n<p>Laut Kanzleramt gab es keine Telefonate<\/p>\n<p class=\"text-18 leading-17 user-text-lg:text-22 user-text-xl:text-24\">Ein Regierungssprecher best\u00e4tigte auf dpa-Anfrage diese Informationen aus einem Schriftsatz des Bundeskanzleramts an das Verwaltungsgericht Berlin. Der &#8222;Tagesspiegel&#8220; hatte dort nach eigenen Angaben Ende Juni einen Eilantrag auf Grundlage des presserechtlichen Auskunftsanspruchs eingereicht, nachdem das Kanzleramt \u00fcber Wochen keine n\u00e4heren Informationen zu entsprechenden Telefonaten geliefert habe.<\/p>\n<p class=\"text-18 leading-17 user-text-lg:text-22 user-text-xl:text-24\">Wegner hatte in der Sendung RBB-&#8222;Abendschau&#8220; am 5. Januar gesagt: &#8222;Gestern habe ich einmal mehr mit dem Bundeskanzler auch gesprochen.&#8220; Die Senatskanzlei bleibe dabei, dass es dieses Telefonat gegeben habe, sagte ein Sprecher, erkl\u00e4rte aber nicht, wie der Widerspruch zu den Angaben des Kanzleramts aufzul\u00f6sen sei.<\/p>\n<p class=\"text-18 leading-17 user-text-lg:text-22 user-text-xl:text-24\">Erst am Dienstag hatte der &#8222;Tagesspiegel&#8220; eine Antwort der Senatskanzlei eine Anfrage ver\u00f6ffentlicht, nach der Wegner anders als zun\u00e4chst behauptet am Vormittag des 3. Januars noch keine dienstlichen Telefonate zum <a href=\"https:\/\/www.t-online.de\/themen\/stromausfall\/\" class=\"transition-colors cursor-pointer no-underline md:hover:text-magenta md:focus:text-magenta border-b border-solid border-current text-salemsfur md:hover:border-magenta\" data-tracking=\"{&quot;action&quot;:&quot;click&quot;,&quot;category&quot;:&quot;intextLink&quot;,&quot;label&quot;:&quot;\/themen\/stromausfall\/&quot;}\" data-sctrack=\"BodyAnchor\" rel=\"nofollow noopener\" target=\"_blank\">Stromausfall<\/a> gef\u00fchrt hat. Im Interview mit Welt TV hatte Wegner am 7. Januar gesagt: &#8222;Ich habe in der Tat um 8.08 Uhr begonnen, die Telefonate zu f\u00fchren. Ich habe mit den Krisenst\u00e4ben telefoniert, mit Stromnetz.&#8220;<\/p>\n<p class=\"text-18 leading-17 user-text-lg:text-22 user-text-xl:text-24\">Mitte Mai hatte eine Sprecherin der <a href=\"https:\/\/www.t-online.de\/themen\/bundesregierung\/\" class=\"transition-colors cursor-pointer no-underline md:hover:text-magenta md:focus:text-magenta border-b border-solid border-current text-salemsfur md:hover:border-magenta\" data-tracking=\"{&quot;action&quot;:&quot;click&quot;,&quot;category&quot;:&quot;intextLink&quot;,&quot;label&quot;:&quot;\/themen\/bundesregierung\/&quot;}\" data-sctrack=\"BodyAnchor\" rel=\"nofollow noopener\" target=\"_blank\">Bundesregierung<\/a> fr\u00fchere Angaben korrigiert und mitgeteilt, Wegner und Merz h\u00e4tten am 3. Januar nicht miteinander telefoniert. Am 17. M\u00e4rz hatte ein Sprecher der Bundesregierung dazu zun\u00e4chst geantwortet, es habe an dem Tag mehrere Gespr\u00e4che Wegners mit Merz und Kanzleramtsminister Thorsten Frei (CDU) gegeben.<\/p>\n","protected":false},"excerpt":{"rendered":"Weitere Widerspr\u00fcche zu Krisenmanagement Telefonierte Wegner mit Merz? Kanzleramt widerspricht Rathaus 11.07.2026 &#8211; 17:12 UhrLesedauer: 2 Min. Kai&hellip;\n","protected":false},"author":2,"featured_media":1159396,"comment_status":"","ping_status":"","sticky":false,"template":"","format":"standard","meta":{"footnotes":"","_share_on_mastodon":"0"},"categories":[1825],"tags":[326,296,64594,12845,31,29,775,30,2384,17402,31094,30263,5667,8635,15605],"class_list":["post-1159395","post","type-post","status-publish","format-standard","has-post-thumbnail","category-berlin","tag-326","tag-berlin","tag-berlin-wahl","tag-bundeskanzleramt","tag-cdu","tag-deutschland","tag-friedrich-merz","tag-germany","tag-kai-wegner","tag-kanzleramt","tag-krisenmanagement","tag-senatskanzlei","tag-stromausfall","tag-tagesspiegel","tag-telefonat"],"share_on_mastodon":{"url":"https:\/\/pubeurope.com\/@de\/116902064023579143","error":""},"_links":{"self":[{"href":"https:\/\/www.europesays.com\/de\/wp-json\/wp\/v2\/posts\/1159395","targetHints":{"allow":["GET"]}}],"collection":[{"href":"https:\/\/www.europesays.com\/de\/wp-json\/wp\/v2\/posts"}],"about":[{"href":"https:\/\/www.europesays.com\/de\/wp-json\/wp\/v2\/types\/post"}],"author":[{"embeddable":true,"href":"https:\/\/www.europesays.com\/de\/wp-json\/wp\/v2\/users\/2"}],"replies":[{"embeddable":true,"href":"https:\/\/www.europesays.com\/de\/wp-json\/wp\/v2\/comments?post=1159395"}],"version-history":[{"count":0,"href":"https:\/\/www.europesays.com\/de\/wp-json\/wp\/v2\/posts\/1159395\/revisions"}],"wp:featuredmedia":[{"embeddable":true,"href":"https:\/\/www.europesays.com\/de\/wp-json\/wp\/v2\/media\/1159396"}],"wp:attachment":[{"href":"https:\/\/www.europesays.com\/de\/wp-json\/wp\/v2\/media?parent=1159395"}],"wp:term":[{"taxonomy":"category","embeddable":true,"href":"https:\/\/www.europesays.com\/de\/wp-json\/wp\/v2\/categories?post=1159395"},{"taxonomy":"post_tag","embeddable":true,"href":"https:\/\/www.europesays.com\/de\/wp-json\/wp\/v2\/tags?post=1159395"}],"curies":[{"name":"wp","href":"https:\/\/api.w.org\/{rel}","templated":true}]}}