{"id":1159513,"date":"2026-07-11T16:43:15","date_gmt":"2026-07-11T16:43:15","guid":{"rendered":"https:\/\/www.europesays.com\/de\/1159513\/"},"modified":"2026-07-11T16:43:15","modified_gmt":"2026-07-11T16:43:15","slug":"duesseldorf-so-erlebten-anwohner-das-konzert-von-system-of-a-down","status":"publish","type":"post","link":"https:\/\/www.europesays.com\/de\/1159513\/","title":{"rendered":"D\u00fcsseldorf: So erlebten Anwohner das Konzert von System of a Down"},"content":{"rendered":"<p class=\"text_ohne_einzug richtext text-em-55 !leading-serif mx-6 desktop:mx-0\"> Die Bef\u00fcrchtungen der Anwohner zum neuen Open-Air-Park auf dem Messe-Gel\u00e4nde waren riesig. Rund um die Beckbuschstra\u00dfe etwa rechneten sie vor dem Er\u00f6ffnungskonzert am Freitagabend mit der Metal-Band System of a Down mit chaotischem Verkehr, lautem Hupen und L\u00e4rm\u00fcberschreitungen. Es kam dann etwas anders, wie unser Reporter vor Ort beobachtete. <\/p>\n","protected":false},"excerpt":{"rendered":"Die Bef\u00fcrchtungen der Anwohner zum neuen Open-Air-Park auf dem Messe-Gel\u00e4nde waren riesig. Rund um die Beckbuschstra\u00dfe etwa rechneten&hellip;\n","protected":false},"author":2,"featured_media":1159514,"comment_status":"","ping_status":"","sticky":false,"template":"","format":"standard","meta":{"footnotes":"","_share_on_mastodon":"0"},"categories":[1831],"tags":[5564,14769,36062,3364,29,3405,3688,9832,30,126357,47,6829,3969,745,1209,5565,3624,4847,8430,197950,15455,20213,243133],"class_list":["post-1159513","post","type-post","status-publish","format-standard","has-post-thumbnail","category-duesseldorf","tag-air","tag-anwohner","tag-arena","tag-de","tag-deutschland","tag-duesseldorf","tag-essen","tag-falschparker","tag-germany","tag-luis","tag-messe","tag-messeparkplatz","tag-metal","tag-metall","tag-nordrhein-westfalen","tag-open","tag-park","tag-parkplatz","tag-parkplaetze","tag-parkplatzsuchverkehr","tag-schlimm","tag-staus","tag-weltmessen"],"share_on_mastodon":{"url":"https:\/\/pubeurope.com\/@de\/116902350383406630","error":""},"_links":{"self":[{"href":"https:\/\/www.europesays.com\/de\/wp-json\/wp\/v2\/posts\/1159513","targetHints":{"allow":["GET"]}}],"collection":[{"href":"https:\/\/www.europesays.com\/de\/wp-json\/wp\/v2\/posts"}],"about":[{"href":"https:\/\/www.europesays.com\/de\/wp-json\/wp\/v2\/types\/post"}],"author":[{"embeddable":true,"href":"https:\/\/www.europesays.com\/de\/wp-json\/wp\/v2\/users\/2"}],"replies":[{"embeddable":true,"href":"https:\/\/www.europesays.com\/de\/wp-json\/wp\/v2\/comments?post=1159513"}],"version-history":[{"count":0,"href":"https:\/\/www.europesays.com\/de\/wp-json\/wp\/v2\/posts\/1159513\/revisions"}],"wp:featuredmedia":[{"embeddable":true,"href":"https:\/\/www.europesays.com\/de\/wp-json\/wp\/v2\/media\/1159514"}],"wp:attachment":[{"href":"https:\/\/www.europesays.com\/de\/wp-json\/wp\/v2\/media?parent=1159513"}],"wp:term":[{"taxonomy":"category","embeddable":true,"href":"https:\/\/www.europesays.com\/de\/wp-json\/wp\/v2\/categories?post=1159513"},{"taxonomy":"post_tag","embeddable":true,"href":"https:\/\/www.europesays.com\/de\/wp-json\/wp\/v2\/tags?post=1159513"}],"curies":[{"name":"wp","href":"https:\/\/api.w.org\/{rel}","templated":true}]}}