{"id":1159690,"date":"2026-07-11T18:25:16","date_gmt":"2026-07-11T18:25:16","guid":{"rendered":"https:\/\/www.europesays.com\/de\/1159690\/"},"modified":"2026-07-11T18:25:16","modified_gmt":"2026-07-11T18:25:16","slug":"kriminalitaet-geiselnahme-in-berlin-was-wir-wissen-und-was-nicht-2","status":"publish","type":"post","link":"https:\/\/www.europesays.com\/de\/1159690\/","title":{"rendered":"Kriminalit\u00e4t: Geiselnahme in Berlin: Was wir wissen und was nicht"},"content":{"rendered":"<p>            Schlie\u00dfen<\/p>\n<p>            Ver\u00f6ffentlicht am<br \/>\n                <\/p>\n<p>        Sie k\u00f6nnen sich Artikel der ZEIT in der Google-Suche nun bevorzugt anzeigen lassen.<\/p>\n<p>        <a class=\"zps-widget__icon\" href=\"https:\/\/www.google.com\/preferences\/source?q=zeit.de\" data-ct-label=\"Google Preferred Source Onboarding Widget Icon\" id=\"zps-link-icon-activate\" aria-label=\"ZEIT als bevorzugte Quelle bei Google aktivieren\" target=\"_blank\" rel=\"nofollow noopener\"><\/p>\n<p>        <\/a><\/p>\n<p>        Hinweis<\/p>\n<p class=\"article-notice__text\">DIE ZEIT hat diese Meldung redaktionell nicht bearbeitet. Sie wurde automatisch von der Deutschen Presse-Agentur (dpa) \u00fcbernommen.<\/p>\n<p>            <img decoding=\"async\" class=\"article__media-item\" src=\"https:\/\/www.europesays.com\/de\/wp-content\/uploads\/2026\/07\/1783794316_5_wide__660x371.jpeg\" alt=\"Kriminalit\u00e4t: Der Supermarkt ist gro\u00dfr\u00e4umig abgesperrt.\"\/><\/p>\n<p>                    Der Supermarkt ist gro\u00dfr\u00e4umig abgesperrt.<br \/>\n            \u00a9\u00a0Carsten Koall\/\u200bdpa<\/p>\n<p class=\"paragraph article__item\">In einem Supermarkt im S\u00fcden Berlins hielt ein Mann seit dem sp\u00e4ten Freitagabend eine Frau als Geisel. Nach etwa elf Stunden konnte die <a class=\"rtr-entity\" href=\"https:\/\/www.zeit.de\/thema\/polizei\" rel=\"nofollow noopener\" target=\"_blank\">Polizei<\/a> den Mann am Morgen \u00fcberw\u00e4ltigen. Was zu dem Vorfall bislang bekannt ist und welche Fragen noch offenbleiben:\u00a0\n<\/p>\n<p>Aktuelles<\/p>\n<p>                <a href=\"https:\/\/www.zeit.de\/gesellschaft\/zeitgeschehen\/2026-07\/geiselnahme-berlin-supermarkt-polizei-marienfelde-gxe\" data-ct-label=\"Berlin: Geiselnahme in Berliner Supermarkt beendet\" data-uuid=\"3715ea6c-94d0-496b-9478-cb6db2c72704\" rel=\"nofollow noopener\" target=\"_blank\"><\/p>\n<p>                        Berlin:<br \/>\n                        Geiselnahme in Berliner Supermarkt beendet<\/p>\n<p>                <\/a><\/p>\n<p>                <a href=\"https:\/\/www.zeit.de\/gesellschaft\/zeitgeschehen\/2026-07\/geiselnahme-supermarkt-berlin-polizei-marienfelde-gxe\" data-ct-label=\"Polizeieinsatz in Berlin: Mann nimmt Geisel in Berliner Supermarkt\" data-uuid=\"d8108965-d397-434b-9949-7963e9344d7d\" rel=\"nofollow noopener\" target=\"_blank\"><\/p>\n<p>                        Polizeieinsatz in Berlin:<br \/>\n                        Mann nimmt Geisel in Berliner Supermarkt<\/p>\n<p>                <\/a><\/p>\n<p>                <a href=\"https:\/\/www.zeit.de\/gesellschaft\/2026-07\/schongau-bayern-gymnasium-polizeieinsatz-ermittlung\" data-ct-label=\"Polizeieinsatz in Bayern: Was \u00fcber die Amoktat von Schongau bekannt ist\" data-uuid=\"7046be60-c42c-41b0-823d-df82fc697e0c\" rel=\"nofollow noopener\" target=\"_blank\"><\/p>\n<p>                        Polizeieinsatz in Bayern:<br \/>\n                        Was \u00fcber die Amoktat von Schongau bekannt ist<\/p>\n<p>                <\/a><\/p>\n<p class=\"paragraph article__item\"><strong>Was wir wissen<\/strong>\n<\/p>\n<ul class=\"list article__item\">\n<li>\n<strong>Tat:<\/strong> Laut Polizei brachte der T\u00e4ter die Frau kurz nach 22.00 Uhr in dem Supermarkt in seine Gewalt und bedrohte sie mit einem Messer. Die Polizei hatte danach nach eigenen Angaben Kontakt zu dem Mann.<\/li>\n<li>\n<strong>Zugriff<\/strong>: Spezialeinsatzkr\u00e4fte der Polizei \u00fcberw\u00e4ltigten den Angaben zufolge gegen 9.20 Uhr den Mann und befreiten die festgehaltene Frau. Dabei sei ein sogenannter Taser eingesetzt worden.\u00a0<\/li>\n<li>\n<strong>Verletzte: <\/strong>Bei dem Zugriff von Spezialeinsatzkr\u00e4ften wurde der mutma\u00dfliche Geiselnehmer nach Polizeiangaben leicht verletzt. Er wurde in ein Krankenhaus gebracht, wie Polizeisprecher Florian Nath sagte. Auch die befreite Frau, die mehr als elf Stunden gefangen gehalten wurde, kam in ein Krankenhaus. Nach ersten Angaben des Sprechers steht sie unter Schock.<\/li>\n<li>\n<strong>Identit\u00e4t des Mannes<\/strong>: Ein Sprecher der Berliner Staatsanwaltschaft sagte, der Mann soll 29 Jahre alt und t\u00fcrkischer Staatsangeh\u00f6riger sein. Nach ersten Erkenntnissen sollen der Mann und die Geisel vor der Tat in keiner Beziehung zueinander gestanden haben.\u00a0<\/li>\n<li>\n<strong>Waffe<\/strong>: Laut Staatsanwaltschaft hat der Mann die Frau mit einem Messer bedroht. Ein Mitarbeiter des Supermarkts berichtete bereits am Morgen, er habe gesehen, dass der Mann ein Messer gezogen habe.<\/li>\n<li>\n<strong>Identit\u00e4t des Opfers:<\/strong> Laut Sprecher handelt es sich um eine Angestellte des Supermarkts.<\/li>\n<li>\n<strong>Ort<\/strong>: Ort der Geiselnahme war ein Rewe-Supermarkt in Berlin-Marienfelde an der Ecke zwischen der Hildburghauser Stra\u00dfe und dem Tirschenreuther Ring. Marienfelde liegt im Bezirk Tempelhof-Sch\u00f6neberg am s\u00fcdlichen Rand der Hauptstadt.\u00a0<\/li>\n<li>\n<strong>Einsatz<\/strong>: Die Polizei war im Gro\u00dfeinsatz. Das Spezialeinsatzkommando (SEK) wurde vor dem Geb\u00e4ude positioniert. Zahlreiche Polizeifahrzeuge, Rettungswagen und die Feuerwehr waren vor Ort.<\/li>\n<li>\n<strong>M\u00f6gliche Zeugen<\/strong>: Hinter der Absperrung harrten einige Angestellte des Supermarkts aus, die nach dpa-Informationen zum Zeitpunkt des Vorfalls im Laden waren.\u00a0<\/li>\n<li>\n<strong>Anwohner:<\/strong> F\u00fcr Menschen in der Umgebung bestand laut Polizei keine Gefahr.\u00a0<\/li>\n<\/ul>\n<p class=\"paragraph article__item\"><strong>Was wir nicht wissen<\/strong>\n<\/p>\n<ul class=\"list article__item\">\n<li>\n<strong>Motiv<\/strong>: Zu den Hintergr\u00fcnden und dem m\u00f6glichen Motiv der Tat ist nach Angaben der Polizei bislang noch nichts bekannt. Der Mann habe verschiedene Forderungen gestellt, so der Polizeisprecher. Allerdings: \u00abDas waren Impulsforderungen, die sich im schwer nachvollziehbaren Bereich abgespielt haben\u00bb.\u00a0<\/li>\n<\/ul>\n<p class=\"paragraph article__item\">\u00a9 dpa-infocom, dpa:260711-930-368495\/3<\/p>\n","protected":false},"excerpt":{"rendered":"Schlie\u00dfen Ver\u00f6ffentlicht am Sie k\u00f6nnen sich Artikel der ZEIT in der Google-Suche nun bevorzugt anzeigen lassen. Hinweis DIE&hellip;\n","protected":false},"author":2,"featured_media":1159691,"comment_status":"","ping_status":"","sticky":false,"template":"","format":"standard","meta":{"footnotes":"","_share_on_mastodon":"0"},"categories":[1825],"tags":[296,2520,29,2796,30,1584,15,121,925],"class_list":["post-1159690","post","type-post","status-publish","format-standard","has-post-thumbnail","category-berlin","tag-berlin","tag-deutsche-presse-agentur","tag-deutschland","tag-geiselnahme","tag-germany","tag-kriminalitaet","tag-news","tag-polizei","tag-supermarkt"],"share_on_mastodon":{"url":"https:\/\/pubeurope.com\/@de\/116902753333510423","error":""},"_links":{"self":[{"href":"https:\/\/www.europesays.com\/de\/wp-json\/wp\/v2\/posts\/1159690","targetHints":{"allow":["GET"]}}],"collection":[{"href":"https:\/\/www.europesays.com\/de\/wp-json\/wp\/v2\/posts"}],"about":[{"href":"https:\/\/www.europesays.com\/de\/wp-json\/wp\/v2\/types\/post"}],"author":[{"embeddable":true,"href":"https:\/\/www.europesays.com\/de\/wp-json\/wp\/v2\/users\/2"}],"replies":[{"embeddable":true,"href":"https:\/\/www.europesays.com\/de\/wp-json\/wp\/v2\/comments?post=1159690"}],"version-history":[{"count":0,"href":"https:\/\/www.europesays.com\/de\/wp-json\/wp\/v2\/posts\/1159690\/revisions"}],"wp:featuredmedia":[{"embeddable":true,"href":"https:\/\/www.europesays.com\/de\/wp-json\/wp\/v2\/media\/1159691"}],"wp:attachment":[{"href":"https:\/\/www.europesays.com\/de\/wp-json\/wp\/v2\/media?parent=1159690"}],"wp:term":[{"taxonomy":"category","embeddable":true,"href":"https:\/\/www.europesays.com\/de\/wp-json\/wp\/v2\/categories?post=1159690"},{"taxonomy":"post_tag","embeddable":true,"href":"https:\/\/www.europesays.com\/de\/wp-json\/wp\/v2\/tags?post=1159690"}],"curies":[{"name":"wp","href":"https:\/\/api.w.org\/{rel}","templated":true}]}}