{"id":1159749,"date":"2026-07-11T19:04:34","date_gmt":"2026-07-11T19:04:34","guid":{"rendered":"https:\/\/www.europesays.com\/de\/1159749\/"},"modified":"2026-07-11T19:04:34","modified_gmt":"2026-07-11T19:04:34","slug":"strecke-hagen-wuppertal-koeln-offen-einschraenkungen-durch-sabotage-und-brueckenschaden-2","status":"publish","type":"post","link":"https:\/\/www.europesays.com\/de\/1159749\/","title":{"rendered":"Strecke Hagen\u2013Wuppertal\u2013K\u00f6ln offen \u2013 Einschr\u00e4nkungen durch Sabotage und Br\u00fcckenschaden"},"content":{"rendered":"<p class=\"richtext text-em-55 !leading-serif mx-6 desktop:mx-0\">Am Wochenende gibt es auf der Strecke Hagen \u2013 Wuppertal \u2013 K\u00f6ln au\u00dferdem wie angek\u00fcndigt noch einige Einschr\u00e4nkungen. \u201eIn der ersten Phase der Inbetriebnahme nach einer Sanierung dieses Ausma\u00dfes kann es anf\u00e4nglich noch zu Anlaufschwierigkeiten kommen\u201c, so die Sprecherin auf WZ-Nachfrage. \u201eFachteams sind an der Strecke unterwegs, um etwaige einzelne St\u00f6rungen, die in den ersten Wochen auftreten k\u00f6nnen, schnellstm\u00f6glich zu beseitigen. <\/p>\n","protected":false},"excerpt":{"rendered":"Am Wochenende gibt es auf der Strecke Hagen \u2013 Wuppertal \u2013 K\u00f6ln au\u00dferdem wie angek\u00fcndigt noch einige Einschr\u00e4nkungen.&hellip;\n","protected":false},"author":2,"featured_media":1159376,"comment_status":"","ping_status":"","sticky":false,"template":"","format":"standard","meta":{"footnotes":"","_share_on_mastodon":"0"},"categories":[1840],"tags":[600,7385,35920,3364,29,33499,16097,30,11533,243116,20442,1420,65783,220630,1209,30474,4936,6191,22899,4418,17911],"class_list":["post-1159749","post","type-post","status-publish","format-standard","has-post-thumbnail","category-wuppertal","tag-bruecke","tag-bruecken","tag-brueckenschaden","tag-de","tag-deutschland","tag-einschraenkungen","tag-eisenbahnbruecke","tag-germany","tag-geschwindigkeit","tag-geschwindigkeitseinschraenkungen","tag-hagen","tag-koeln","tag-korridor","tag-korridorsanierung","tag-nordrhein-westfalen","tag-opladen","tag-schaden","tag-strecke","tag-streckenabschnitt","tag-wuppertal","tag-zuege"],"share_on_mastodon":{"url":"https:\/\/pubeurope.com\/@de\/116902904830456856","error":""},"_links":{"self":[{"href":"https:\/\/www.europesays.com\/de\/wp-json\/wp\/v2\/posts\/1159749","targetHints":{"allow":["GET"]}}],"collection":[{"href":"https:\/\/www.europesays.com\/de\/wp-json\/wp\/v2\/posts"}],"about":[{"href":"https:\/\/www.europesays.com\/de\/wp-json\/wp\/v2\/types\/post"}],"author":[{"embeddable":true,"href":"https:\/\/www.europesays.com\/de\/wp-json\/wp\/v2\/users\/2"}],"replies":[{"embeddable":true,"href":"https:\/\/www.europesays.com\/de\/wp-json\/wp\/v2\/comments?post=1159749"}],"version-history":[{"count":0,"href":"https:\/\/www.europesays.com\/de\/wp-json\/wp\/v2\/posts\/1159749\/revisions"}],"wp:featuredmedia":[{"embeddable":true,"href":"https:\/\/www.europesays.com\/de\/wp-json\/wp\/v2\/media\/1159376"}],"wp:attachment":[{"href":"https:\/\/www.europesays.com\/de\/wp-json\/wp\/v2\/media?parent=1159749"}],"wp:term":[{"taxonomy":"category","embeddable":true,"href":"https:\/\/www.europesays.com\/de\/wp-json\/wp\/v2\/categories?post=1159749"},{"taxonomy":"post_tag","embeddable":true,"href":"https:\/\/www.europesays.com\/de\/wp-json\/wp\/v2\/tags?post=1159749"}],"curies":[{"name":"wp","href":"https:\/\/api.w.org\/{rel}","templated":true}]}}