{"id":1159828,"date":"2026-07-11T19:59:26","date_gmt":"2026-07-11T19:59:26","guid":{"rendered":"https:\/\/www.europesays.com\/de\/1159828\/"},"modified":"2026-07-11T19:59:26","modified_gmt":"2026-07-11T19:59:26","slug":"geiseldrama-in-berliner-supermarkt-beendet-polizei-ueberwaeltigte-taeter","status":"publish","type":"post","link":"https:\/\/www.europesays.com\/de\/1159828\/","title":{"rendered":"Geiseldrama in Berliner Supermarkt beendet: Polizei \u00fcberw\u00e4ltigte T\u00e4ter"},"content":{"rendered":"<p _ngcontent-tt-com-www-c3071245697=\"\" data-cy=\"body\">Die Geiselnahme in einem Supermarkt im S\u00fcden Berlins ist beendet. Ein Spezialeinsatzkommando \u00fcberw\u00e4ltigte den T\u00e4ter am Samstagmorgen. Dabei wurde ein Taser eingesetzt. Der Mann wurde leicht verletzt und ins Krankenhaus gebracht. Auch die befreite Frau, die mehr als elf Stunden gefangen gehalten wurde, kam in ein Spital. Nach ersten Angaben eines Polizeisprechers steht sie unter Schock.<\/p>\n<p _ngcontent-tt-com-www-c3071245697=\"\" data-cy=\"body\">Wie die Berliner Polizei auf X bekanntgab, wurden T\u00e4ter und Opfer leicht verletzt. Kriseninterventionsteams waren am Samstag im Einsatz. Eine Schusswaffe wurde nicht eingesetzt. Vielmehr sei der Tatverd\u00e4chtige mithilfe eines Distanzelektroimpulsger\u00e4ts (DEIG) festgenommen worden, berichtete die Polizei auf X. Die Geiselnahme wurde demnach von Spezialkr\u00e4ften der Polizei kurz nach 9.20 Uhr beendet. &#8222;Gl\u00fccklicherweise ist hier niemand gr\u00f6\u00dfer zu Schaden gekommen. Es gibt keine schwereren Verletzungen, die laut aktuellem Stand zu beklagen w\u00e4ren&#8220;, sagte Polizeisprecher Florian Nath.<\/p>\n<p _ngcontent-tt-com-www-c3071245697=\"\" data-cy=\"body\">Die Hintergr\u00fcnde der Tat sind unklar. Der Sprecher machte zun\u00e4chst keine Angaben zum Alter oder der Nationalit\u00e4t des mutma\u00dflichen Geiselnehmers. Nach ersten Erkenntnissen sollen der Mann und die Geisel vor der Tat in keiner Beziehung zueinander gestanden haben.<\/p>\n<p _ngcontent-tt-com-www-c3071245697=\"\" data-cy=\"body\">Kurz nach 22.00 Uhr hatte der T\u00e4ter laut Polizei die Frau in dem Rewe-Markt im Stadtteil Marienfelde bedroht. Die Polizei nahm mit dem Geiselnehmer Kontakt auf. Der Mann habe verschiedene Forderungen gestellt. &#8222;Das waren Impulsforderungen, die sich im schwer nachvollziehbaren Bereich abgespielt haben&#8220;, so der Sprecher. Sie h\u00e4tten kein &#8222;akribischen Tatplan widergespiegelt&#8220;.<\/p>\n<p _ngcontent-tt-com-www-c3071245697=\"\" data-cy=\"body\">Ein Mitarbeiter des betroffenen Rewe-Supermarkts schilderte, wie er die Geiselnahme aus n\u00e4chster N\u00e4he miterlebt hatte. &#8222;Ich bin geschockt&#8220;, sagte der 22-J\u00e4hrige zu mehreren Journalisten. Seinen Schilderungen zufolge war der Supermarkt am Freitagabend kurz vor der Schlie\u00dfung. Er habe die \u00fcbrigen Kunden rausschicken wollen, als ein Mann ein Messer gezogen habe. &#8222;Das Messer war schon sehr gro\u00df&#8220;, berichtet er.<\/p>\n<p _ngcontent-tt-com-www-c3071245697=\"\" data-cy=\"body\">Er arbeite als Minijobber in der Filiale. &#8222;Ich habe nicht viel gesehen, es ist alles sehr schnell passiert. Man konnte auch nicht viel erkennen.&#8220; Das &#8222;funkelnde Messer&#8220; habe er aber gesehen. Er sei dann mit einer anderen Mitarbeiterin rausgelaufen und habe die Polizei gerufen. Die Frau ist nach Angaben des 22-J\u00e4hrigen eine Mitarbeiterin. &#8222;Sie war einfach am falschen Ort zum falschen Zeitpunkt&#8220;, sagte er.<\/p>\n<p _ngcontent-tt-com-www-c3071245697=\"\" data-cy=\"body\">Der Supermarkt war gro\u00dfr\u00e4umig abgesperrt, wie ein Reporter berichtete. Das Spezialeinsatzkommando (SEK) war vor dem Geb\u00e4ude positioniert. Zahlreiche Polizeifahrzeuge, Rettungswagen und die Feuerwehr waren am Tatort. <\/p>\n<p _ngcontent-tt-com-www-c3071245697=\"\" data-cy=\"body\">Marienfelde liegt im Bezirk Tempelhof-Sch\u00f6neberg am s\u00fcdlichen Rand der Hauptstadt, weit entfernt vom Berliner Stadtgeschehen. Es ist eine ruhige Wohngegend, gepr\u00e4gt von Einfamilienh\u00e4usern und mehrst\u00f6ckigen Wohnbauten. In der Gegend befinden sich mehrere Schulen und Kindertagesst\u00e4tten. (APA\/dpa) <\/p>\n","protected":false},"excerpt":{"rendered":"Die Geiselnahme in einem Supermarkt im S\u00fcden Berlins ist beendet. Ein Spezialeinsatzkommando \u00fcberw\u00e4ltigte den T\u00e4ter am Samstagmorgen. Dabei&hellip;\n","protected":false},"author":2,"featured_media":1159829,"comment_status":"","ping_status":"","sticky":false,"template":"","format":"standard","meta":{"footnotes":"","_share_on_mastodon":"0"},"categories":[1825],"tags":[1941,1939,296,1937,29,2796,30,1940,1938,4908,1995],"class_list":["post-1159828","post","type-post","status-publish","format-standard","has-post-thumbnail","category-berlin","tag-aktuelle-nachrichten-aus-berlin","tag-aktuelle-news-aus-berlin","tag-berlin","tag-berlin-news","tag-deutschland","tag-geiselnahme","tag-germany","tag-nachrichten-aus-berlin","tag-news-aus-berlin","tag-polizeieinsatz","tag-verbrechen"],"share_on_mastodon":{"url":"https:\/\/pubeurope.com\/@de\/116903121354883786","error":""},"_links":{"self":[{"href":"https:\/\/www.europesays.com\/de\/wp-json\/wp\/v2\/posts\/1159828","targetHints":{"allow":["GET"]}}],"collection":[{"href":"https:\/\/www.europesays.com\/de\/wp-json\/wp\/v2\/posts"}],"about":[{"href":"https:\/\/www.europesays.com\/de\/wp-json\/wp\/v2\/types\/post"}],"author":[{"embeddable":true,"href":"https:\/\/www.europesays.com\/de\/wp-json\/wp\/v2\/users\/2"}],"replies":[{"embeddable":true,"href":"https:\/\/www.europesays.com\/de\/wp-json\/wp\/v2\/comments?post=1159828"}],"version-history":[{"count":0,"href":"https:\/\/www.europesays.com\/de\/wp-json\/wp\/v2\/posts\/1159828\/revisions"}],"wp:featuredmedia":[{"embeddable":true,"href":"https:\/\/www.europesays.com\/de\/wp-json\/wp\/v2\/media\/1159829"}],"wp:attachment":[{"href":"https:\/\/www.europesays.com\/de\/wp-json\/wp\/v2\/media?parent=1159828"}],"wp:term":[{"taxonomy":"category","embeddable":true,"href":"https:\/\/www.europesays.com\/de\/wp-json\/wp\/v2\/categories?post=1159828"},{"taxonomy":"post_tag","embeddable":true,"href":"https:\/\/www.europesays.com\/de\/wp-json\/wp\/v2\/tags?post=1159828"}],"curies":[{"name":"wp","href":"https:\/\/api.w.org\/{rel}","templated":true}]}}