{"id":1159848,"date":"2026-07-11T20:10:17","date_gmt":"2026-07-11T20:10:17","guid":{"rendered":"https:\/\/www.europesays.com\/de\/1159848\/"},"modified":"2026-07-11T20:10:17","modified_gmt":"2026-07-11T20:10:17","slug":"ersatzteile-aus-den-40er-jahren-wohl-letzte-nutzerin-einer-eisernen-lunge-gestorben","status":"publish","type":"post","link":"https:\/\/www.europesays.com\/de\/1159848\/","title":{"rendered":"Ersatzteile aus den 40er Jahren: Wohl letzte Nutzerin einer Eisernen Lunge gestorben"},"content":{"rendered":"<p>Ersatzteile aus den 40er JahrenWohl letzte Nutzerin einer Eisernen Lunge gestorben<\/p>\n<p>11.07.2026, 20:49 Uhr <\/p>\n<p>Artikel anh\u00f6ren(03:34 min)<\/p>\n<p><img decoding=\"async\" class=\"Image_img__fQCi0 Image_Img_16_9__4BLfH widget-picture-inline_maximizable__t_E7h\" loading=\"eager\" fetchpriority=\"high\" src=\"https:\/\/www.europesays.com\/de\/wp-content\/uploads\/2026\/07\/Eine-ausrangierte-Eiserne-Lunge-steht-im-Pathologischen-Institut-Schwabing.webp\" alt=\"Eine-ausrangierte-Eiserne-Lunge-steht-im-Pathologischen-Institut-Schwabing\"\/>Eine ausrangierte Eiserne Lunge steht im Pathologischen Institut Schwabing. Das Ger\u00e4t wurde vor Einf\u00fchrung wirksamer Polio-Impfstoffe in den 1950er Jahren ein Symbol f\u00fcr den Kampf gegen die Krankheit. (Foto: picture alliance\/dpa)TeilenFolgen auf:<a href=\"https:\/\/www.whatsapp.com\/channel\/0029Va5cdVJD8SDp5YZgYF01\" title=\"Auf WhatsApp folgen\" target=\"_blank\" rel=\"nofollow noopener\"><img decoding=\"async\" src=\"https:\/\/www.n-tv.de\/socialIcons\/whatsapp.svg\" alt=\"whatsapp\" class=\"ArticleShare_icon__FsrC2\"\/><\/a><a href=\"https:\/\/www.google.com\/preferences\/source?q=n-tv.de\" title=\"ntv als bevorzugte Quelle auf Google hinzuf\u00fcgen\" target=\"_blank\" rel=\"nofollow noopener\"><img decoding=\"async\" src=\"https:\/\/www.n-tv.de\/socialIcons\/google.svg\" alt=\"whatsapp\" class=\"ArticleShare_icon__FsrC2\"\/><\/a><\/p>\n<p class=\"Typography_text-m__XI0da Typography_weight-bold__uT6mq storyline_lead_text_leadtext__q_wg8\">Mit f\u00fcnf Jahren erkrankt Martha Lillard an Polio. Jahrzehnte lebt sie mit einer sogenannten Eisernen Lunge &#8211; trotz veralteter Technik und schwieriger Wartung. Jetzt stirbt Lillard mit 78. Es ist das Ende einer medizinischen \u00c4ra.<\/p>\n<p class=\"Typography_text-default__P3otY Typography_weight-normal__pqUbH storyline_paragraph_p__qSR5N\">Mit der US-Amerikanerin Martha Lillard ist die letzte bekannte Polio-\u00dcberlebende gestorben, die zum Atmen auf eine sogenannte Eiserne Lunge angewiesen war. Die an Kinderl\u00e4hmung erkrankte Frau starb nach Berichten mehrerer US-Medien bereits Ende Juni im Alter von 78 Jahren in Oklahoma. Ihr Tod markiert wahrscheinlich das Ende einer Medizintechnik, die in den Jahren vor der Einf\u00fchrung der Polio-Impfung zum Symbol der Krankheit geworden war.<\/p>\n<p class=\"Typography_text-default__P3otY Typography_weight-normal__pqUbH storyline_paragraph_p__qSR5N\">Lillard hatte sich 1953 im Alter von f\u00fcnf Jahren mit Polio infiziert &#8211; zwei Jahre bevor in den USA der erste Impfstoff gegen die Krankheit eingef\u00fchrt wurde. Die Infektion l\u00e4hmte gro\u00dfe Teile ihres K\u00f6rpers und sch\u00e4digte ihre Atemmuskulatur dauerhaft. Nach Angaben ihrer Familie auf einer GoFundMe-Seite blieb Lillard trotz ihrer schweren gesundheitlichen Einschr\u00e4nkungen selbstst\u00e4ndig und kreativ. Sie malte, schrieb Gedichte und komponierte Musik am Klavier.<\/p>\n<p class=\"Typography_text-default__P3otY Typography_weight-normal__pqUbH storyline_paragraph_p__qSR5N\">W\u00e4hrend andere Polio-\u00dcberlebende jedoch sp\u00e4ter auf moderne Beatmungsger\u00e4te umsteigen konnten, blieb Lillard auf die Eiserne Lunge angewiesen. Sie habe zwar verschiedene Alternativen ausprobiert, doch keines habe ihr die n\u00f6tige Unterst\u00fctzung beim Atmen geboten, sagte sie noch wenige Tage vor ihrem Tod dem Lokalsender KFOR.<\/p>\n<p class=\"Typography_text-default__P3otY Typography_weight-normal__pqUbH storyline_paragraph_p__qSR5N\">Zuletzt habe sich ihr Gesundheitszustand zunehmend verschlechtert, berichtete die Schwester der Verstorbenen, auch infolge von Langzeitauswirkungen zweier Covid-19-Infektionen. Gleichzeitig sei die Wartung der Jahrzehnte alten Eisernen Lunge, auf die Lillard den Berichten zufolge zuletzt rund um die Uhr angewiesen war, immer schwieriger geworden. Ersatzteile aus den 1940er Jahren seien kaum noch zu beschaffen gewesen, zudem habe sich niemand mehr gefunden, der das Ger\u00e4t reparieren konnte, zitierte KFOR die Schwester. Erst im M\u00e4rz 2024 war mit Paul Alexander ein weiterer bekannter Nutzer des historischen Beatmungsger\u00e4ts im Alter von 78 Jahren gestorben, der mehr als 70 Jahre damit gelebt hatte.<\/p>\n<p class=\"Typography_text-default__P3otY Typography_weight-normal__pqUbH storyline_paragraph_p__qSR5N\">Die Eiserne Lunge ist ein gro\u00dfer Metallzylinder, der Patienten mit Hilfe von Druckver\u00e4nderungen beim Atmen unterst\u00fctzt. Das Ger\u00e4t wurde vor Einf\u00fchrung wirksamer Polio-Impfstoffe in den 1950er Jahren ein Symbol f\u00fcr den Kampf gegen die Krankheit. Polio ist eine ansteckende Infektionskrankheit, die vor allem bei Kleinkindern dauerhafte L\u00e4hmungen hervorrufen und zum Tod f\u00fchren kann. Verbreitet wird das Virus oft \u00fcber verunreinigtes Wasser. Eine Heilung gibt es bisher nicht. <\/p>\n<p class=\"Typography_text-default__P3otY Typography_weight-normal__pqUbH storyline_paragraph_p__qSR5N\">Aufgrund engagierter Impfkampagnen in den vergangenen Jahrzehnten gilt Polio seit Jahren als weltweit nahezu ausgerottet. Dadurch konnten bis heute rund 20 Millionen Menschen vor einer L\u00e4hmung und anderthalb Millionen vor dem Tod bewahrt werden, wie es bei der Weltgesundheitsorganisation (WHO) hei\u00dft.<\/p>\n<p class=\"Typography_text-s__wu_cm Typography_weight-normal__pqUbH Typography_color-darkgrey__sZEnP article-detail-footer_source__KslPc\">Quelle: ntv.de, are\/dpa<\/p>\n","protected":false},"excerpt":{"rendered":"Ersatzteile aus den 40er JahrenWohl letzte Nutzerin einer Eisernen Lunge gestorben 11.07.2026, 20:49 Uhr Artikel anh\u00f6ren(03:34 min) Eine&hellip;\n","protected":false},"author":2,"featured_media":1159849,"comment_status":"","ping_status":"","sticky":false,"template":"","format":"standard","meta":{"footnotes":"","_share_on_mastodon":"0"},"categories":[137],"tags":[29,30,141,232,755,984,288,27505,9496],"class_list":["post-1159848","post","type-post","status-publish","format-standard","has-post-thumbnail","category-gesundheit","tag-deutschland","tag-germany","tag-gesundheit","tag-health","tag-impfung","tag-international","tag-krankheit","tag-medizintechnik","tag-oklahoma"],"share_on_mastodon":{"url":"https:\/\/pubeurope.com\/@de\/116903165998904528","error":""},"_links":{"self":[{"href":"https:\/\/www.europesays.com\/de\/wp-json\/wp\/v2\/posts\/1159848","targetHints":{"allow":["GET"]}}],"collection":[{"href":"https:\/\/www.europesays.com\/de\/wp-json\/wp\/v2\/posts"}],"about":[{"href":"https:\/\/www.europesays.com\/de\/wp-json\/wp\/v2\/types\/post"}],"author":[{"embeddable":true,"href":"https:\/\/www.europesays.com\/de\/wp-json\/wp\/v2\/users\/2"}],"replies":[{"embeddable":true,"href":"https:\/\/www.europesays.com\/de\/wp-json\/wp\/v2\/comments?post=1159848"}],"version-history":[{"count":0,"href":"https:\/\/www.europesays.com\/de\/wp-json\/wp\/v2\/posts\/1159848\/revisions"}],"wp:featuredmedia":[{"embeddable":true,"href":"https:\/\/www.europesays.com\/de\/wp-json\/wp\/v2\/media\/1159849"}],"wp:attachment":[{"href":"https:\/\/www.europesays.com\/de\/wp-json\/wp\/v2\/media?parent=1159848"}],"wp:term":[{"taxonomy":"category","embeddable":true,"href":"https:\/\/www.europesays.com\/de\/wp-json\/wp\/v2\/categories?post=1159848"},{"taxonomy":"post_tag","embeddable":true,"href":"https:\/\/www.europesays.com\/de\/wp-json\/wp\/v2\/tags?post=1159848"}],"curies":[{"name":"wp","href":"https:\/\/api.w.org\/{rel}","templated":true}]}}