{"id":1159858,"date":"2026-07-11T20:15:19","date_gmt":"2026-07-11T20:15:19","guid":{"rendered":"https:\/\/www.europesays.com\/de\/1159858\/"},"modified":"2026-07-11T20:15:19","modified_gmt":"2026-07-11T20:15:19","slug":"krieg-gegen-die-ukraine-mehrere-tote-nach-russischen-angriffen","status":"publish","type":"post","link":"https:\/\/www.europesays.com\/de\/1159858\/","title":{"rendered":"Krieg gegen die Ukraine: Mehrere Tote nach russischen Angriffen"},"content":{"rendered":"<p>            <img loading=\"lazy\" decoding=\"async\" class=\"ts-image\" src=\"https:\/\/www.europesays.com\/de\/wp-content\/uploads\/2026\/07\/kiew-466.jpg\" alt=\"Rauch steigt \u00fcber der ukrainischen Hauptstadt Kiew auf.\" title=\"Rauch steigt \u00fcber der ukrainischen Hauptstadt Kiew auf. | REUTERS\"\/><\/p>\n<p class=\"metatextline\">Stand: 11.07.2026 \u2022 19:36 Uhr<\/p>\n<p class=\"article-head__shorttext\">\n        <strong>In der Nacht hat Russland die Ukraine erneut mit Raketen angegriffen. Es gab mindestens acht Tote. Trotz der aktuellen Eskalation sieht Bundesau\u00dfenminister Wadephul jetzt einen guten Zeitpunkt f\u00fcr Verhandlungen. <\/strong>\n    <\/p>\n<p class=\"textabsatz m-ten m-offset-one l-eight l-offset-two columns twelve\">Bundesau\u00dfenminister Johann Wadephul ist trotz der anhaltenden russischen Angriffe auf die Ukraine \u00fcberzeugt, dass jetzt ein guter Zeitpunkt f\u00fcr Verhandlungen in dem Konflikt sei. &#8222;Wir sollten jetzt einen sehr ernsthaften Versuch unternehmen&#8220;, sagte er dem<a href=\"https:\/\/www.tagesspiegel.de\/politik\/aussenminister-johann-wadephul-im-gesprach-trump-hat-in-der-sache-schon-recht-15825910.html\" title=\"Link zum Tagesspiegel\" class=\"textlink--extern js-link-dialog\" rel=\"noopener noreferrer nofollow\" target=\"_blank\" data-type=\"external\"> Tagesspiegel. <\/a><\/p>\n<p class=\"textabsatz m-ten m-offset-one l-eight l-offset-two columns twelve\">Die j\u00fcngsten Angriffe Russlands und des Iran zeitlich rund um den NATO-Gipfel seien sicher kein Zufall gewesen, sondern h\u00e4tten eine vermeintliche St\u00e4rke demonstrieren sollen, sagt Wadephul.<\/p>\n<p class=\"textabsatz m-ten m-offset-one l-eight l-offset-two columns twelve\">Die auf dem auf dem <a href=\"https:\/\/www.mdr.de\/nachrichten\/welt\/osteuropa\/politik\/nato-gipfel-ankara-milliardenhilfe-,ukraine-news-08-07-2026-100.html\" title=\"Mittwoch: Nato-Staaten sagen der Ukraine 70 Milliarden Euro zu\" class=\"textlink--extern\" target=\"_blank\" rel=\"noopener nofollow\">Gipfel beschlossenen Finanzzusagen<\/a> seien jedoch eine klare Botschaft an den russischen Pr\u00e4sidenten Wladimir Putin, dass die Ukraine den l\u00e4ngeren Atem habe und Russland nun verhandeln m\u00fcsse.<\/p>\n<p>    Kiew erneut unter Beschuss<\/p>\n<p class=\"textabsatz m-ten m-offset-one l-eight l-offset-two columns twelve\">Erst in der Nacht war die Ukraine erneut an mehreren Orten unter russischen Raketenbeschuss geraten. Dabei gab es mindestens acht Tote und zahlreiche Verletzte.<\/p>\n<p class=\"textabsatz m-ten m-offset-one l-eight l-offset-two columns twelve\">Bei Angriffen auf die Hauptstadt Kiew wurden nach offiziellen Angaben mindestens elf Menschen verletzt. Unter den Verletzten sei ein Kind, teilte der ukrainische Pr\u00e4sident Wolodymyr Selenskyj im Onlinedienst X mit. Noch vor dem ersten Sirenenalarm sei &#8222;zivile Infrastruktur&#8220; getroffen worden, darunter Wohnh\u00e4user und B\u00fcrogeb\u00e4ude.<\/p>\n<p class=\"textabsatz m-ten m-offset-one l-eight l-offset-two columns twelve\">Russland habe in der Nacht zw\u00f6lf Raketen, darunter sechs ballistische Raketen, sowie 121 Drohnen gegen die Ukraine eingesetzt, so Selenskyj. Die meisten Drohnen und einige der Raketen seien abgeschossen worden, doch die ballistischen Raketen h\u00e4tten ihre Ziele erreicht.<\/p>\n<p>Konfliktparteien als Quelle<\/p>\n<p>        Angaben der Konfliktparteien oder von Beobachtern zum Kriegsgeschehen k\u00f6nnen in der aktuellen Lage nicht unmittelbar von unabh\u00e4ngiger Stelle \u00fcberpr\u00fcft werden.<\/p>\n<p>    Mindestens f\u00fcnf Tote in Sumy<\/p>\n<p class=\"textabsatz m-ten m-offset-one l-eight l-offset-two columns twelve\">Das russische Milit\u00e4r hat durch den Abwurf von Gleitbomben auf die nordostukrainische Stadt Sumy mindestens f\u00fcnf Menschen get\u00f6tet. Eine Bushaltestelle sei getroffen worden, teilte der Chef der Milit\u00e4rverwaltung von Sumy, Oleh Hryhorow, mit.<\/p>\n<p class=\"textabsatz m-ten m-offset-one l-eight l-offset-two columns twelve\">Die Zahl der Verletzten stieg seinen Angaben nach auf 30, darunter seien auch f\u00fcnf Schwerverletzte, schrieb er bei Telegram. Nach Angaben des B\u00fcrgermeisters von Sumy, Artem Kobsar, ist unter den Toten ein 13-j\u00e4hriges M\u00e4dchen. Die \u00f6rtlichen Beh\u00f6rden warnten vor weiteren Angriffen.<\/p>\n<p class=\"textabsatz m-ten m-offset-one l-eight l-offset-two columns twelve\">In Odessa im S\u00fcden des Landes sind nach ukrainischen Angaben mindestens zwei Menschen bei Angriffen get\u00f6tet und 12 weitere verletzt worden. Dort sei eine russische Rakete in einem Geb\u00e4ude eingeschlagen, teilte der Chef der Regionalverwaltung, Oleh Kiper, mit. In der \u00f6stlichen Stadt Slowjansk wurde Beh\u00f6rdenangaben zufolge ebenfalls ein Mensch bei einem russischen Angriff get\u00f6tet.<\/p>\n<p>    Ukraine greift Schiffe im Asowschen Meer an<\/p>\n<p class=\"textabsatz m-ten m-offset-one l-eight l-offset-two columns twelve\">Das russische Verteidigungsministerium erkl\u00e4rte, Ziel der russischen Angriffe seien Drohnenproduktionsst\u00e4tten in Kiew sowie die H\u00e4fen von Ismajil und Tschornomorsk in der Region Odessa gewesen.<\/p>\n<p class=\"textabsatz m-ten m-offset-one l-eight l-offset-two columns twelve\">Die Ukraine wiederum griff nach eigenen Angaben im Asowschen Meer mehr als zwei Dutzend russische Tanker und andere Schiffe an. 21 Tanker, die zum Transport von \u00d6l und Erd\u00f6lprodukten eingesetzt wurden, seien besch\u00e4digt worden, dazu vier Schlepper, zwei Frachtschiffe und ein Baggerschiff, teilte der ukrainische Generalstab mit. Russland meldete Angriffe auf vier Schiffe, bei denen eine Person get\u00f6tet worden sei.<\/p>\n<p>    Angriffe rund um NATO-Gipfel &#8222;kein Zufall&#8220;<\/p>\n<p class=\"textabsatz m-ten m-offset-one l-eight l-offset-two columns twelve\">Au\u00dfenminister Wadephul zufolge hat die Gewalt sowohl im Krieg gegen die Ukraine als auch im Iran-Krieg zuletzt sichtbar zugenommen. Doch das muss Verhandlungen nach seiner Einsch\u00e4tzung nicht ausschlie\u00dfen.<\/p>\n<p class=\"textabsatz m-ten m-offset-one l-eight l-offset-two columns twelve\">Im Gegenteil: Der Au\u00dfenminister vermutet ein &#8222;milit\u00e4risches Ph\u00e4nomen&#8220; &#8211; n\u00e4mlich das &#8222;letzte Aufb\u00e4umen, bevor man in Verhandlungen geht.&#8220; Weder der Ukraine-Krieg noch der Iran-Krieg w\u00fcrden &#8222;auf dem Schlachtfeld entschieden&#8220;, erkl\u00e4rte der Minister.<\/p>\n","protected":false},"excerpt":{"rendered":"Stand: 11.07.2026 \u2022 19:36 Uhr In der Nacht hat Russland die Ukraine erneut mit Raketen angegriffen. Es gab&hellip;\n","protected":false},"author":2,"featured_media":1159859,"comment_status":"","ping_status":"","sticky":false,"template":"","format":"standard","meta":{"footnotes":"","_share_on_mastodon":"0"},"categories":[3],"tags":[13,5793,14,15,12,10,8,9,11,317,30616,103,104],"class_list":["post-1159858","post","type-post","status-publish","format-standard","has-post-thumbnail","category-welt","tag-headlines","tag-kiew","tag-nachrichten","tag-news","tag-schlagzeilen","tag-top-news","tag-top-meldungen","tag-topmeldungen","tag-topnews","tag-ukraine","tag-wadephul","tag-welt","tag-world"],"share_on_mastodon":{"url":"https:\/\/pubeurope.com\/@de\/116903184602057950","error":""},"_links":{"self":[{"href":"https:\/\/www.europesays.com\/de\/wp-json\/wp\/v2\/posts\/1159858","targetHints":{"allow":["GET"]}}],"collection":[{"href":"https:\/\/www.europesays.com\/de\/wp-json\/wp\/v2\/posts"}],"about":[{"href":"https:\/\/www.europesays.com\/de\/wp-json\/wp\/v2\/types\/post"}],"author":[{"embeddable":true,"href":"https:\/\/www.europesays.com\/de\/wp-json\/wp\/v2\/users\/2"}],"replies":[{"embeddable":true,"href":"https:\/\/www.europesays.com\/de\/wp-json\/wp\/v2\/comments?post=1159858"}],"version-history":[{"count":0,"href":"https:\/\/www.europesays.com\/de\/wp-json\/wp\/v2\/posts\/1159858\/revisions"}],"wp:featuredmedia":[{"embeddable":true,"href":"https:\/\/www.europesays.com\/de\/wp-json\/wp\/v2\/media\/1159859"}],"wp:attachment":[{"href":"https:\/\/www.europesays.com\/de\/wp-json\/wp\/v2\/media?parent=1159858"}],"wp:term":[{"taxonomy":"category","embeddable":true,"href":"https:\/\/www.europesays.com\/de\/wp-json\/wp\/v2\/categories?post=1159858"},{"taxonomy":"post_tag","embeddable":true,"href":"https:\/\/www.europesays.com\/de\/wp-json\/wp\/v2\/tags?post=1159858"}],"curies":[{"name":"wp","href":"https:\/\/api.w.org\/{rel}","templated":true}]}}