{"id":1159860,"date":"2026-07-11T20:16:16","date_gmt":"2026-07-11T20:16:16","guid":{"rendered":"https:\/\/www.europesays.com\/de\/1159860\/"},"modified":"2026-07-11T20:16:16","modified_gmt":"2026-07-11T20:16:16","slug":"wehrdienst-janosch-dahmen-meldet-sich-als-reservist-bei-der-bundeswehr","status":"publish","type":"post","link":"https:\/\/www.europesays.com\/de\/1159860\/","title":{"rendered":"Wehrdienst: Janosch Dahmen meldet sich als Reservist bei der Bundeswehr"},"content":{"rendered":"<p class=\"paragraph article__item\">Der gesundheitspolitische Sprecher der Gr\u00fcnen, Janosch Dahmen, hat seine fr\u00fchere Wehrdienstverweigerung zur\u00fcckgezogen und sich als Reservist der Bundeswehr gemeldet. In einem Interview mit dem Spiegel begr\u00fcndete der 44-J\u00e4hrige diesen Schritt mit der ver\u00e4nderten sicherheitspolitischen Lage seit dem russischen Angriff auf die Ukraine.\n<\/p>\n<p class=\"paragraph article__item\">Der studierte Mediziner sagte, seine \u00dcberzeugung, keinen Menschen t\u00f6ten zu wollen, bestehe zwar fort, die Rahmenbedingungen seiner Gewissensentscheidung h\u00e4tten sich jedoch ver\u00e4ndert. Es k\u00f6nne nicht allein Aufgabe anderer sein, Deutschland und die liberale Gesellschaft zu verteidigen.\n<\/p>\n<p>                                    Dahmen spricht sich f\u00fcr allgemeinen Gesellschaftsdienst aus            <\/p>\n<p class=\"paragraph article__item\">Laut Spiegel wirbt Dahmen auch innerhalb der Gr\u00fcnen f\u00fcr einen neuen Umgang mit der Bundeswehr und spricht sich f\u00fcr einen allgemeinen Gesellschaftsdienst von sechs bis zw\u00f6lf Monaten nach der Schulzeit aus. Dieser k\u00f6nne wahlweise bei der Bundeswehr, in Hilfsorganisationen, im Bev\u00f6lkerungsschutz oder in sozialen Einrichtungen geleistet werden. Au\u00dferdem fordert er einen Auffrischungsdienst: \u00bbJeder sollte beispielsweise alle sechs Jahre f\u00fcr sechs Wochen zur\u00fcck in den jeweiligen Bereich gehen. Wir k\u00f6nnen es nicht nur der jungen Generation zur Aufgabe machen, f\u00fcr Wehrhaftigkeit und Resilienz zu sorgen\u00ab, sagte er.\n<\/p>\n<p class=\"paragraph article__item\"><a href=\"https:\/\/www.zeit.de\/politik\/deutschland\/2025-11\/gruene-parteitag-hannover-habeck-baerbock-kommentar\" target=\"_blank\" rel=\"nofollow noopener\">Auf ihrem Bundesparteitag in Hannover<\/a> hatten die Gr\u00fcnen im November beschlossen, die Musterung f\u00fcr junge M\u00e4nner verpflichtend machen zu wollen, hielten dar\u00fcber hinaus aber an der Freiwilligkeit fest. Damit sollte gepr\u00fcft werden, wer grunds\u00e4tzlich wehrdiensttauglich w\u00e4re. Ein <a href=\"https:\/\/www.zeit.de\/politik\/deutschland\/2025-08\/bundeswehr-wehrdienst-gesetzentwurf-boris-pistorius-faq\" target=\"_blank\" rel=\"nofollow noopener\">verpflichtender Wehrdienst sei damit jedoch nicht verbunden<\/a>. \u00dcber die Musterung hinaus hielt die Partei an dem Grundsatz fest, dass ein Dienst bei der Bundeswehr freiwillig bleiben sollte.\n<\/p>\n<p>Mehr zum Thema<\/p>\n<p>            B\u00fcndnis 90\/Die Gr\u00fcnen        <\/p>\n<p>                <a href=\"https:\/\/www.zeit.de\/politik\/deutschland\/2025-11\/gruene-parteitag-hannover-habeck-baerbock-kommentar\" data-ct-label=\"Gr\u00fcnenparteitag: Ohne Wurst und Wehmut\" data-uuid=\"892d4f2b-14ed-4035-9c9f-5836555ac0af\" rel=\"nofollow noopener\" target=\"_blank\"><\/p>\n<p>                        Gr\u00fcnenparteitag:<br \/>\n                        Ohne Wurst und Wehmut<\/p>\n<p>                <\/a><\/p>\n<p>                <a href=\"https:\/\/www.zeit.de\/politik\/deutschland\/2025-11\/parteitag-gruene-hannover-ausrichtung-zukunft\" data-ct-label=\"Parteitag der Gr\u00fcnen: Sie bebt noch\" data-uuid=\"816e92fa-07c3-4127-a7c9-18554b363a75\" rel=\"nofollow noopener\" target=\"_blank\"><\/p>\n<p>                        Parteitag der Gr\u00fcnen:<br \/>\n                        Sie bebt noch<\/p>\n<p>                <\/a><\/p>\n<p>                <a href=\"https:\/\/www.zeit.de\/politik\/deutschland\/2026-07\/gruene-eeg-gesetz-gesetzentwurf-katherina-reiche-bundesregierung-erneuerbare-energien-gxe\" data-ct-label=\"Erneuerbare Energien: Gr\u00fcne erh\u00f6hen mit eigenem EEG-Gesetzentwurf Druck auf Katherina Reiche\" data-uuid=\"826d9efa-c770-42a3-a48d-22c3596057d7\" rel=\"nofollow noopener\" target=\"_blank\"><\/p>\n<p>                        Erneuerbare Energien:<br \/>\n                        Gr\u00fcne erh\u00f6hen mit eigenem EEG-Gesetzentwurf Druck auf Katherina Reiche<\/p>\n<p>                <\/a><\/p>\n","protected":false},"excerpt":{"rendered":"Der gesundheitspolitische Sprecher der Gr\u00fcnen, Janosch Dahmen, hat seine fr\u00fchere Wehrdienstverweigerung zur\u00fcckgezogen und sich als Reservist der Bundeswehr&hellip;\n","protected":false},"author":2,"featured_media":1159861,"comment_status":"","ping_status":"","sticky":false,"template":"","format":"standard","meta":{"footnotes":"","_share_on_mastodon":"0"},"categories":[2],"tags":[29,30,13,241645,14,15,16,12,10,8,9,11,9414,243222],"class_list":["post-1159860","post","type-post","status-publish","format-standard","has-post-thumbnail","category-deutschland","tag-deutschland","tag-germany","tag-headlines","tag-janosch-dahmen","tag-nachrichten","tag-news","tag-politik","tag-schlagzeilen","tag-top-news","tag-top-meldungen","tag-topmeldungen","tag-topnews","tag-wehrdienst","tag-wehrdienstverweigerung"],"share_on_mastodon":{"url":"https:\/\/pubeurope.com\/@de\/116903188183684194","error":""},"_links":{"self":[{"href":"https:\/\/www.europesays.com\/de\/wp-json\/wp\/v2\/posts\/1159860","targetHints":{"allow":["GET"]}}],"collection":[{"href":"https:\/\/www.europesays.com\/de\/wp-json\/wp\/v2\/posts"}],"about":[{"href":"https:\/\/www.europesays.com\/de\/wp-json\/wp\/v2\/types\/post"}],"author":[{"embeddable":true,"href":"https:\/\/www.europesays.com\/de\/wp-json\/wp\/v2\/users\/2"}],"replies":[{"embeddable":true,"href":"https:\/\/www.europesays.com\/de\/wp-json\/wp\/v2\/comments?post=1159860"}],"version-history":[{"count":0,"href":"https:\/\/www.europesays.com\/de\/wp-json\/wp\/v2\/posts\/1159860\/revisions"}],"wp:featuredmedia":[{"embeddable":true,"href":"https:\/\/www.europesays.com\/de\/wp-json\/wp\/v2\/media\/1159861"}],"wp:attachment":[{"href":"https:\/\/www.europesays.com\/de\/wp-json\/wp\/v2\/media?parent=1159860"}],"wp:term":[{"taxonomy":"category","embeddable":true,"href":"https:\/\/www.europesays.com\/de\/wp-json\/wp\/v2\/categories?post=1159860"},{"taxonomy":"post_tag","embeddable":true,"href":"https:\/\/www.europesays.com\/de\/wp-json\/wp\/v2\/tags?post=1159860"}],"curies":[{"name":"wp","href":"https:\/\/api.w.org\/{rel}","templated":true}]}}