{"id":1159880,"date":"2026-07-11T20:31:41","date_gmt":"2026-07-11T20:31:41","guid":{"rendered":"https:\/\/www.europesays.com\/de\/1159880\/"},"modified":"2026-07-11T20:31:41","modified_gmt":"2026-07-11T20:31:41","slug":"zukunft-der-baeder-haengt-von-den-kosten-ab-woerth","status":"publish","type":"post","link":"https:\/\/www.europesays.com\/de\/1159880\/","title":{"rendered":"Zukunft der B\u00e4der h\u00e4ngt von den Kosten ab &#8211; W\u00f6rth"},"content":{"rendered":"<p class=\"rhp-dpa-teaser\"><b>Der Badepark ist auch in diesem Sommer ein Besuchermagnet. Dennoch ist weiter unklar, ob er eine Zukunft hat. In den n\u00e4chsten Monaten wird neu gerechnet.<\/b><\/p>\n<p>Das Abstimmungsergebnis war am Ende eindeutig: 22 Stadtratsmitglieder stimmten mit Ja, vier enthielten sich und eines votierte mit Nein. Damit <a href=\"https:\/\/www.rheinpfalz.de\/lokal\/kreis-germersheim_artikel,-badepark-kosten-f%C3%BCr-ganzjahresbad-sollen-neu-berechnet-werden-_arid,5902254.html\" class=\"external-link-new-window\" title=\"\" target=\"_self\" rel=\"nofollow noopener\">war der gemeinsame Antrag von SPD, FWG und FDP\/PBS<\/a> \u201eZukunft der W\u00f6rther B\u00e4der \u2013 Aktualisierung und vergleichende Bewertung von Varianten als Grundlage f\u00fcr die Beschlussfassung\u201c angenommen. Die Skeptiker kamen alle aus den Reihen der CDU. Deren Fraktionsvorsitzender J\u00fcrgen Weber sagte, es sei ein sehr emotionales Thema, \u00fcber das<\/p>\n<p class=\"rhp-teaser\"><b>Der Badepark ist auch in diesem Sommer ein Besuchermagnet. Dennoch ist weiter unklar, ob er eine Zukunft hat. In den n\u00e4chsten Monaten wird neu gerechnet.<\/b><\/p>\n","protected":false},"excerpt":{"rendered":"Der Badepark ist auch in diesem Sommer ein Besuchermagnet. Dennoch ist weiter unklar, ob er eine Zukunft hat.&hellip;\n","protected":false},"author":2,"featured_media":1159881,"comment_status":"","ping_status":"","sticky":false,"template":"","format":"standard","meta":{"footnotes":"","_share_on_mastodon":"0"},"categories":[1844],"tags":[1634,50562,31,3364,29,187,16950,30,115016,8903,4060,184,26148],"class_list":["post-1159880","post","type-post","status-publish","format-standard","has-post-thumbnail","category-karlsruhe","tag-baden-wuerttemberg","tag-badepark","tag-cdu","tag-de","tag-deutschland","tag-fdp","tag-freie-waehler","tag-germany","tag-juergen-weber","tag-karlsruhe","tag-lokal","tag-spd","tag-woerth"],"share_on_mastodon":{"url":"https:\/\/pubeurope.com\/@de\/116903247182514555","error":""},"_links":{"self":[{"href":"https:\/\/www.europesays.com\/de\/wp-json\/wp\/v2\/posts\/1159880","targetHints":{"allow":["GET"]}}],"collection":[{"href":"https:\/\/www.europesays.com\/de\/wp-json\/wp\/v2\/posts"}],"about":[{"href":"https:\/\/www.europesays.com\/de\/wp-json\/wp\/v2\/types\/post"}],"author":[{"embeddable":true,"href":"https:\/\/www.europesays.com\/de\/wp-json\/wp\/v2\/users\/2"}],"replies":[{"embeddable":true,"href":"https:\/\/www.europesays.com\/de\/wp-json\/wp\/v2\/comments?post=1159880"}],"version-history":[{"count":0,"href":"https:\/\/www.europesays.com\/de\/wp-json\/wp\/v2\/posts\/1159880\/revisions"}],"wp:featuredmedia":[{"embeddable":true,"href":"https:\/\/www.europesays.com\/de\/wp-json\/wp\/v2\/media\/1159881"}],"wp:attachment":[{"href":"https:\/\/www.europesays.com\/de\/wp-json\/wp\/v2\/media?parent=1159880"}],"wp:term":[{"taxonomy":"category","embeddable":true,"href":"https:\/\/www.europesays.com\/de\/wp-json\/wp\/v2\/categories?post=1159880"},{"taxonomy":"post_tag","embeddable":true,"href":"https:\/\/www.europesays.com\/de\/wp-json\/wp\/v2\/tags?post=1159880"}],"curies":[{"name":"wp","href":"https:\/\/api.w.org\/{rel}","templated":true}]}}