{"id":1159981,"date":"2026-07-11T21:39:39","date_gmt":"2026-07-11T21:39:39","guid":{"rendered":"https:\/\/www.europesays.com\/de\/1159981\/"},"modified":"2026-07-11T21:39:39","modified_gmt":"2026-07-11T21:39:39","slug":"29-jaehriger-hielt-frau-ueber-nacht-fest-geiselnahme-in-berliner-supermarkt-beendet-taeter-ist-polizeibekannt","status":"publish","type":"post","link":"https:\/\/www.europesays.com\/de\/1159981\/","title":{"rendered":"29-J\u00e4hriger hielt Frau \u00fcber Nacht fest: Geiselnahme in Berliner Supermarkt beendet \u2013 T\u00e4ter ist polizeibekannt"},"content":{"rendered":"<p class=\"tspA1jc tspA1jd\">Nach einem stundenlangen Nervenkrieg ist die Geiselnahme in einem Supermarkt im S\u00fcden Berlins beendet worden. \u201eDer T\u00e4ter ist \u00fcberw\u00e4ltigt und die Geisel befreit\u201c, sagte Polizeisprecher Florian Nath der Deutschen Presse-Agentur. Laut Polizeiangaben erfolgte der Zugriff am Sonnabend gegen 9.20 Uhr \u2013 ohne den Einsatz von Schusswaffen.<\/p>\n<p class=\"tspA1jc\">Der Kassiererin, die stundenlang in Geiselhaft ausharren musste, gehe es den Umst\u00e4nden entsprechend gut, sagte ein Sprecher der Staatsanwaltschaft dem Tagesspiegel am Abend. Der 29 Jahre alte T\u00e4ter solle noch am Sonnabend verh\u00f6rt und am Sonntag einem Haftrichter vorgef\u00fchrt werden. Er sei polizeibekannt \u2013 aufgrund welcher Vergehen, konnte der Sprecher nicht sagen.<\/p>\n<p><img decoding=\"async\" src=\"https:\/\/www.europesays.com\/de\/wp-content\/uploads\/2026\/07\/1783805979_758_geiselnahme-in-berliner-supermarkt.jpeg\"   alt=\"11.07.2026, Berlin: Polizisten stehen in der N\u00e4he von einem Supermarkt. In dem Supermarkt im S\u00fcden Berlins h\u00e4lt ein Mann seit dem sp\u00e4ten Freitagabend (10.07.2026) eine Frau als Geisel. Foto: Carsten Koall\/dpa +++ dpa-Bildfunk +++\" aria-labelledby=\"caption-15830224\" width=\"440\" height=\"330\" loading=\"lazy\" class=\"tspA3jg\"\/> Polizei und Feuerwehr waren in der N\u00e4he des Supermarkts an der Hildburghauser Stra\u00dfe in Berlin-Marienfelde im Einsatz. <\/p>\n<p class=\"tspAHgz\"> \u00a9 dpa\/Carsten Koall <\/p>\n<p class=\"tspA1jc\">Der T\u00e4ter hatte die Frau am Freitagabend kurz nach 22 Uhr in dem Rewe-Markt im Stadtteil Marienfelde in seine Gewalt gebracht und bedroht. Das hatte Polizeisprecher Stefan Petersen-Sch\u00fcmann bereits am Morgen erkl\u00e4rt.<\/p>\n<p class=\"tspA1jc\">\u201eWir sind in Kontakt mit dem Mann\u201c, hatte er am Samstagmorgen gegen 08.30 Uhr geschildert. Mit Kr\u00e4ften des Spezialeinsatzkommandos (SEK) sowie Beamten, die f\u00fcr solche Vorf\u00e4lle entsprechend geschult seien, war die Polizei vor Ort. Der Supermarkt liegt in der Hildburghauser Stra\u00dfe, an der Ecke zum Tirschenreuther Ring.<\/p>\n<p> Geiselnehmer mit Taser \u00fcberw\u00e4ltigt <\/p>\n<p class=\"tspA1jc\">\u201eSpezialeinsatzkr\u00e4fte haben den T\u00e4ter \u00fcberw\u00e4ltigen und die festgehaltene Frau befreien k\u00f6nnen\u201c, sagte Polizeisprecher Florian Nath. Dabei sei ein Taser eingesetzt worden. Solche Ger\u00e4te sollen Menschen durch elektrische Impulse kurzzeitig bewegungsunf\u00e4hig machen.<\/p>\n<p class=\"tspA1jc\">Bei dem Zugriff wurde der mutma\u00dfliche Geiselnehmer leicht verletzt. Er wurde nach Polizeiangaben in ein Krankenhaus gebracht. Auch die befreite Frau, die mehr als elf Stunden gefangen gehalten worden war, kam in ein Krankenhaus. Demnach stand sie unter Schock.<\/p>\n<p class=\"tspATiq\">Empfohlener redaktioneller Inhalt<\/p>\n<p> An dieser Stelle finden Sie einen von unseren Redakteuren ausgew\u00e4hlten, externen Inhalt, der den Artikel f\u00fcr Sie mit zus\u00e4tzlichen Informationen anreichert. Sie k\u00f6nnen sich hier den externen Inhalt mit einem Klick anzeigen lassen oder wieder ausblenden. <\/p>\n<p> Externen Inhalt anzeigen <\/p>\n<p class=\"tspATiw\"> Ich bin damit einverstanden, dass mir der externe Inhalt angezeigt wird. Damit k\u00f6nnen personenbezogene Daten an Drittplattformen \u00fcbermittelt werden.  Mehr Informationen dazu erhalten Sie in den Datenschutz-Einstellungen. Diese finden Sie ganz unten auf unserer Seite im Footer, sodass Sie Ihre Einstellungen jederzeit verwalten oder widerrufen k\u00f6nnen. <\/p>\n<p class=\"tspA1jc\">Nach ersten Erkenntnissen standen der Mann und die Geisel vor der Tat in keiner Beziehung zueinander. Der Mann habe verschiedene Forderungen gestellt, sagte der Polizeisprecher. Diese seien impulsiv und schwer nachvollziehbar gewesen und h\u00e4tten \u201enicht auf einen akribisch geplanten Tatplan\u201c hingedeutet. Bei dem Verh\u00f6r am Sonnabend gehe es auch darum, mehr Klarheit hinsichtlich der Forderungen zu schaffen, sagte der Sprecher der Staatsanwaltschaft.<\/p>\n<p> Mitarbeiter: \u201eSie war am falschen Ort zum falschen Zeitpunkt\u201c <\/p>\n<p class=\"tspA1jc\">\u201eIch bin geschockt\u201c, sagte ein 22-j\u00e4hriger Mitarbeiter vor Journalisten nach der fast zw\u00f6lf Stunden andauernden Geiselnahme. Seinen Angaben zufolge stand der Supermarkt am Freitagabend kurz vor der Schlie\u00dfung. Er habe die \u00fcbrigen Kunden hinausschicken wollen, als ein Mann ein Messer gezogen habe. \u201eDas Messer war schon sehr gro\u00df\u201c, berichtete er.<\/p>\n<p class=\"tspA1jc\">Er arbeite als Minijobber in der Filiale. \u201eIch habe nicht viel gesehen, es ist alles sehr schnell passiert. Man konnte auch nicht viel erkennen.\u201c Das \u201efunkelnde Messer\u201c habe er aber gesehen. Er sei dann mit einer anderen Mitarbeiterin hinausgelaufen und habe die Polizei gerufen.<\/p>\n<p class=\"tspA1jc\">Bei der Frau, die sich ab etwa 22 Uhr in der Gewalt des Mannes befand, handelt es sich nach Angaben des 22-J\u00e4hrigen um eine Mitarbeiterin. \u201eSie war einfach am falschen Ort zum falschen Zeitpunkt\u201c, sagte er.<\/p>\n<p class=\"tspA1jc\">Der Supermarkt blieb auch nach dem Ende des Einsatzes zun\u00e4chst gro\u00dfr\u00e4umig abgesperrt. Zahlreiche Polizeifahrzeuge, Rettungswagen und die Feuerwehr waren vor Ort. Am fr\u00fchen Samstagmorgen hatten die Beamten eine Leiter an das Geb\u00e4ude gestellt und sich so einen Blick in den Markt verschafft, wie ein dpa-Reporter beobachtete.<\/p>\n<p class=\"tspA1jc\">Hinter der Absperrung, mit Blick auf den Markt, hatten einige Angestellte des Supermarkts ausgeharrt. Sie hatten d\u00fcnne Stoffdecken umgelegt, die ihnen der Rettungsdienst bereitgestellt hatte.<\/p>\n<p>Lesen Sie mehr<a href=\"https:\/\/www.tagesspiegel.de\/gesellschaft\/panorama\/mann-ubergoss-sich-mit-brennbarer-flussigkeit-polizei-beendet-bedrohungslage-im-rathaus-von-lengerich-15746550.html?icid=topic-list_15829339___\" data-gtm-class=\"article-mzt-link\" data-hydrate-fingerprint=\"09740a54944caac75fd2c0c63fd5c5df\" data-hydrate-props=\"{&amp;escapedquot;element&amp;escapedquot;:{&amp;escapedquot;type&amp;escapedquot;:&amp;escapedquot;relatedContent&amp;escapedquot;,&amp;escapedquot;fieldMap&amp;escapedquot;:{},&amp;escapedquot;relation&amp;escapedquot;:{&amp;escapedquot;fields&amp;escapedquot;:{&amp;escapedquot;isPaid&amp;escapedquot;:null},&amp;escapedquot;href&amp;escapedquot;:&amp;escapedquot;\/gesellschaft\/panorama\/mann-ubergoss-sich-mit-brennbarer-flussigkeit-polizei-beendet-bedrohungslage-im-rathaus-von-lengerich-15746550.html&amp;escapedquot;,&amp;escapedquot;teaserTitle&amp;escapedquot;:{&amp;escapedquot;kicker&amp;escapedquot;:&amp;escapedquot;\u201eMann \u00fcbergoss sich mit brennbarer Fl\u00fcssigkeit\u201c&amp;escapedquot;,&amp;escapedquot;headline&amp;escapedquot;:&amp;escapedquot;Polizei beendet Bedrohungslage im Rathaus von Lengerich&amp;escapedquot;},&amp;escapedquot;id&amp;escapedquot;:&amp;escapedquot;15746550&amp;escapedquot;,&amp;escapedquot;type&amp;escapedquot;:&amp;escapedquot;story&amp;escapedquot;},&amp;escapedquot;isPartOfList&amp;escapedquot;:true,&amp;escapedquot;topicListType&amp;escapedquot;:&amp;escapedquot;topic-list&amp;escapedquot;},&amp;escapedquot;showArrow&amp;escapedquot;:true}\" data-hydrate-slots=\"{&#039;default&#039;:[]}\" class=\"tspDBrt tspDEr6\" rel=\"nofollow noopener\" target=\"_blank\">\u201eMann \u00fcbergoss sich mit brennbarer Fl\u00fcssigkeit\u201c Polizei beendet Bedrohungslage im Rathaus von Lengerich <\/a><a href=\"https:\/\/www.tagesspiegel.de\/berlin\/polizei-findet-gefesselte-mitarbeiter-raububerfall-auf-supermarkt-in-berlin-marienfelde-15776119.html?icid=topic-list_15829339___\" data-gtm-class=\"article-mzt-link\" data-hydrate-fingerprint=\"09740a54944caac75fd2c0c63fd5c5df\" data-hydrate-props=\"{&amp;escapedquot;element&amp;escapedquot;:{&amp;escapedquot;type&amp;escapedquot;:&amp;escapedquot;relatedContent&amp;escapedquot;,&amp;escapedquot;fieldMap&amp;escapedquot;:{},&amp;escapedquot;relation&amp;escapedquot;:{&amp;escapedquot;fields&amp;escapedquot;:{&amp;escapedquot;isPaid&amp;escapedquot;:null},&amp;escapedquot;href&amp;escapedquot;:&amp;escapedquot;\/berlin\/polizei-findet-gefesselte-mitarbeiter-raububerfall-auf-supermarkt-in-berlin-marienfelde-15776119.html&amp;escapedquot;,&amp;escapedquot;teaserTitle&amp;escapedquot;:{&amp;escapedquot;kicker&amp;escapedquot;:&amp;escapedquot;Polizei findet gefesselte Mitarbeiter&amp;escapedquot;,&amp;escapedquot;headline&amp;escapedquot;:&amp;escapedquot;Raub\u00fcberfall auf Supermarkt in Berlin-Marienfelde&amp;escapedquot;},&amp;escapedquot;id&amp;escapedquot;:&amp;escapedquot;15776119&amp;escapedquot;,&amp;escapedquot;type&amp;escapedquot;:&amp;escapedquot;story&amp;escapedquot;},&amp;escapedquot;isPartOfList&amp;escapedquot;:true,&amp;escapedquot;topicListType&amp;escapedquot;:&amp;escapedquot;topic-list&amp;escapedquot;},&amp;escapedquot;showArrow&amp;escapedquot;:true}\" data-hydrate-slots=\"{&#039;default&#039;:[]}\" class=\"tspDBrt tspDEr6\" rel=\"nofollow noopener\" target=\"_blank\">Polizei findet gefesselte Mitarbeiter Raub\u00fcberfall auf Supermarkt in Berlin-Marienfelde <\/a><a href=\"https:\/\/www.tagesspiegel.de\/gesellschaft\/diese-berliner-leben-jetzt-in-brandenburg-warum-haben-wir-das-nicht-schon-viel-fruher-gemacht-15744394.html?icid=topic-list_15829339___\" data-gtm-class=\"article-mzt-link\" data-hydrate-fingerprint=\"09740a54944caac75fd2c0c63fd5c5df\" data-hydrate-props=\"{&amp;escapedquot;element&amp;escapedquot;:{&amp;escapedquot;type&amp;escapedquot;:&amp;escapedquot;relatedContent&amp;escapedquot;,&amp;escapedquot;fieldMap&amp;escapedquot;:{},&amp;escapedquot;relation&amp;escapedquot;:{&amp;escapedquot;fields&amp;escapedquot;:{&amp;escapedquot;isPaid&amp;escapedquot;:true},&amp;escapedquot;href&amp;escapedquot;:&amp;escapedquot;\/gesellschaft\/diese-berliner-leben-jetzt-in-brandenburg-warum-haben-wir-das-nicht-schon-viel-fruher-gemacht-15744394.html&amp;escapedquot;,&amp;escapedquot;teaserTitle&amp;escapedquot;:{&amp;escapedquot;kicker&amp;escapedquot;:&amp;escapedquot;Diese Berliner leben jetzt in Brandenburg&amp;escapedquot;,&amp;escapedquot;headline&amp;escapedquot;:&amp;escapedquot;\u201eIch bin froh, Berlin verlassen zu haben\u201c&amp;escapedquot;},&amp;escapedquot;id&amp;escapedquot;:&amp;escapedquot;15744394&amp;escapedquot;,&amp;escapedquot;type&amp;escapedquot;:&amp;escapedquot;story&amp;escapedquot;},&amp;escapedquot;isPartOfList&amp;escapedquot;:true,&amp;escapedquot;topicListType&amp;escapedquot;:&amp;escapedquot;topic-list&amp;escapedquot;},&amp;escapedquot;showArrow&amp;escapedquot;:true}\" data-hydrate-slots=\"{&#039;default&#039;:[]}\" class=\"tspDBrt tspDEr6\" rel=\"nofollow noopener\" target=\"_blank\">Diese Berliner leben jetzt in Brandenburg \u201eIch bin froh, Berlin verlassen zu haben\u201c <\/a><\/p>\n<p class=\"tspA1jc\">Neben dem Supermarkt befindet sich eine Tankstelle. Die Hildburghauser Stra\u00dfe war w\u00e4hrend des Einsatzes in unmittelbarer N\u00e4he des Supermarkts in beide Richtungen gesperrt.<\/p>\n<p class=\"tspA1jc\">Marienfelde liegt im Bezirk Tempelhof-Sch\u00f6neberg am s\u00fcdlichen Rand der Hauptstadt. Es ist eine ruhige Wohngegend, gepr\u00e4gt von Einfamilienh\u00e4usern und mehrst\u00f6ckigen Wohnbauten. In der Gegend befinden sich mehrere Schulen und Kindertagesst\u00e4tten. (mit dpa)<\/p>\n","protected":false},"excerpt":{"rendered":"Nach einem stundenlangen Nervenkrieg ist die Geiselnahme in einem Supermarkt im S\u00fcden Berlins beendet worden. \u201eDer T\u00e4ter ist&hellip;\n","protected":false},"author":2,"featured_media":1159982,"comment_status":"","ping_status":"","sticky":false,"template":"","format":"standard","meta":{"footnotes":"","_share_on_mastodon":"0"},"categories":[1825],"tags":[296,29,30,11586,966],"class_list":["post-1159981","post","type-post","status-publish","format-standard","has-post-thumbnail","category-berlin","tag-berlin","tag-deutschland","tag-germany","tag-marienfelde","tag-schule"],"share_on_mastodon":{"url":"https:\/\/pubeurope.com\/@de\/116903514825441996","error":""},"_links":{"self":[{"href":"https:\/\/www.europesays.com\/de\/wp-json\/wp\/v2\/posts\/1159981","targetHints":{"allow":["GET"]}}],"collection":[{"href":"https:\/\/www.europesays.com\/de\/wp-json\/wp\/v2\/posts"}],"about":[{"href":"https:\/\/www.europesays.com\/de\/wp-json\/wp\/v2\/types\/post"}],"author":[{"embeddable":true,"href":"https:\/\/www.europesays.com\/de\/wp-json\/wp\/v2\/users\/2"}],"replies":[{"embeddable":true,"href":"https:\/\/www.europesays.com\/de\/wp-json\/wp\/v2\/comments?post=1159981"}],"version-history":[{"count":0,"href":"https:\/\/www.europesays.com\/de\/wp-json\/wp\/v2\/posts\/1159981\/revisions"}],"wp:featuredmedia":[{"embeddable":true,"href":"https:\/\/www.europesays.com\/de\/wp-json\/wp\/v2\/media\/1159982"}],"wp:attachment":[{"href":"https:\/\/www.europesays.com\/de\/wp-json\/wp\/v2\/media?parent=1159981"}],"wp:term":[{"taxonomy":"category","embeddable":true,"href":"https:\/\/www.europesays.com\/de\/wp-json\/wp\/v2\/categories?post=1159981"},{"taxonomy":"post_tag","embeddable":true,"href":"https:\/\/www.europesays.com\/de\/wp-json\/wp\/v2\/tags?post=1159981"}],"curies":[{"name":"wp","href":"https:\/\/api.w.org\/{rel}","templated":true}]}}