{"id":1159997,"date":"2026-07-11T21:51:39","date_gmt":"2026-07-11T21:51:39","guid":{"rendered":"https:\/\/www.europesays.com\/de\/1159997\/"},"modified":"2026-07-11T21:51:39","modified_gmt":"2026-07-11T21:51:39","slug":"u19-em-finale-dfb-junioren-verlieren-in-wrexham-gegen-spanien","status":"publish","type":"post","link":"https:\/\/www.europesays.com\/de\/1159997\/","title":{"rendered":"U19-EM-Finale: DFB-Junioren verlieren in Wrexham gegen Spanien"},"content":{"rendered":"<p class=\"MuiTypography-root MuiTypography-body1 mui-1foiij2\">ran Fu\u00dfball<\/p>\n<p class=\"MuiTypography-root MuiTypography-body1 mui-1agghpn\">U19-EM-Highlights: Deutschland kann&#8217;s noch! DFB zieht ins Finale ein<\/p>\n<p class=\"MuiTypography-root MuiTypography-body1 mui-nx3t7m\">Videoclip \u2022 04:41 Min<\/p>\n<p class=\"MuiTypography-root MuiTypography-body1 mui-1qsr6u5\" data-testid=\"intro-paragraph\">Die deutsche U19-Nationalmannschaft hat bei der EM 2026 den Titel verpasst. Das Team von Bundestrainer Christian W\u00f6rns unterlag im Finale den Talenten aus Spanien.<\/p>\n<p class=\"MuiTypography-root MuiTypography-body1 mui-1pymq60\" data-testid=\"paragraph\">F\u00fcr die deutschen U19-Fu\u00dfballer ist der Traum vom EM-Titel trotz einer couragierten Leistung im <a class=\"MuiTypography-root MuiTypography-inherit MuiLink-root MuiLink-underlineAlways mui-1bbqssm\" tabindex=\"0\" href=\"https:\/\/ran.joyn.de\/sports\/fussball\/wm\/wm2026-alle-infos-zum-grossen-finale-der-weltmeisterschaft-in-new-york-140616\" rel=\"nofollow noopener\" target=\"_blank\">Finale<\/a> geplatzt.<\/p>\n<p class=\"MuiTypography-root MuiTypography-body1 mui-1pymq60\" data-testid=\"paragraph\">Das Team von Trainer Christian W\u00f6rns unterlag dem Rekordsieger <a class=\"MuiTypography-root MuiTypography-inherit MuiLink-root MuiLink-underlineAlways mui-1bbqssm\" tabindex=\"0\" href=\"https:\/\/ran.joyn.de\/sports\/teams\/te1758-spanien\" rel=\"nofollow noopener\" target=\"_blank\">Spanien<\/a> im walisischen Wrexham 0:2 (0:1). F\u00fcr die Iberer, die in ihren f\u00fcnf EM-Spielen auf 19:0 Tore kamen, war es schon der zehnte Titel im U19-Bereich.<\/p>\n<p class=\"MuiTypography-root MuiTypography-body1 mui-1pymq60\" data-testid=\"paragraph\">&#8222;Wir d\u00fcrfen nach der Pause nicht direkt das 0:2 nach einer Standardsituation kassieren. Insgesamt haben wir zwei, drei Konter zu schlampig ausgespielt&#8220;, sagte W\u00f6rns bei RTL. Kapit\u00e4n Francis Onyeka f\u00fcgte an: &#8222;Die Entt\u00e4uschung ist nat\u00fcrlich gro\u00df. Wir haben das Spiel in der ersten Halbzeit verloren, wir haben unsere Chancen nicht genutzt.&#8220;<\/p>\n<p class=\"MuiTypography-root MuiTypography-body1 mui-1pymq60\" data-testid=\"paragraph\">Das <a class=\"MuiTypography-root MuiTypography-inherit MuiLink-root MuiLink-underlineAlways mui-1bbqssm\" tabindex=\"0\" href=\"https:\/\/ran.joyn.de\/sports\/fussball\/dfb-team-die-deutsche-fussball-nationalmannschaft\" rel=\"nofollow noopener\" target=\"_blank\">DFB-Team<\/a> zog sich gegen den Favoriten anders als beim 0:4 in der Gruppenphase lange Zeit achtbar aus der Aff\u00e4re.<\/p>\n<p>Die n\u00e4chsten Sport\u00fcbertragungen auf Joyn:<\/p>\n<ul class=\"MuiBox-root mui-1xju5wg\" id=\"_R_4l9fav5ubsnpfd7fdb_\">\n<li class=\"mui-rsnbhl\"\/>\n<li class=\"mui-rsnbhl\"\/>\n<li class=\"mui-rsnbhl\"\/>\n<li hidden=\"\" aria-hidden=\"true\" class=\"mui-rsnbhl\"><img decoding=\"async\" src=\"https:\/\/www.europesays.com\/de\/wp-content\/uploads\/2026\/07\/{\"width\":5439,\"rect\":{\"x\":0,\"y\":559,\"width\":5439,\"height\":3059}}.webp\"   width=\"5439\" height=\"3059\" alt=\"\" class=\"mui-n608sm\" loading=\"lazy\" fetchpriority=\"auto\"\/>\n<p class=\"MuiTypography-root MuiTypography-body1 mui-1xrky36\">Sonntag, 12.07. 10:20 \u2022 Motorsport<\/p>\n<p>MotoGP &#8211; der Deutschland-GP liveVerf\u00fcgbar auf Joyn<\/p>\n<p class=\"MuiTypography-root MuiTypography-body1 mui-1ybzvdw\">310 Min<\/p>\n<p>Aktionsmen\u00fc \u00f6ffnen<img decoding=\"async\" src=\"https:\/\/www.europesays.com\/de\/wp-content\/uploads\/2026\/07\/{\"width\":5439,\"rect\":{\"x\":0,\"y\":559,\"width\":5439,\"height\":3059}}.webp\"   width=\"5439\" height=\"3059\" alt=\"\" class=\"mui-n608sm\" loading=\"lazy\" fetchpriority=\"auto\"\/><\/p>\n<p class=\"MuiTypography-root MuiTypography-body1 mui-1xrky36\">Sonntag, 12.07. 10:20 \u2022 Motorsport<\/p>\n<p>MotoGP &#8211; der Deutschland-GP liveVerf\u00fcgbar auf Joyn<\/p>\n<p class=\"MuiTypography-root MuiTypography-body1 mui-1ybzvdw\">310 Min<\/p>\n<\/li>\n<li hidden=\"\" aria-hidden=\"true\" class=\"mui-rsnbhl\"><img decoding=\"async\" src=\"https:\/\/www.europesays.com\/de\/wp-content\/uploads\/2026\/07\/{\"width\":4000,\"rect\":{\"x\":0,\"y\":237,\"width\":4000,\"height\":2250}}.webp\"   width=\"4000\" height=\"2250\" alt=\"\" class=\"mui-n608sm\" loading=\"lazy\" fetchpriority=\"auto\"\/>\n<p class=\"MuiTypography-root MuiTypography-body1 mui-1xrky36\">Sonntag, 12.07. 11:00 \u2022 Fussball<\/p>\n<p>Sport1 Doppelpass zur WM in USA, Kanada und MexikoVerf\u00fcgbar auf Joyn<\/p>\n<p class=\"MuiTypography-root MuiTypography-body1 mui-1ybzvdw\">150 Min<\/p>\n<p>Aktionsmen\u00fc \u00f6ffnen<img decoding=\"async\" src=\"https:\/\/www.europesays.com\/de\/wp-content\/uploads\/2026\/07\/{\"width\":4000,\"rect\":{\"x\":0,\"y\":237,\"width\":4000,\"height\":2250}}.webp\"   width=\"4000\" height=\"2250\" alt=\"\" class=\"mui-n608sm\" loading=\"lazy\" fetchpriority=\"auto\"\/><\/p>\n<p class=\"MuiTypography-root MuiTypography-body1 mui-1xrky36\">Sonntag, 12.07. 11:00 \u2022 Fussball<\/p>\n<p>Sport1 Doppelpass zur WM in USA, Kanada und MexikoVerf\u00fcgbar auf Joyn<\/p>\n<p class=\"MuiTypography-root MuiTypography-body1 mui-1ybzvdw\">150 Min<\/p>\n<\/li>\n<li hidden=\"\" aria-hidden=\"true\" class=\"mui-rsnbhl\"><img decoding=\"async\" src=\"https:\/\/www.europesays.com\/de\/wp-content\/uploads\/2026\/07\/1783806658_114_{\"width\":6000,\"rect\":{\"x\":0,\"y\":626,\"width\":6000,\"height\":3374}}.webp\"   width=\"6000\" height=\"3374\" alt=\"\" class=\"mui-n608sm\" loading=\"lazy\" fetchpriority=\"auto\"\/>\n<p class=\"MuiTypography-root MuiTypography-body1 mui-1xrky36\">Sonntag, 12.07. 13:15 \u2022 Radsport<\/p>\n<p>Tour de France im Livestream: 8. EtappeVerf\u00fcgbar auf Joyn<\/p>\n<p class=\"MuiTypography-root MuiTypography-body1 mui-1ybzvdw\">285 Min<\/p>\n<p>Aktionsmen\u00fc \u00f6ffnen<img decoding=\"async\" src=\"https:\/\/www.europesays.com\/de\/wp-content\/uploads\/2026\/07\/1783806658_114_{\"width\":6000,\"rect\":{\"x\":0,\"y\":626,\"width\":6000,\"height\":3374}}.webp\"   width=\"6000\" height=\"3374\" alt=\"\" class=\"mui-n608sm\" loading=\"lazy\" fetchpriority=\"auto\"\/><\/p>\n<p class=\"MuiTypography-root MuiTypography-body1 mui-1xrky36\">Sonntag, 12.07. 13:15 \u2022 Radsport<\/p>\n<p>Tour de France im Livestream: 8. EtappeVerf\u00fcgbar auf Joyn<\/p>\n<p class=\"MuiTypography-root MuiTypography-body1 mui-1ybzvdw\">285 Min<\/p>\n<\/li>\n<li hidden=\"\" aria-hidden=\"true\" class=\"mui-rsnbhl\"><img decoding=\"async\" src=\"https:\/\/www.europesays.com\/de\/wp-content\/uploads\/2026\/07\/{\"width\":4488,\"rect\":{\"x\":0,\"y\":468,\"width\":4488,\"height\":2524}}.webp\"   width=\"4488\" height=\"2524\" alt=\"\" class=\"mui-n608sm\" loading=\"lazy\" fetchpriority=\"auto\"\/>\n<p class=\"MuiTypography-root MuiTypography-body1 mui-1xrky36\">Sonntag, 12.07. 14:15 \u2022 Motorsport<\/p>\n<p>GT Masters: N\u00fcrburgring, Rennen 2 im LivestreamVerf\u00fcgbar auf Joyn<\/p>\n<p class=\"MuiTypography-root MuiTypography-body1 mui-1ybzvdw\">85 Min<\/p>\n<p>Aktionsmen\u00fc \u00f6ffnen<img decoding=\"async\" src=\"https:\/\/www.europesays.com\/de\/wp-content\/uploads\/2026\/07\/{\"width\":4488,\"rect\":{\"x\":0,\"y\":468,\"width\":4488,\"height\":2524}}.webp\"   width=\"4488\" height=\"2524\" alt=\"\" class=\"mui-n608sm\" loading=\"lazy\" fetchpriority=\"auto\"\/><\/p>\n<p class=\"MuiTypography-root MuiTypography-body1 mui-1xrky36\">Sonntag, 12.07. 14:15 \u2022 Motorsport<\/p>\n<p>GT Masters: N\u00fcrburgring, Rennen 2 im LivestreamVerf\u00fcgbar auf Joyn<\/p>\n<p class=\"MuiTypography-root MuiTypography-body1 mui-1ybzvdw\">85 Min<\/p>\n<\/li>\n<li hidden=\"\" aria-hidden=\"true\" class=\"mui-rsnbhl\"><img decoding=\"async\" src=\"https:\/\/www.europesays.com\/de\/wp-content\/uploads\/2026\/05\/{\"width\":2048,\"rect\":{\"x\":0,\"y\":0,\"width\":2048,\"height\":1152}}.webp\"   width=\"2048\" height=\"1152\" alt=\"\" class=\"mui-n608sm\" loading=\"lazy\" fetchpriority=\"auto\"\/>\n<p class=\"MuiTypography-root MuiTypography-body1 mui-1xrky36\">Mittwoch, 15.07. 22:15 \u2022 WWE<\/p>\n<p>WWE RAW im StreamVerf\u00fcgbar auf Joyn<\/p>\n<p class=\"MuiTypography-root MuiTypography-body1 mui-1ybzvdw\">150 Min<\/p>\n<p>Aktionsmen\u00fc \u00f6ffnen<img decoding=\"async\" src=\"https:\/\/www.europesays.com\/de\/wp-content\/uploads\/2026\/05\/{\"width\":2048,\"rect\":{\"x\":0,\"y\":0,\"width\":2048,\"height\":1152}}.webp\"   width=\"2048\" height=\"1152\" alt=\"\" class=\"mui-n608sm\" loading=\"lazy\" fetchpriority=\"auto\"\/><\/p>\n<p class=\"MuiTypography-root MuiTypography-body1 mui-1xrky36\">Mittwoch, 15.07. 22:15 \u2022 WWE<\/p>\n<p>WWE RAW im StreamVerf\u00fcgbar auf Joyn<\/p>\n<p class=\"MuiTypography-root MuiTypography-body1 mui-1ybzvdw\">150 Min<\/p>\n<\/li>\n<li hidden=\"\" aria-hidden=\"true\" class=\"mui-rsnbhl\"><img decoding=\"async\" src=\"https:\/\/www.europesays.com\/de\/wp-content\/uploads\/2026\/05\/1779271470_632_{\"width\":2048,\"rect\":{\"x\":0,\"y\":0,\"width\":2048,\"height\":1152}}.webp\"   width=\"2048\" height=\"1152\" alt=\"\" class=\"mui-n608sm\" loading=\"lazy\" fetchpriority=\"auto\"\/>\n<p class=\"MuiTypography-root MuiTypography-body1 mui-1xrky36\">Donnerstag, 16.07. 22:00 \u2022 WWE<\/p>\n<p>WWE NXT im StreamVerf\u00fcgbar auf Joyn<\/p>\n<p class=\"MuiTypography-root MuiTypography-body1 mui-1ybzvdw\">100 Min<\/p>\n<p>Aktionsmen\u00fc \u00f6ffnen<img decoding=\"async\" src=\"https:\/\/www.europesays.com\/de\/wp-content\/uploads\/2026\/05\/1779271470_632_{\"width\":2048,\"rect\":{\"x\":0,\"y\":0,\"width\":2048,\"height\":1152}}.webp\"   width=\"2048\" height=\"1152\" alt=\"\" class=\"mui-n608sm\" loading=\"lazy\" fetchpriority=\"auto\"\/><\/p>\n<p class=\"MuiTypography-root MuiTypography-body1 mui-1xrky36\">Donnerstag, 16.07. 22:00 \u2022 WWE<\/p>\n<p>WWE NXT im StreamVerf\u00fcgbar auf Joyn<\/p>\n<p class=\"MuiTypography-root MuiTypography-body1 mui-1ybzvdw\">100 Min<\/p>\n<\/li>\n<li hidden=\"\" aria-hidden=\"true\" class=\"mui-rsnbhl\"><img decoding=\"async\" src=\"https:\/\/www.europesays.com\/de\/wp-content\/uploads\/2026\/07\/{\"width\":6000,\"rect\":{\"x\":0,\"y\":625,\"width\":6000,\"height\":3375}}.webp\"   width=\"6000\" height=\"3375\" alt=\"\" class=\"mui-n608sm\" loading=\"lazy\" fetchpriority=\"auto\"\/>\n<p class=\"MuiTypography-root MuiTypography-body1 mui-1xrky36\">Samstag, 18.07. 08:50 \u2022 Rugby<\/p>\n<p>Nations Championship: Neuseeland &#8211; Irland im LivestreamVerf\u00fcgbar auf Joyn<\/p>\n<p class=\"MuiTypography-root MuiTypography-body1 mui-1ybzvdw\">140 Min<\/p>\n<p>Aktionsmen\u00fc \u00f6ffnen<img decoding=\"async\" src=\"https:\/\/www.europesays.com\/de\/wp-content\/uploads\/2026\/07\/{\"width\":6000,\"rect\":{\"x\":0,\"y\":625,\"width\":6000,\"height\":3375}}.webp\"   width=\"6000\" height=\"3375\" alt=\"\" class=\"mui-n608sm\" loading=\"lazy\" fetchpriority=\"auto\"\/><\/p>\n<p class=\"MuiTypography-root MuiTypography-body1 mui-1xrky36\">Samstag, 18.07. 08:50 \u2022 Rugby<\/p>\n<p>Nations Championship: Neuseeland &#8211; Irland im LivestreamVerf\u00fcgbar auf Joyn<\/p>\n<p class=\"MuiTypography-root MuiTypography-body1 mui-1ybzvdw\">140 Min<\/p>\n<\/li>\n<li hidden=\"\" aria-hidden=\"true\" class=\"mui-rsnbhl\"><img decoding=\"async\" src=\"https:\/\/www.europesays.com\/de\/wp-content\/uploads\/2026\/07\/{\"width\":3843,\"rect\":{\"x\":0,\"y\":0,\"width\":3843,\"height\":2162}}.webp\"   width=\"3843\" height=\"2162\" alt=\"\" class=\"mui-n608sm\" loading=\"lazy\" fetchpriority=\"auto\"\/>\n<p class=\"MuiTypography-root MuiTypography-body1 mui-1xrky36\">Samstag, 18.07. 10:30 \u2022 Rugby<\/p>\n<p>Nations Championship: Japan &#8211; Frankreich im LivestreamVerf\u00fcgbar auf Joyn<\/p>\n<p class=\"MuiTypography-root MuiTypography-body1 mui-1ybzvdw\">140 Min<\/p>\n<p>Aktionsmen\u00fc \u00f6ffnen<img decoding=\"async\" src=\"https:\/\/www.europesays.com\/de\/wp-content\/uploads\/2026\/07\/{\"width\":3843,\"rect\":{\"x\":0,\"y\":0,\"width\":3843,\"height\":2162}}.webp\"   width=\"3843\" height=\"2162\" alt=\"\" class=\"mui-n608sm\" loading=\"lazy\" fetchpriority=\"auto\"\/><\/p>\n<p class=\"MuiTypography-root MuiTypography-body1 mui-1xrky36\">Samstag, 18.07. 10:30 \u2022 Rugby<\/p>\n<p>Nations Championship: Japan &#8211; Frankreich im LivestreamVerf\u00fcgbar auf Joyn<\/p>\n<p class=\"MuiTypography-root MuiTypography-body1 mui-1ybzvdw\">140 Min<\/p>\n<\/li>\n<li hidden=\"\" aria-hidden=\"true\" class=\"mui-rsnbhl\"><img decoding=\"async\" src=\"https:\/\/www.europesays.com\/de\/wp-content\/uploads\/2026\/07\/1783806699_732_{\"width\":5500,\"rect\":{\"x\":0,\"y\":287,\"width\":5500,\"height\":3094}}.webp\"   width=\"5500\" height=\"3094\" alt=\"\" class=\"mui-n608sm\" loading=\"lazy\" fetchpriority=\"auto\"\/>\n<p class=\"MuiTypography-root MuiTypography-body1 mui-1xrky36\">Samstag, 18.07. 11:50 \u2022 Rugby<\/p>\n<p>Nations Championship: Australien &#8211; Italien im LivestreamVerf\u00fcgbar auf Joyn<\/p>\n<p class=\"MuiTypography-root MuiTypography-body1 mui-1ybzvdw\">150 Min<\/p>\n<p>Aktionsmen\u00fc \u00f6ffnen<img decoding=\"async\" src=\"https:\/\/www.europesays.com\/de\/wp-content\/uploads\/2026\/07\/1783806699_732_{\"width\":5500,\"rect\":{\"x\":0,\"y\":287,\"width\":5500,\"height\":3094}}.webp\"   width=\"5500\" height=\"3094\" alt=\"\" class=\"mui-n608sm\" loading=\"lazy\" fetchpriority=\"auto\"\/><\/p>\n<p class=\"MuiTypography-root MuiTypography-body1 mui-1xrky36\">Samstag, 18.07. 11:50 \u2022 Rugby<\/p>\n<p>Nations Championship: Australien &#8211; Italien im LivestreamVerf\u00fcgbar auf Joyn<\/p>\n<p class=\"MuiTypography-root MuiTypography-body1 mui-1ybzvdw\">150 Min<\/p>\n<\/li>\n<\/ul>\n<p>Auch U19-Juniorinnen verloren im EM-Finale gegen Spanien<\/p>\n<p class=\"MuiTypography-root MuiTypography-body1 mui-1pymq60\" data-testid=\"paragraph\">Otto Stange vom <a class=\"MuiTypography-root MuiTypography-inherit MuiLink-root MuiLink-underlineAlways mui-1bbqssm\" tabindex=\"0\" href=\"https:\/\/ran.joyn.de\/sports\/teams\/te943-hamburger-sv\" rel=\"nofollow noopener\" target=\"_blank\">Hamburger SV<\/a> hatte sogar die Chance auf sein f\u00fcnftes Turniertor (30.), ehe Hugo Lopez kurz vor (44.) und Daniel Y\u00e1\u00f1ez kurz nach der Pause (48.) trafen.<\/p>\n<p class=\"MuiTypography-root MuiTypography-body1 mui-1pymq60\" data-testid=\"paragraph\">Eine deutsche U19 hatte zuletzt 2014 das EM-Finale erreicht, damals holte das Team mit <a class=\"MuiTypography-root MuiTypography-inherit MuiLink-root MuiLink-underlineAlways mui-1bbqssm\" tabindex=\"0\" href=\"https:\/\/ran.joyn.de\/sports\/spieler\/pe234281-joshua-kimmich\" rel=\"nofollow noopener\" target=\"_blank\">Joshua Kimmich<\/a>, Julian Brandt, Kapit\u00e4n Niklas Stark und Davie Selke den Titel &#8211; nur 18 Tage nach dem WM-Triumph von Rio. Nun durfte sich die Mannschaft um Kapit\u00e4n Francis Onyeka, der sich zur kommenden Saison dem Bundesliga-Neuling SV Elversberg per Leihe angeschlossen hat, zumindest mit der Qualifikation f\u00fcr die U20-WM 2027 tr\u00f6sten.<\/p>\n<p class=\"MuiTypography-root MuiTypography-body1 mui-1pymq60\" data-testid=\"paragraph\">Kurios: Nur einen Tag zuvor hatten auch die deutschen U19-Juniorinnen das EM-Finale verloren &#8211; ebenfalls gegen Spanien.<\/p>\n<p>Mehr News<\/p>\n","protected":false},"excerpt":{"rendered":"ran Fu\u00dfball U19-EM-Highlights: Deutschland kann&#8217;s noch! DFB zieht ins Finale ein Videoclip \u2022 04:41 Min Die deutsche U19-Nationalmannschaft&hellip;\n","protected":false},"author":2,"featured_media":1159998,"comment_status":"","ping_status":"","sticky":false,"template":"","format":"standard","meta":{"footnotes":"","_share_on_mastodon":"0"},"categories":[136],"tags":[29,11400,441,2665,30,1635,26590,4026,265,28335,243271],"class_list":["post-1159997","post","type-post","status-publish","format-standard","has-post-thumbnail","category-sport","tag-deutschland","tag-europameisterschaft","tag-fernsehen","tag-finale","tag-germany","tag-jugend","tag-sarajevo","tag-spanien","tag-sport","tag-u19","tag-wrexham"],"share_on_mastodon":{"url":"https:\/\/pubeurope.com\/@de\/116903564930950729","error":""},"_links":{"self":[{"href":"https:\/\/www.europesays.com\/de\/wp-json\/wp\/v2\/posts\/1159997","targetHints":{"allow":["GET"]}}],"collection":[{"href":"https:\/\/www.europesays.com\/de\/wp-json\/wp\/v2\/posts"}],"about":[{"href":"https:\/\/www.europesays.com\/de\/wp-json\/wp\/v2\/types\/post"}],"author":[{"embeddable":true,"href":"https:\/\/www.europesays.com\/de\/wp-json\/wp\/v2\/users\/2"}],"replies":[{"embeddable":true,"href":"https:\/\/www.europesays.com\/de\/wp-json\/wp\/v2\/comments?post=1159997"}],"version-history":[{"count":0,"href":"https:\/\/www.europesays.com\/de\/wp-json\/wp\/v2\/posts\/1159997\/revisions"}],"wp:featuredmedia":[{"embeddable":true,"href":"https:\/\/www.europesays.com\/de\/wp-json\/wp\/v2\/media\/1159998"}],"wp:attachment":[{"href":"https:\/\/www.europesays.com\/de\/wp-json\/wp\/v2\/media?parent=1159997"}],"wp:term":[{"taxonomy":"category","embeddable":true,"href":"https:\/\/www.europesays.com\/de\/wp-json\/wp\/v2\/categories?post=1159997"},{"taxonomy":"post_tag","embeddable":true,"href":"https:\/\/www.europesays.com\/de\/wp-json\/wp\/v2\/tags?post=1159997"}],"curies":[{"name":"wp","href":"https:\/\/api.w.org\/{rel}","templated":true}]}}